{"id":17775,"date":"2026-02-19T11:11:36","date_gmt":"2026-02-19T14:11:36","guid":{"rendered":"https:\/\/fatoelado.com\/?p=17775"},"modified":"2026-02-19T11:11:36","modified_gmt":"2026-02-19T14:11:36","slug":"periodo-de-defeso-semarh-realiza-maior-apreensao-de-caranguejos-uca-durante-operacao-no-litoral-do-piaui","status":"publish","type":"post","link":"https:\/\/fatoelado.com\/?p=17775","title":{"rendered":"Per\u00edodo de defeso: Semarh realiza maior apreens\u00e3o de caranguejos-u\u00e7\u00e1 durante opera\u00e7\u00e3o no litoral do Piau\u00ed"},"content":{"rendered":"<h2 class=\"elementor-heading-title elementor-size-default\" style=\"text-align: center;\">As apreens\u00f5es ocorreram tanto em pontos de venda quanto diretamente nas \u00e1reas de manguezal, onde a fiscaliza\u00e7\u00e3o foi intensificada.<\/h2>\n<p>&nbsp;<\/p>\n<p>A Secretaria de Estado do Meio Ambiente e Recursos H\u00eddricos (Semarh) realizou a maior apreens\u00e3o de caranguejo-u\u00e7\u00e1 j\u00e1 registrada no Piau\u00ed, durante o per\u00edodo de defeso. Nos dois primeiros dias da nova etapa, quase 900 esp\u00e9cimes foram retirados de pontos de comercializa\u00e7\u00e3o e de \u00e1reas de manguezal e devolvidos ao habitat natural. Para dimensionar o impacto, o volume apreendido equivale ao consumo di\u00e1rio de aproximadamente tr\u00eas a nove restaurantes, dependendo do porte e do movimento de cada estabelecimento.<\/p>\n<p>A a\u00e7\u00e3o integra a terceira etapa da Opera\u00e7\u00e3o Defeso do Caranguejo-u\u00e7\u00e1, realizada em parceria com a Delegacia de Meio Ambiente da Pol\u00edcia Civil do Piau\u00ed, em toda a extens\u00e3o do litoral piauiense. Somente no primeiro dia, foram apreendidos 60 indiv\u00edduos. J\u00e1 no segundo, o n\u00famero ultrapassou 800 unidades, consolidando a maior apreens\u00e3o de todos os tempos no Piau\u00ed.<\/p>\n<figure id=\"attachment_116805\" class=\"wp-caption alignnone\" aria-describedby=\"caption-attachment-116805\"><img loading=\"lazy\" decoding=\"async\" class=\"wp-image-116805 size-full\" src=\"https:\/\/www.pi.gov.br\/wp-content\/uploads\/2026\/02\/WhatsApp-Image-2026-02-19-at-09.29.13.jpeg\" sizes=\"auto, (max-width: 1280px) 100vw, 1280px\" srcset=\"https:\/\/www.pi.gov.br\/wp-content\/uploads\/2026\/02\/WhatsApp-Image-2026-02-19-at-09.29.13.jpeg 1280w, https:\/\/www.pi.gov.br\/wp-content\/uploads\/2026\/02\/WhatsApp-Image-2026-02-19-at-09.29.13-300x225.jpeg 300w, https:\/\/www.pi.gov.br\/wp-content\/uploads\/2026\/02\/WhatsApp-Image-2026-02-19-at-09.29.13-1024x768.jpeg 1024w, https:\/\/www.pi.gov.br\/wp-content\/uploads\/2026\/02\/WhatsApp-Image-2026-02-19-at-09.29.13-768x576.jpeg 768w\" alt=\"\" width=\"1280\" height=\"960\" \/><figcaption id=\"caption-attachment-116805\" class=\"wp-caption-text\">Foto: Ascom Semarh<\/figcaption><\/figure>\n<p>O objetivo da opera\u00e7\u00e3o \u00e9 coibir a captura, o transporte e a comercializa\u00e7\u00e3o da esp\u00e9cie durante o per\u00edodo reprodutivo, fase crucial para a manuten\u00e7\u00e3o do ciclo natural e do equil\u00edbrio dos ecossistemas de mangue. As apreens\u00f5es ocorreram tanto em pontos de venda quanto diretamente nas \u00e1reas de manguezal, onde a fiscaliza\u00e7\u00e3o foi intensificada.<\/p>\n<p>Segundo o auditor ambiental da Semarh, Eduardo Ganassoli, todos os animais foram devolvidos ao ambiente natural com crit\u00e9rios t\u00e9cnicos. \u201cForam soltos aqui na \u00e1rea de mangue do litoral, em v\u00e1rios pontos diferentes, justamente para evitar sobrecarga de indiv\u00edduos em um \u00fanico local e garantir o m\u00e1ximo de dispers\u00e3o poss\u00edvel. Nosso foco \u00e9 assegurar que esses caranguejos completem o ciclo reprodutivo\u201d, explicou.<\/p>\n<figure id=\"attachment_116806\" class=\"wp-caption alignnone\" aria-describedby=\"caption-attachment-116806\"><img loading=\"lazy\" decoding=\"async\" class=\"wp-image-116806 size-full\" src=\"https:\/\/www.pi.gov.br\/wp-content\/uploads\/2026\/02\/WhatsApp-Image-2026-02-19-at-09.29.43-scaled.jpeg\" sizes=\"auto, (max-width: 2560px) 100vw, 2560px\" srcset=\"https:\/\/www.pi.gov.br\/wp-content\/uploads\/2026\/02\/WhatsApp-Image-2026-02-19-at-09.29.43-scaled.jpeg 2560w, https:\/\/www.pi.gov.br\/wp-content\/uploads\/2026\/02\/WhatsApp-Image-2026-02-19-at-09.29.43-300x225.jpeg 300w, https:\/\/www.pi.gov.br\/wp-content\/uploads\/2026\/02\/WhatsApp-Image-2026-02-19-at-09.29.43-1024x768.jpeg 1024w, https:\/\/www.pi.gov.br\/wp-content\/uploads\/2026\/02\/WhatsApp-Image-2026-02-19-at-09.29.43-768x576.jpeg 768w, https:\/\/www.pi.gov.br\/wp-content\/uploads\/2026\/02\/WhatsApp-Image-2026-02-19-at-09.29.43-1536x1152.jpeg 1536w, https:\/\/www.pi.gov.br\/wp-content\/uploads\/2026\/02\/WhatsApp-Image-2026-02-19-at-09.29.43-2048x1536.jpeg 2048w\" alt=\"\" width=\"2560\" height=\"1920\" \/><figcaption id=\"caption-attachment-116806\" class=\"wp-caption-text\">Foto: Ascom Semarh<\/figcaption><\/figure>\n<p>O secret\u00e1rio estadual de Meio Ambiente, Feliphe Ara\u00fajo, destacou que a opera\u00e7\u00e3o reafirma o compromisso do Estado com a preserva\u00e7\u00e3o ambiental. \u201cEssa \u00e9 uma a\u00e7\u00e3o hist\u00f3rica. Estamos falando de quase 900 vidas devolvidas ao mangue em pleno per\u00edodo de defeso. A fiscaliza\u00e7\u00e3o seguir\u00e1 firme at\u00e9 o encerramento desta etapa. Proteger o caranguejo-u\u00e7\u00e1 \u00e9 proteger o equil\u00edbrio ambiental, a atividade pesqueira sustent\u00e1vel e o futuro do nosso litoral\u201d, afirmou.<\/p>\n<p>As penalidades para quem desrespeita o defeso podem chegar a R$ 100 mil, acrescidas de R$ 20 por indiv\u00edduo apreendido, conforme a legisla\u00e7\u00e3o ambiental vigente.<\/p>\n<figure id=\"attachment_116807\" class=\"wp-caption alignnone\" aria-describedby=\"caption-attachment-116807\"><img loading=\"lazy\" decoding=\"async\" class=\"wp-image-116807 size-full\" src=\"https:\/\/www.pi.gov.br\/wp-content\/uploads\/2026\/02\/WhatsApp-Image-2026-02-19-at-09.30.22.jpeg\" sizes=\"auto, (max-width: 1280px) 100vw, 1280px\" srcset=\"https:\/\/www.pi.gov.br\/wp-content\/uploads\/2026\/02\/WhatsApp-Image-2026-02-19-at-09.30.22.jpeg 1280w, https:\/\/www.pi.gov.br\/wp-content\/uploads\/2026\/02\/WhatsApp-Image-2026-02-19-at-09.30.22-300x225.jpeg 300w, https:\/\/www.pi.gov.br\/wp-content\/uploads\/2026\/02\/WhatsApp-Image-2026-02-19-at-09.30.22-1024x768.jpeg 1024w, https:\/\/www.pi.gov.br\/wp-content\/uploads\/2026\/02\/WhatsApp-Image-2026-02-19-at-09.30.22-768x576.jpeg 768w\" alt=\"\" width=\"1280\" height=\"960\" \/><figcaption id=\"caption-attachment-116807\" class=\"wp-caption-text\">Foto: Ascom Semarh<\/p>\n<p>Fonte: Portal pi.Gov.<br \/>\nConfira esta e outras mat\u00e9rias na \u00edntegra pelo link: https:\/\/www.pi.gov.br\/semarh-aprende-quase-900-caranguejos-uca-durante-operacao-no-litoral-do-piaui\/<\/figcaption><\/figure>\n","protected":false},"excerpt":{"rendered":"<p>As apreens\u00f5es ocorreram tanto em pontos de venda quanto diretamente nas \u00e1reas de manguezal, onde a fiscaliza\u00e7\u00e3o foi intensificada. &nbsp; A Secretaria de Estado do Meio Ambiente e Recursos H\u00eddricos (Semarh) realizou a maior apreens\u00e3o de caranguejo-u\u00e7\u00e1 j\u00e1 registrada no Piau\u00ed, durante o per\u00edodo de defeso. Nos dois primeiros dias da nova etapa, quase 900 [&hellip;]<\/p>\n","protected":false},"author":3,"featured_media":17776,"comment_status":"open","ping_status":"open","sticky":false,"template":"","format":"standard","meta":{"om_disable_all_campaigns":false,"_monsterinsights_skip_tracking":false,"_monsterinsights_sitenote_active":false,"_monsterinsights_sitenote_note":"","_monsterinsights_sitenote_category":0,"footnotes":""},"categories":[33],"tags":[],"class_list":["post-17775","post","type-post","status-publish","format-standard","has-post-thumbnail","hentry","category-piaui"],"jetpack_featured_media_url":"https:\/\/fatoelado.com\/wp-content\/uploads\/2026\/02\/WhatsApp-Image-2026-02-19-at-09.29.43-1536x1152-1.jpeg","_links":{"self":[{"href":"https:\/\/fatoelado.com\/index.php?rest_route=\/wp\/v2\/posts\/17775","targetHints":{"allow":["GET"]}}],"collection":[{"href":"https:\/\/fatoelado.com\/index.php?rest_route=\/wp\/v2\/posts"}],"about":[{"href":"https:\/\/fatoelado.com\/index.php?rest_route=\/wp\/v2\/types\/post"}],"author":[{"embeddable":true,"href":"https:\/\/fatoelado.com\/index.php?rest_route=\/wp\/v2\/users\/3"}],"replies":[{"embeddable":true,"href":"https:\/\/fatoelado.com\/index.php?rest_route=%2Fwp%2Fv2%2Fcomments&post=17775"}],"version-history":[{"count":1,"href":"https:\/\/fatoelado.com\/index.php?rest_route=\/wp\/v2\/posts\/17775\/revisions"}],"predecessor-version":[{"id":17777,"href":"https:\/\/fatoelado.com\/index.php?rest_route=\/wp\/v2\/posts\/17775\/revisions\/17777"}],"wp:featuredmedia":[{"embeddable":true,"href":"https:\/\/fatoelado.com\/index.php?rest_route=\/wp\/v2\/media\/17776"}],"wp:attachment":[{"href":"https:\/\/fatoelado.com\/index.php?rest_route=%2Fwp%2Fv2%2Fmedia&parent=17775"}],"wp:term":[{"taxonomy":"category","embeddable":true,"href":"https:\/\/fatoelado.com\/index.php?rest_route=%2Fwp%2Fv2%2Fcategories&post=17775"},{"taxonomy":"post_tag","embeddable":true,"href":"https:\/\/fatoelado.com\/index.php?rest_route=%2Fwp%2Fv2%2Ftags&post=17775"}],"curies":[{"name":"wp","href":"https:\/\/api.w.org\/{rel}","templated":true}]}}