{"id":14733,"date":"2025-12-19T11:35:29","date_gmt":"2025-12-19T14:35:29","guid":{"rendered":"https:\/\/fatoelado.com\/?p=14733"},"modified":"2025-12-19T11:35:29","modified_gmt":"2025-12-19T14:35:29","slug":"com-investimentos-de-r-6-milhoes-governo-inaugura-bpchoque-e-bepi-em-localizacao-estrategica-para-reforcar-seguranca-no-piaui","status":"publish","type":"post","link":"https:\/\/fatoelado.com\/?p=14733","title":{"rendered":"Com investimentos de R$ 6 milh\u00f5es, governo inaugura BPChoque e Bepi em localiza\u00e7\u00e3o estrat\u00e9gica para refor\u00e7ar seguran\u00e7a no Piau\u00ed"},"content":{"rendered":"<div class=\"elementor-element elementor-element-282adc7 elementor-widget elementor-widget-heading\" data-id=\"282adc7\" data-element_type=\"widget\" data-widget_type=\"heading.default\">\n<div class=\"elementor-widget-container\">\n<h2 class=\"elementor-heading-title elementor-size-default\" style=\"text-align: center;\">As unidades est\u00e3o localizadas no Parque de Exposi\u00e7\u00e3o Dirceu Arcoverde, garantindo f\u00e1cil acesso para opera\u00e7\u00f5es na capital e apoio log\u00edstico ao interior do estado.<\/h2>\n<\/div>\n<\/div>\n<div class=\"elementor-element elementor-element-fe86f93 e-con-full e-flex e-con e-child\" data-id=\"fe86f93\" data-element_type=\"container\">\n<div class=\"elementor-element elementor-element-4781e67 e-con-full e-flex e-con e-child\" data-id=\"4781e67\" data-element_type=\"container\">\n<div id=\"decrease-font\" class=\"elementor-element elementor-element-b907b64 elementor-widget elementor-widget-button\" data-id=\"b907b64\" data-element_type=\"widget\" data-widget_type=\"button.default\">\n<div class=\"elementor-widget-container\">\n<div class=\"elementor-button-wrapper\"><\/div>\n<\/div>\n<\/div>\n<div id=\"increase-font\" class=\"elementor-element elementor-element-a6d49a7 elementor-widget elementor-widget-button\" data-id=\"a6d49a7\" data-element_type=\"widget\" data-widget_type=\"button.default\">\n<div class=\"elementor-widget-container\">\n<div class=\"elementor-button-wrapper\"><\/div>\n<\/div>\n<\/div>\n<\/div>\n<\/div>\n<div class=\"elementor-element elementor-element-e94e84e elementor-widget elementor-widget-html\" data-id=\"e94e84e\" data-element_type=\"widget\" data-widget_type=\"html.default\">\n<div class=\"elementor-widget-container\"><\/div>\n<\/div>\n<div id=\"div_conteudo\" class=\"elementor-element elementor-element-2b45a66 elementor-widget elementor-widget-theme-post-content\" data-id=\"2b45a66\" data-element_type=\"widget\" data-widget_type=\"theme-post-content.default\">\n<div class=\"elementor-widget-container\" style=\"text-align: left;\">\n<p>O governador Rafael Fonteles entregou, nesta sexta-feira (19), as novas sedes do Batalh\u00e3o de Choque da Pol\u00edcia Militar (BPChoque) e do Batalh\u00e3o Especial de Policiamento do Interior (Bepi), por meio da Secretaria da Seguran\u00e7a P\u00fablica (SSP-PI). As unidades, localizadas no Parque de Exposi\u00e7\u00e3o Dirceu Arcoverde, em Teresina, refor\u00e7am a seguran\u00e7a p\u00fablica e ampliam a capacidade operacional da corpora\u00e7\u00e3o.<\/p>\n<p>Com investimento de mais de R$ 3,8 milh\u00f5es, o Batalh\u00e3o de Choque ocupa uma \u00e1rea de 1.706,22 m\u00b2, organizada em tr\u00eas blocos, com administrativo, operacional e de treinamento, reunindo academia, vesti\u00e1rios e audit\u00f3rio para 100 pessoas.<\/p>\n<figure id=\"attachment_106556\" class=\"wp-caption alignnone\" aria-describedby=\"caption-attachment-106556\"><img loading=\"lazy\" decoding=\"async\" class=\"size-full wp-image-106556\" src=\"https:\/\/www.pi.gov.br\/wp-content\/uploads\/2025\/12\/Batalhao-de-Choque-da-Policia-Militar-e-Batalhao-Especial-de-Policiamento-do-Interior-1.jpeg\" sizes=\"auto, (max-width: 1280px) 100vw, 1280px\" srcset=\"https:\/\/www.pi.gov.br\/wp-content\/uploads\/2025\/12\/Batalhao-de-Choque-da-Policia-Militar-e-Batalhao-Especial-de-Policiamento-do-Interior-1.jpeg 1280w, https:\/\/www.pi.gov.br\/wp-content\/uploads\/2025\/12\/Batalhao-de-Choque-da-Policia-Militar-e-Batalhao-Especial-de-Policiamento-do-Interior-1-300x200.jpeg 300w, https:\/\/www.pi.gov.br\/wp-content\/uploads\/2025\/12\/Batalhao-de-Choque-da-Policia-Militar-e-Batalhao-Especial-de-Policiamento-do-Interior-1-1024x683.jpeg 1024w, https:\/\/www.pi.gov.br\/wp-content\/uploads\/2025\/12\/Batalhao-de-Choque-da-Policia-Militar-e-Batalhao-Especial-de-Policiamento-do-Interior-1-768x512.jpeg 768w\" alt=\"\" width=\"1280\" height=\"854\" \/><figcaption id=\"caption-attachment-106556\" class=\"wp-caption-text\">Foto: Gabriel Paulino<\/figcaption><\/figure>\n<p>J\u00e1 o Batalh\u00e3o Especial de Policiamento do Interior (Bepi) contou com investimento de R$ 2,2 milh\u00f5es e \u00e1rea de 579,24 m\u00b2. O espa\u00e7o possui uma sede moderna, com salas administrativas, recep\u00e7\u00e3o de armamentos, espa\u00e7os de reuni\u00e3o, ambientes de viv\u00eancia e estacionamento para viaturas, seguindo padr\u00f5es de acessibilidade e normas de preven\u00e7\u00e3o de inc\u00eandios.<\/p>\n<figure id=\"attachment_106554\" class=\"wp-caption alignnone\" aria-describedby=\"caption-attachment-106554\"><img loading=\"lazy\" decoding=\"async\" class=\"size-full wp-image-106554\" src=\"https:\/\/www.pi.gov.br\/wp-content\/uploads\/2025\/12\/Batalhao-de-Choque-da-Policia-Militar-e-Batalhao-Especial-de-Policiamento-do-Interior-3.jpeg\" sizes=\"auto, (max-width: 1280px) 100vw, 1280px\" srcset=\"https:\/\/www.pi.gov.br\/wp-content\/uploads\/2025\/12\/Batalhao-de-Choque-da-Policia-Militar-e-Batalhao-Especial-de-Policiamento-do-Interior-3.jpeg 1280w, https:\/\/www.pi.gov.br\/wp-content\/uploads\/2025\/12\/Batalhao-de-Choque-da-Policia-Militar-e-Batalhao-Especial-de-Policiamento-do-Interior-3-300x200.jpeg 300w, https:\/\/www.pi.gov.br\/wp-content\/uploads\/2025\/12\/Batalhao-de-Choque-da-Policia-Militar-e-Batalhao-Especial-de-Policiamento-do-Interior-3-1024x683.jpeg 1024w, https:\/\/www.pi.gov.br\/wp-content\/uploads\/2025\/12\/Batalhao-de-Choque-da-Policia-Militar-e-Batalhao-Especial-de-Policiamento-do-Interior-3-768x512.jpeg 768w\" alt=\"\" width=\"1280\" height=\"854\" \/><figcaption id=\"caption-attachment-106554\" class=\"wp-caption-text\">Foto: Gabriel Paulino<\/figcaption><\/figure>\n<p>Na solenidade, o governador destacou a prioridade do governo com a seguran\u00e7a p\u00fablica e a import\u00e2ncia das novas sedes. \u201cTemos a maior contrata\u00e7\u00e3o de policiais da hist\u00f3ria e investimentos em equipamentos, viaturas, armamentos e infraestrutura. Hoje entregamos o Batalh\u00e3o de Choque e o Bepi, que tamb\u00e9m conta com unidades no interior, garantindo o melhor funcionamento dessas for\u00e7as especializadas\u201d, disse Rafael Fonteles.<\/p>\n<figure id=\"attachment_106526\" class=\"wp-caption alignnone\" aria-describedby=\"caption-attachment-106526\"><img loading=\"lazy\" decoding=\"async\" class=\"size-full wp-image-106526\" src=\"https:\/\/www.pi.gov.br\/wp-content\/uploads\/2025\/12\/Batalhao-de-Choque-da-Policia-Militar-e-Batalhao-Especial-de-Policiamento-do-Interior-31.jpeg\" sizes=\"auto, (max-width: 1280px) 100vw, 1280px\" srcset=\"https:\/\/www.pi.gov.br\/wp-content\/uploads\/2025\/12\/Batalhao-de-Choque-da-Policia-Militar-e-Batalhao-Especial-de-Policiamento-do-Interior-31.jpeg 1280w, https:\/\/www.pi.gov.br\/wp-content\/uploads\/2025\/12\/Batalhao-de-Choque-da-Policia-Militar-e-Batalhao-Especial-de-Policiamento-do-Interior-31-300x200.jpeg 300w, https:\/\/www.pi.gov.br\/wp-content\/uploads\/2025\/12\/Batalhao-de-Choque-da-Policia-Militar-e-Batalhao-Especial-de-Policiamento-do-Interior-31-1024x683.jpeg 1024w, https:\/\/www.pi.gov.br\/wp-content\/uploads\/2025\/12\/Batalhao-de-Choque-da-Policia-Militar-e-Batalhao-Especial-de-Policiamento-do-Interior-31-768x512.jpeg 768w\" alt=\"\" width=\"1280\" height=\"854\" \/><figcaption id=\"caption-attachment-106526\" class=\"wp-caption-text\">Foto: Gabriel Paulino<\/figcaption><\/figure>\n<p>O governador ressaltou ainda a localiza\u00e7\u00e3o estrat\u00e9gica e os resultados da pol\u00edtica de seguran\u00e7a. \u201cAs unidades est\u00e3o localizadas em um terreno com f\u00e1cil acesso \u00e0 zona rural de Teresina e cidades vizinhas. Estruturas bem localizadas aumentam a prote\u00e7\u00e3o da popula\u00e7\u00e3o. Esse trabalho integrado das quatro for\u00e7as de seguran\u00e7a tem resultado na redu\u00e7\u00e3o dos \u00edndices de viol\u00eancia, com queda superior a 50% nos homic\u00eddios na capital neste m\u00eas de dezembro. Vamos ampliar o efetivo do Corpo de Bombeiros em mais de 100% e o da Pol\u00edcia Penal em mais de 50%\u201d, refor\u00e7ou Rafael.<\/p>\n<figure id=\"attachment_106548\" class=\"wp-caption alignnone\" aria-describedby=\"caption-attachment-106548\"><img loading=\"lazy\" decoding=\"async\" class=\"size-full wp-image-106548\" src=\"https:\/\/www.pi.gov.br\/wp-content\/uploads\/2025\/12\/Batalhao-de-Choque-da-Policia-Militar-e-Batalhao-Especial-de-Policiamento-do-Interior-9.jpeg\" sizes=\"auto, (max-width: 1280px) 100vw, 1280px\" srcset=\"https:\/\/www.pi.gov.br\/wp-content\/uploads\/2025\/12\/Batalhao-de-Choque-da-Policia-Militar-e-Batalhao-Especial-de-Policiamento-do-Interior-9.jpeg 1280w, https:\/\/www.pi.gov.br\/wp-content\/uploads\/2025\/12\/Batalhao-de-Choque-da-Policia-Militar-e-Batalhao-Especial-de-Policiamento-do-Interior-9-300x200.jpeg 300w, https:\/\/www.pi.gov.br\/wp-content\/uploads\/2025\/12\/Batalhao-de-Choque-da-Policia-Militar-e-Batalhao-Especial-de-Policiamento-do-Interior-9-1024x683.jpeg 1024w, https:\/\/www.pi.gov.br\/wp-content\/uploads\/2025\/12\/Batalhao-de-Choque-da-Policia-Militar-e-Batalhao-Especial-de-Policiamento-do-Interior-9-768x512.jpeg 768w\" alt=\"\" width=\"1280\" height=\"854\" \/><figcaption id=\"caption-attachment-106548\" class=\"wp-caption-text\">Foto: Gabriel Paulino<\/figcaption><\/figure>\n<p>O comandante-geral da Pol\u00edcia Militar, coronel Scheiwann Lopes, tamb\u00e9m comentou sobre a entrega das novas sedes. \u201cS\u00e3o unidades especializadas, com instala\u00e7\u00f5es modernas, adaptadas \u00e0s necessidades da tropa. Isso garante melhores condi\u00e7\u00f5es de trabalho e treinamento, permitindo que os policiais atuem com mais efici\u00eancia e dignidade, refor\u00e7ando a seguran\u00e7a da popula\u00e7\u00e3o\u201d, disse o militar.<\/p>\n<figure id=\"attachment_106528\" class=\"wp-caption alignnone\" aria-describedby=\"caption-attachment-106528\"><img loading=\"lazy\" decoding=\"async\" class=\"size-full wp-image-106528\" src=\"https:\/\/www.pi.gov.br\/wp-content\/uploads\/2025\/12\/Batalhao-de-Choque-da-Policia-Militar-e-Batalhao-Especial-de-Policiamento-do-Interior-29.jpeg\" sizes=\"auto, (max-width: 1280px) 100vw, 1280px\" srcset=\"https:\/\/www.pi.gov.br\/wp-content\/uploads\/2025\/12\/Batalhao-de-Choque-da-Policia-Militar-e-Batalhao-Especial-de-Policiamento-do-Interior-29.jpeg 1280w, https:\/\/www.pi.gov.br\/wp-content\/uploads\/2025\/12\/Batalhao-de-Choque-da-Policia-Militar-e-Batalhao-Especial-de-Policiamento-do-Interior-29-300x200.jpeg 300w, https:\/\/www.pi.gov.br\/wp-content\/uploads\/2025\/12\/Batalhao-de-Choque-da-Policia-Militar-e-Batalhao-Especial-de-Policiamento-do-Interior-29-1024x683.jpeg 1024w, https:\/\/www.pi.gov.br\/wp-content\/uploads\/2025\/12\/Batalhao-de-Choque-da-Policia-Militar-e-Batalhao-Especial-de-Policiamento-do-Interior-29-768x512.jpeg 768w\" alt=\"\" width=\"1280\" height=\"854\" \/><figcaption id=\"caption-attachment-106528\" class=\"wp-caption-text\">Foto: Gabriel Paulino<\/figcaption><\/figure>\n<p>O tenente-coronel Alves, comandante do Bepi, ressaltou a presen\u00e7a da unidade em todo o estado. \u201cEssa estrutura melhora a qualidade de vida dos policiais e garante que o Bepi esteja presente em todas as regi\u00f5es do Piau\u00ed. Temos companhias em Teresina, Luzil\u00e2ndia, Picos e Bom Jesus, permitindo atuar de forma eficiente at\u00e9 nas \u00e1reas mais remotas\u201d, frisou o militar.<\/p>\n<figure id=\"attachment_106538\" class=\"wp-caption alignnone\" aria-describedby=\"caption-attachment-106538\"><img loading=\"lazy\" decoding=\"async\" class=\"size-full wp-image-106538\" src=\"https:\/\/www.pi.gov.br\/wp-content\/uploads\/2025\/12\/Batalhao-de-Choque-da-Policia-Militar-e-Batalhao-Especial-de-Policiamento-do-Interior-19.jpeg\" sizes=\"auto, (max-width: 1280px) 100vw, 1280px\" srcset=\"https:\/\/www.pi.gov.br\/wp-content\/uploads\/2025\/12\/Batalhao-de-Choque-da-Policia-Militar-e-Batalhao-Especial-de-Policiamento-do-Interior-19.jpeg 1280w, https:\/\/www.pi.gov.br\/wp-content\/uploads\/2025\/12\/Batalhao-de-Choque-da-Policia-Militar-e-Batalhao-Especial-de-Policiamento-do-Interior-19-300x200.jpeg 300w, https:\/\/www.pi.gov.br\/wp-content\/uploads\/2025\/12\/Batalhao-de-Choque-da-Policia-Militar-e-Batalhao-Especial-de-Policiamento-do-Interior-19-1024x683.jpeg 1024w, https:\/\/www.pi.gov.br\/wp-content\/uploads\/2025\/12\/Batalhao-de-Choque-da-Policia-Militar-e-Batalhao-Especial-de-Policiamento-do-Interior-19-768x512.jpeg 768w\" alt=\"\" width=\"1280\" height=\"854\" \/><figcaption id=\"caption-attachment-106538\" class=\"wp-caption-text\">Foto: Gabriel Paulino<\/figcaption><\/figure>\n<p>A soldado Laila Beatriz, do Batalh\u00e3o de Choque, destacou os benef\u00edcios do novo espa\u00e7o. \u201cAgora temos um batalh\u00e3o pr\u00f3prio, mais pr\u00f3ximo da tropa, com melhor estrutura para treinos e armazenamento de materiais. \u00c9 uma evolu\u00e7\u00e3o importante para o Choque e para a Pol\u00edcia Militar do Piau\u00ed\u201d, pontuou a militar.<\/p>\n<figure id=\"attachment_106546\" class=\"wp-caption alignnone\" aria-describedby=\"caption-attachment-106546\"><img loading=\"lazy\" decoding=\"async\" class=\"size-full wp-image-106546\" src=\"https:\/\/www.pi.gov.br\/wp-content\/uploads\/2025\/12\/Batalhao-de-Choque-da-Policia-Militar-e-Batalhao-Especial-de-Policiamento-do-Interior-11.jpeg\" sizes=\"auto, (max-width: 1280px) 100vw, 1280px\" srcset=\"https:\/\/www.pi.gov.br\/wp-content\/uploads\/2025\/12\/Batalhao-de-Choque-da-Policia-Militar-e-Batalhao-Especial-de-Policiamento-do-Interior-11.jpeg 1280w, https:\/\/www.pi.gov.br\/wp-content\/uploads\/2025\/12\/Batalhao-de-Choque-da-Policia-Militar-e-Batalhao-Especial-de-Policiamento-do-Interior-11-300x200.jpeg 300w, https:\/\/www.pi.gov.br\/wp-content\/uploads\/2025\/12\/Batalhao-de-Choque-da-Policia-Militar-e-Batalhao-Especial-de-Policiamento-do-Interior-11-1024x683.jpeg 1024w, https:\/\/www.pi.gov.br\/wp-content\/uploads\/2025\/12\/Batalhao-de-Choque-da-Policia-Militar-e-Batalhao-Especial-de-Policiamento-do-Interior-11-768x512.jpeg 768w\" alt=\"\" width=\"1280\" height=\"854\" \/><figcaption id=\"caption-attachment-106546\" class=\"wp-caption-text\">Foto: Gabriel Paulino<\/p>\n<p>Fonte: Portal pi.Gov<br \/>\nConfira esta e outras mat\u00e9rias na \u00edntegra pelo link: https:\/\/www.pi.gov.br\/com-investimentos-de-r-6-milhoes-governo-inaugura-bpchoque-e-bepi-em-localizacao-estrategica-para-reforcar-a-seguranca-no-piaui\/<\/figcaption><\/figure>\n<\/div>\n<\/div>\n","protected":false},"excerpt":{"rendered":"<p>As unidades est\u00e3o localizadas no Parque de Exposi\u00e7\u00e3o Dirceu Arcoverde, garantindo f\u00e1cil acesso para opera\u00e7\u00f5es na capital e apoio log\u00edstico ao interior do estado. O governador Rafael Fonteles entregou, nesta sexta-feira (19), as novas sedes do Batalh\u00e3o de Choque da Pol\u00edcia Militar (BPChoque) e do Batalh\u00e3o Especial de Policiamento do Interior (Bepi), por meio da [&hellip;]<\/p>\n","protected":false},"author":3,"featured_media":14734,"comment_status":"open","ping_status":"open","sticky":false,"template":"","format":"standard","meta":{"om_disable_all_campaigns":false,"_monsterinsights_skip_tracking":false,"_monsterinsights_sitenote_active":false,"_monsterinsights_sitenote_note":"","_monsterinsights_sitenote_category":0,"footnotes":""},"categories":[33],"tags":[],"class_list":["post-14733","post","type-post","status-publish","format-standard","has-post-thumbnail","hentry","category-piaui"],"jetpack_featured_media_url":"https:\/\/fatoelado.com\/wp-content\/uploads\/2025\/12\/Batalhao-de-Choque-da-Policia-Militar-e-Batalhao-Especial-de-Policiamento-do-Interior-19.jpeg","_links":{"self":[{"href":"https:\/\/fatoelado.com\/index.php?rest_route=\/wp\/v2\/posts\/14733","targetHints":{"allow":["GET"]}}],"collection":[{"href":"https:\/\/fatoelado.com\/index.php?rest_route=\/wp\/v2\/posts"}],"about":[{"href":"https:\/\/fatoelado.com\/index.php?rest_route=\/wp\/v2\/types\/post"}],"author":[{"embeddable":true,"href":"https:\/\/fatoelado.com\/index.php?rest_route=\/wp\/v2\/users\/3"}],"replies":[{"embeddable":true,"href":"https:\/\/fatoelado.com\/index.php?rest_route=%2Fwp%2Fv2%2Fcomments&post=14733"}],"version-history":[{"count":1,"href":"https:\/\/fatoelado.com\/index.php?rest_route=\/wp\/v2\/posts\/14733\/revisions"}],"predecessor-version":[{"id":14735,"href":"https:\/\/fatoelado.com\/index.php?rest_route=\/wp\/v2\/posts\/14733\/revisions\/14735"}],"wp:featuredmedia":[{"embeddable":true,"href":"https:\/\/fatoelado.com\/index.php?rest_route=\/wp\/v2\/media\/14734"}],"wp:attachment":[{"href":"https:\/\/fatoelado.com\/index.php?rest_route=%2Fwp%2Fv2%2Fmedia&parent=14733"}],"wp:term":[{"taxonomy":"category","embeddable":true,"href":"https:\/\/fatoelado.com\/index.php?rest_route=%2Fwp%2Fv2%2Fcategories&post=14733"},{"taxonomy":"post_tag","embeddable":true,"href":"https:\/\/fatoelado.com\/index.php?rest_route=%2Fwp%2Fv2%2Ftags&post=14733"}],"curies":[{"name":"wp","href":"https:\/\/api.w.org\/{rel}","templated":true}]}}