{"id":14389,"date":"2025-12-14T11:13:30","date_gmt":"2025-12-14T14:13:30","guid":{"rendered":"https:\/\/fatoelado.com\/?p=14389"},"modified":"2025-12-14T11:13:30","modified_gmt":"2025-12-14T14:13:30","slug":"ex-fluminense-destaca-carencia-do-elenco-que-pode-custar-vaga-para-o-vasco","status":"publish","type":"post","link":"https:\/\/fatoelado.com\/?p=14389","title":{"rendered":"Ex-Fluminense destaca car\u00eancia do elenco que pode custar vaga para o Vasco"},"content":{"rendered":"<div class=\"flex w-full flex-col gap-2 pb-2 md:gap-4 md:mt-6 md:mb-4\">\n<h2 class=\"font-krub text-base leading-normal font-normal text-start text-[#4D5156] w-full\" style=\"text-align: center;\">Ex-jogador analisa derrota tricolor por 2 a 1 para no jogo de ida da semifinal<\/h2>\n<\/div>\n<figure class=\"relative w-full overflow-hidden tab-m:w-screen tab-m:max-w-screen-md md:-mt-4 tab-m:-mx-4 tab-m:rounded-b-none rounded-b-2xl max-h-[355px] desk-news:max-h-[501px]\">\n<div class=\"w-full rounded-[20px] h-20 -z-10 -mb-[75px] tab:w-screen mx-auto\"><\/div>\n<div class=\"relative max-h-[350px] desk-news:max-h-[496px] bg-transparent h-full max-h-[350px]\"><img loading=\"lazy\" decoding=\"async\" class=\"rounded-lg object-cover object-top tab-m:rounded-t-2xl tab-m:rounded-b-none rounded-b-2xl max-h-[350px] h-[350px] desk-news:h-full desk-news:max-h-[496px] flex-shrink-0 w-full\" src=\"https:\/\/lncimg.lance.com.br\/cdn-cgi\/image\/width=950,quality=75,fit=pad,format=webp\/uploads\/2025\/12\/54978886978_02c5151acc_o-1-scaled-aspect-ratio-512-320-1.jpg\" srcset=\"https:\/\/lncimg.lance.com.br\/cdn-cgi\/image\/width=950,quality=75,fit=pad,format=webp\/uploads\/2025\/12\/54978886978_02c5151acc_o-1-scaled-aspect-ratio-512-320-1.jpg 1x\" alt=\"Zubeld\u00eda no campo em Vasco x Fluminense (Foto: Marcelo Gon\u00e7alves\/ Fluminense FC)\" width=\"850\" height=\"350\" data-nimg=\"1\" \/><\/div>\n<\/figure>\n<div>\n<div class=\"w-full desk-news:max-w-[714px] mx-auto flex flex-col gap-6 md:gap-8\">\n<p class=\"w-full text-lg font-krub text-gray-500 leading-30\">Ex-jogador do Fluminense, Roger Flores identificou a falta de um centroavante eficiente como principal defici\u00eancia do atual elenco tricolor,<strong class=\"font-bold\">\u00a0derrotado para o Vasco por 2 a 1, no jogo de ida da semifinal da Copa do Brasil.\u00a0<\/strong>A an\u00e1lise foi apresentada no programa Sele\u00e7\u00e3o Sportv.<\/p>\n<p class=\"w-full text-lg font-krub text-gray-500 leading-30\">Apesar de reconhecer qualidades defensivas e no meio-campo da equipe comandada por Luis Zubeldia, Roger apontou problemas no setor ofensivo.<\/p>\n<blockquote>\n<p class=\"w-full text-lg font-krub text-gray-500 leading-30\">&#8211; Um time que chega para ser campe\u00e3o tem que ter um baita goleiro, um baita zagueiro, um meio-campo consistente e um cara para colocar a bola para dentro. S\u00e3o quatro pilares. O Fluminense tem tudo isso, menos o cara para colocar a bola para dentro.\u00a0<strong class=\"font-bold\">N\u00e3o h\u00e1 um homem-gol em momentos decisivos, a bola n\u00e3o entra<\/strong>\u00a0&#8211; destacou R\u00f3ger Flores.<\/p>\n<\/blockquote>\n<figure class=\"relative\"><img loading=\"lazy\" decoding=\"async\" class=\"w-full rounded-lg \" src=\"https:\/\/lncimg.lance.com.br\/cdn-cgi\/image\/width=850,quality=75,format=webp\/uploads\/2025\/10\/image-111.png\" alt=\"Cano com a nova camisa do Fluminense (Foto: Divulga\u00e7\u00e3o)\" width=\"850\" height=\"530\" data-nimg=\"1\" \/><figcaption class=\"font-krub font-normal not-italic text-[12px] leading-5 text-[#808080] flex items-center justify-start mt-2\">Centroavante do Fluminense, Germ\u00e1n Cano est\u00e1 lesionado e n\u00e3o enfrenta o Vasco (Foto: Divulga\u00e7\u00e3o)<\/figcaption><\/figure>\n<div class=\"w-full font-krub not-italic font-normal text-start\">\n<h2 class=\"font-bold text-3xl tab-m:text-xl\">Fluminense x Vasco: Tricolor busca reverter placar<\/h2>\n<\/div>\n<p class=\"w-full text-lg font-krub text-gray-500 leading-30\">\u270d\ufe0f\u00a0<strong class=\"font-bold\">Texto de\u00a0Pedro Brand\u00e3o,\u00a0setorista do\u00a0Fluminense no Lance!<\/strong><\/p>\n<p class=\"w-full text-lg font-krub text-gray-500 leading-30\">Um empate com o Fluminense garante a classifica\u00e7\u00e3o do Vasco. A equipe de Fernando Diniz venceu por 2 a 1, com gol decisivo nos acr\u00e9scimos, e agora precisa apenas de um empate para garantir vaga na final da Copa do Brasil. O Cruz-Maltino deve repetir a base da equipe titular utilizada na primeira partida.<\/p>\n<p class=\"w-full text-lg font-krub text-gray-500 leading-30\">J\u00e1 o Fluminense entra pressionado pelo resultado, mas confiante na recupera\u00e7\u00e3o. A equipe de Luis Zubeld\u00eda ter\u00e1 o retorno de Canobbio, suspenso no primeiro jogo, e busca corrigir a queda de rendimento apresentada no segundo tempo da ida. Uma vit\u00f3ria simples leva a decis\u00e3o para os p\u00eanaltis, enquanto um triunfo por dois gols coloca o Tricolor diretamente na final.<\/p>\n<div class=\"w-full font-krub not-italic font-normal text-start\">\n<h3 class=\"font-bold text-2xl tab-m:text-lg\">Prov\u00e1veis escala\u00e7\u00f5es<\/h3>\n<\/div>\n<p class=\"w-full text-lg font-krub text-gray-500 leading-30\"><strong class=\"font-bold\">FLUMINENSE (T\u00e9cnico: Luis Zubeld\u00eda)<\/strong><br \/>\nF\u00e1bio; Samuel Xavier, Thiago Silva, Freytes e Ren\u00ea; Martinelli, Nonato (H\u00e9rcules) e Lucho Acosta; Canobbio, Kevin Serna e Everaldo.<\/p>\n<p class=\"w-full text-lg font-krub text-gray-500 leading-30\"><strong class=\"font-bold\">VASCO (T\u00e9cnico: Fernando Diniz)<\/strong><br \/>\nL\u00e9o Jardim; Paulo Henrique, Carlos Cuesta, Robert Renan e Puma Rodr\u00edguez; Thiago Mendes, Cauan Barros e Philippe Coutinho; Nuno Moreira, Andr\u00e9s G\u00f3mez e Rayan.<\/p>\n<\/div>\n<\/div>\n<div><\/div>\n<div class=\"mt-8 w-full flex flex-col text-[#767676] pt-4 pb-6 px-0 border-[#DFE4EA] border-y border-solid font-krub\">Fonte: Portal Lance.<br \/>\nConfira esta e outras mat\u00e9rias na \u00edntegra pelo link: https:\/\/www.lance.com.br\/fora-de-campo\/ex-fluminense-destaca-carencia-do-elenco-que-pode-custar-vaga-para-o-vasco.html<\/div>\n","protected":false},"excerpt":{"rendered":"<p>Ex-jogador analisa derrota tricolor por 2 a 1 para no jogo de ida da semifinal Ex-jogador do Fluminense, Roger Flores identificou a falta de um centroavante eficiente como principal defici\u00eancia do atual elenco tricolor,\u00a0derrotado para o Vasco por 2 a 1, no jogo de ida da semifinal da Copa do Brasil.\u00a0A an\u00e1lise foi apresentada no [&hellip;]<\/p>\n","protected":false},"author":3,"featured_media":14393,"comment_status":"open","ping_status":"open","sticky":false,"template":"","format":"standard","meta":{"om_disable_all_campaigns":false,"_monsterinsights_skip_tracking":false,"_monsterinsights_sitenote_active":false,"_monsterinsights_sitenote_note":"","_monsterinsights_sitenote_category":0,"footnotes":""},"categories":[48],"tags":[],"class_list":["post-14389","post","type-post","status-publish","format-standard","has-post-thumbnail","hentry","category-esportes"],"jetpack_featured_media_url":"https:\/\/fatoelado.com\/wp-content\/uploads\/2025\/12\/54978886978_02c5151acc_o-1-scaled-aspect-ratio-512-320-1.webp","_links":{"self":[{"href":"https:\/\/fatoelado.com\/index.php?rest_route=\/wp\/v2\/posts\/14389","targetHints":{"allow":["GET"]}}],"collection":[{"href":"https:\/\/fatoelado.com\/index.php?rest_route=\/wp\/v2\/posts"}],"about":[{"href":"https:\/\/fatoelado.com\/index.php?rest_route=\/wp\/v2\/types\/post"}],"author":[{"embeddable":true,"href":"https:\/\/fatoelado.com\/index.php?rest_route=\/wp\/v2\/users\/3"}],"replies":[{"embeddable":true,"href":"https:\/\/fatoelado.com\/index.php?rest_route=%2Fwp%2Fv2%2Fcomments&post=14389"}],"version-history":[{"count":1,"href":"https:\/\/fatoelado.com\/index.php?rest_route=\/wp\/v2\/posts\/14389\/revisions"}],"predecessor-version":[{"id":14394,"href":"https:\/\/fatoelado.com\/index.php?rest_route=\/wp\/v2\/posts\/14389\/revisions\/14394"}],"wp:featuredmedia":[{"embeddable":true,"href":"https:\/\/fatoelado.com\/index.php?rest_route=\/wp\/v2\/media\/14393"}],"wp:attachment":[{"href":"https:\/\/fatoelado.com\/index.php?rest_route=%2Fwp%2Fv2%2Fmedia&parent=14389"}],"wp:term":[{"taxonomy":"category","embeddable":true,"href":"https:\/\/fatoelado.com\/index.php?rest_route=%2Fwp%2Fv2%2Fcategories&post=14389"},{"taxonomy":"post_tag","embeddable":true,"href":"https:\/\/fatoelado.com\/index.php?rest_route=%2Fwp%2Fv2%2Ftags&post=14389"}],"curies":[{"name":"wp","href":"https:\/\/api.w.org\/{rel}","templated":true}]}}