{"id":14388,"date":"2025-12-14T11:12:24","date_gmt":"2025-12-14T14:12:24","guid":{"rendered":"https:\/\/fatoelado.com\/?p=14388"},"modified":"2025-12-14T11:12:24","modified_gmt":"2025-12-14T14:12:24","slug":"fifa-anuncia-data-e-horario-do-premio-the-best-2025-veja-detalhes","status":"publish","type":"post","link":"https:\/\/fatoelado.com\/?p=14388","title":{"rendered":"Fifa anuncia data e hor\u00e1rio do pr\u00eamio The Best 2025; veja detalhes"},"content":{"rendered":"<div class=\"flex w-full flex-col gap-2 pb-2 md:gap-4 md:mt-6 md:mb-4\">\n<h2 class=\"font-krub text-base leading-normal font-normal text-start text-[#4D5156] w-full\" style=\"text-align: center;\">Evento ser\u00e1 realizado na v\u00e9spera da final da Copa Intercontinental, entre Flamengo e PSG<\/h2>\n<\/div>\n<figure class=\"relative w-full overflow-hidden tab-m:w-screen tab-m:max-w-screen-md md:-mt-4 tab-m:-mx-4 tab-m:rounded-b-none rounded-b-2xl max-h-[355px] desk-news:max-h-[501px]\">\n<div class=\"w-full rounded-[20px] h-20 -z-10 -mb-[75px] tab:w-screen mx-auto\"><\/div>\n<div class=\"relative max-h-[350px] desk-news:max-h-[496px] bg-transparent h-full max-h-[350px]\"><img loading=\"lazy\" decoding=\"async\" class=\"rounded-lg object-cover object-top tab-m:rounded-t-2xl tab-m:rounded-b-none rounded-b-2xl max-h-[350px] h-[350px] desk-news:h-full desk-news:max-h-[496px] flex-shrink-0 w-full\" src=\"https:\/\/lncimg.lance.com.br\/cdn-cgi\/image\/width=950,quality=75,fit=pad,format=webp\/uploads\/2025\/12\/fifa-the-best-2025-trofeu-2_374495-aspect-ratio-512-320.webp\" srcset=\"https:\/\/lncimg.lance.com.br\/cdn-cgi\/image\/width=950,quality=75,fit=pad,format=webp\/uploads\/2025\/12\/fifa-the-best-2025-trofeu-2_374495-aspect-ratio-512-320.webp 1x\" alt=\"Fifa The Best anuncia indicados do futebol feminino. (Foto: FIFA\/Divulga\u00e7\u00e3o)\" width=\"850\" height=\"350\" data-nimg=\"1\" \/><\/div>\n<\/figure>\n<div>\n<p class=\"w-full text-lg font-krub text-gray-500 leading-30\">A<strong class=\"font-bold\">\u00a0Fifa<\/strong>\u00a0anunciou neste domingo (14) que os vencedores do pr\u00eamio\u00a0<strong class=\"font-bold\">The Best de 2025<\/strong>\u00a0ser\u00e3o revelados no dia 16 de dezembro, em cerim\u00f4nia marcada para Doha, no Catar, \u00e0s 14h (de Bras\u00edlia). O evento ser\u00e1 realizado na v\u00e9spera da final da\u00a0<strong class=\"font-bold\">Copa Intercontinental<\/strong>, que colocar\u00e1 frente a frente\u00a0<strong class=\"font-bold\">Flamengo e Paris Saint-Germain<\/strong>.<\/p>\n<p class=\"w-full text-lg font-krub text-gray-500 leading-30\">A entidade informou que a premia\u00e7\u00e3o contar\u00e1 com a presen\u00e7a de cerca de 800 convidados e destacou a realiza\u00e7\u00e3o do evento em meio \u00e0 programa\u00e7\u00e3o da decis\u00e3o intercontinental da temporada. A cerim\u00f4nia reunir\u00e1 indicados de diversas categorias do futebol masculino e feminino.<\/p>\n<p class=\"w-full text-lg font-krub text-gray-500 leading-30\">Entre os finalistas ao pr\u00eamio de melhor jogador do mundo, o atacante\u00a0<strong class=\"font-bold\">Raphinha<\/strong>, do\u00a0<strong class=\"font-bold\">Barcelona<\/strong>, \u00e9 o \u00fanico representante brasileiro entre os 11 concorrentes. Ele disputa o trof\u00e9u com atletas como\u00a0<strong class=\"font-bold\">Demb\u00e9l\u00e9, Mbapp\u00e9 e Lamine Yamal.<\/strong>\u00a0J\u00e1 na categoria de melhor goleiro,\u00a0<strong class=\"font-bold\">Alisson<\/strong>, do\u00a0<strong class=\"font-bold\">Liverpool<\/strong>, representa o Brasil e concorre com outros sete nomes.<\/p>\n<p class=\"w-full text-lg font-krub text-gray-500 leading-30\">Na sele\u00e7\u00e3o da temporada, h\u00e1 11 brasileiros indicados. A lista inclui os goleiros Alisson, do Liverpool, F\u00e1bio, do Fluminense, Weverton, do Palmeiras, e John, do Botafogo; os zagueiros Thiago Silva, do Fluminense, Marquinhos, do Paris Saint-Germain, e Gabriel Magalh\u00e3es, do Arsenal; al\u00e9m dos atacantes Jo\u00e3o Pedro, do Chelsea, Raphinha, do Barcelona, e Luiz Henrique, do Botafogo.<\/p>\n<p class=\"w-full text-lg font-krub text-gray-500 leading-30\">O pr\u00eamio de melhor treinador conta com sete indicados no futebol masculino, entre eles Enzo Maresca, campe\u00e3o do Mundial de Clubes com o Chelsea, e Luis Enrique, vencedor da Champions League com o PSG. No futebol feminino, cinco t\u00e9cnicas disputam a premia\u00e7\u00e3o, incluindo Ren\u00e9e Slegers, do Arsenal, campe\u00e3o europeu.<\/p>\n<figure class=\"relative\"><img loading=\"lazy\" decoding=\"async\" class=\"w-full rounded-lg \" src=\"https:\/\/lncimg.lance.com.br\/cdn-cgi\/image\/width=850,quality=75,format=webp\/uploads\/2025\/03\/the-best.jpg\" alt=\"the best\" width=\"850\" height=\"530\" data-nimg=\"1\" \/><figcaption class=\"font-krub font-normal not-italic text-[12px] leading-5 text-[#808080] flex items-center justify-start mt-2\">Pr\u00eamio The Best 2025 da Fifa (Foto: Valeriano Di Domenico\/AFP)<\/figcaption><\/figure>\n<p class=\"w-full text-lg font-krub text-gray-500 leading-30\">A Fifa informou que mais de 16 milh\u00f5es de votos de torcedores influenciaram a defini\u00e7\u00e3o dos vencedores em categorias como melhor jogador, melhor jogadora, t\u00e9cnicos e goleiros. Al\u00e9m da vota\u00e7\u00e3o popular, o The Best considera os votos de capit\u00e3es de sele\u00e7\u00f5es, treinadores e jornalistas.<\/p>\n<div class=\"w-full font-krub not-italic font-normal text-start\">\n<h2 class=\"font-bold text-3xl tab-m:text-xl\">\ud83e\udd34 Finalistas do pr\u00eamio The Best 2025 \u2014 melhor jogador<\/h2>\n<ol>\n<li><span style=\"font-size: 16px;\">Ousmane Demb\u00e9l\u00e9: Paris Saint-Germain; Fran\u00e7a<\/span><\/li>\n<li>Achraf Hakimi: Paris Saint-Germain; Marrocos<\/li>\n<li>Harry Kane: Bayern de Munique; Inglaterra<\/li>\n<li>Kylian Mbapp\u00e9: Real Madrid; Fran\u00e7a<\/li>\n<li>Nuno Mendes: Paris Saint-Germain; Portugal<\/li>\n<li>Cole Palmer: Chelsea; Inglaterra<\/li>\n<li>Pedri: Barcelona; Espanha<\/li>\n<li>Raphinha: Barcelona; Brasil<\/li>\n<li>Mohamed Salah: Liverpool; Egito<\/li>\n<li>Vitinha: Paris Saint-Germain; Portugal<\/li>\n<li>Lamine Yamal: Barcelona; Espanha<\/li>\n<\/ol>\n<\/div>\n<div class=\"w-full font-krub not-italic font-normal text-start\">\n<h2 class=\"font-bold text-3xl tab-m:text-xl\">\ud83d\udc78Finalistas do pr\u00eamio The Best 2025 \u2014 melhor jogadora<\/h2>\n<\/div>\n<section class=\"w-full text-lg font-krub text-gray-500 leading-30 pl-8 tab-m:pl-0\">\n<ol>\n<li><span class=\"font-semibold text-xl\">Sandy Baltimore: Chelsea; Fran\u00e7a<\/span><\/li>\n<li><span class=\"font-semibold text-xl\">Nathalie Bj\u00f6rn: Chelsea; Su\u00e9cia<\/span><\/li>\n<li><span class=\"font-semibold text-xl\">Aitana Bonmat\u00ed: Barcelona; Espanha<\/span><\/li>\n<li><span class=\"font-semibold text-xl\">Lucy Bronze: Chelsea; Inglaterra<\/span><\/li>\n<li><span class=\"font-semibold text-xl\">Mariona Caldentey: Arsenal; Espanha<\/span><\/li>\n<li><span class=\"font-semibold text-xl\">Temwa Chawinga: Current Kansas City; Malawi<\/span><\/li>\n<li><span class=\"font-semibold text-xl\">Kadidiatou Diani: Olympique Lyonnais; Fran\u00e7a<\/span><\/li>\n<li><span class=\"font-semibold text-xl\">Melchie Dumornay: Olympique Lyonnais; Haiti<\/span><\/li>\n<li><span class=\"font-semibold text-xl\">Patri Guijarro: Barcelona; Espanha<\/span><\/li>\n<li><span class=\"font-semibold text-xl\">Lindsey Horan: Olympique Lyonnais; Estados Unidos<\/span><\/li>\n<li><span class=\"font-semibold text-xl\">Lauren James: Chelsea; Inglaterra<\/span><\/li>\n<li><span class=\"font-semibold text-xl\">Chloe Kelly: Manchester City; Inglaterra<\/span><\/li>\n<li><span class=\"font-semibold text-xl\">Ewa Pajor: Barcelona; Pol\u00f4nia<\/span><\/li>\n<li><span class=\"font-semibold text-xl\">Claudia Pina: Barcelona; Espanha<\/span><\/li>\n<li><span class=\"font-semibold text-xl\">Alexia Putellas: Barcelona; Espanha<\/span><\/li>\n<li>Alessia Russo: Arsenal; InglaterraLeah<\/li>\n<li>Williamson: Arsenal; Inglaterra<\/li>\n<\/ol>\n<\/section>\n<p>&nbsp;<\/p>\n<p>Fonte: Portal Lance.<br \/>\nConfira esta e outras mat\u00e9rias na \u00edntegra pelo link: https:\/\/www.lance.com.br\/futebol-internacional\/fifa-anuncia-data-e-horario-do-premio-the-best-2025-veja-detalhes.html<\/p>\n<\/div>\n","protected":false},"excerpt":{"rendered":"<p>Evento ser\u00e1 realizado na v\u00e9spera da final da Copa Intercontinental, entre Flamengo e PSG A\u00a0Fifa\u00a0anunciou neste domingo (14) que os vencedores do pr\u00eamio\u00a0The Best de 2025\u00a0ser\u00e3o revelados no dia 16 de dezembro, em cerim\u00f4nia marcada para Doha, no Catar, \u00e0s 14h (de Bras\u00edlia). O evento ser\u00e1 realizado na v\u00e9spera da final da\u00a0Copa Intercontinental, que colocar\u00e1 [&hellip;]<\/p>\n","protected":false},"author":3,"featured_media":14390,"comment_status":"open","ping_status":"open","sticky":false,"template":"","format":"standard","meta":{"om_disable_all_campaigns":false,"_monsterinsights_skip_tracking":false,"_monsterinsights_sitenote_active":false,"_monsterinsights_sitenote_note":"","_monsterinsights_sitenote_category":0,"footnotes":""},"categories":[48],"tags":[],"class_list":["post-14388","post","type-post","status-publish","format-standard","has-post-thumbnail","hentry","category-esportes"],"jetpack_featured_media_url":"https:\/\/fatoelado.com\/wp-content\/uploads\/2025\/12\/fifa-the-best-2025-trofeu-2_374495-aspect-ratio-512-320.webp","_links":{"self":[{"href":"https:\/\/fatoelado.com\/index.php?rest_route=\/wp\/v2\/posts\/14388","targetHints":{"allow":["GET"]}}],"collection":[{"href":"https:\/\/fatoelado.com\/index.php?rest_route=\/wp\/v2\/posts"}],"about":[{"href":"https:\/\/fatoelado.com\/index.php?rest_route=\/wp\/v2\/types\/post"}],"author":[{"embeddable":true,"href":"https:\/\/fatoelado.com\/index.php?rest_route=\/wp\/v2\/users\/3"}],"replies":[{"embeddable":true,"href":"https:\/\/fatoelado.com\/index.php?rest_route=%2Fwp%2Fv2%2Fcomments&post=14388"}],"version-history":[{"count":1,"href":"https:\/\/fatoelado.com\/index.php?rest_route=\/wp\/v2\/posts\/14388\/revisions"}],"predecessor-version":[{"id":14391,"href":"https:\/\/fatoelado.com\/index.php?rest_route=\/wp\/v2\/posts\/14388\/revisions\/14391"}],"wp:featuredmedia":[{"embeddable":true,"href":"https:\/\/fatoelado.com\/index.php?rest_route=\/wp\/v2\/media\/14390"}],"wp:attachment":[{"href":"https:\/\/fatoelado.com\/index.php?rest_route=%2Fwp%2Fv2%2Fmedia&parent=14388"}],"wp:term":[{"taxonomy":"category","embeddable":true,"href":"https:\/\/fatoelado.com\/index.php?rest_route=%2Fwp%2Fv2%2Fcategories&post=14388"},{"taxonomy":"post_tag","embeddable":true,"href":"https:\/\/fatoelado.com\/index.php?rest_route=%2Fwp%2Fv2%2Ftags&post=14388"}],"curies":[{"name":"wp","href":"https:\/\/api.w.org\/{rel}","templated":true}]}}