{"id":14383,"date":"2025-12-14T11:06:58","date_gmt":"2025-12-14T14:06:58","guid":{"rendered":"https:\/\/fatoelado.com\/?p=14383"},"modified":"2025-12-14T11:06:58","modified_gmt":"2025-12-14T14:06:58","slug":"saiba-ate-que-data-voce-tem-que-receber-a-segunda-parcela-do-decimo-terceiro","status":"publish","type":"post","link":"https:\/\/fatoelado.com\/?p=14383","title":{"rendered":"Saiba at\u00e9 que data voc\u00ea tem que receber a segunda parcela do d\u00e9cimo terceiro"},"content":{"rendered":"<h2 class=\"article-subtitle\" style=\"text-align: center;\">De acordo com estimativa do Departamento Intersindical de Estat\u00edstica e Estudos Socioecon\u00f4micos (Dieese), o pagamento do benef\u00edcio vai injetar R$ 369,4 bilh\u00f5es na economia brasileira em 2025.<\/h2>\n<p>&nbsp;<\/p>\n<div class=\"article-image-featured\"><img decoding=\"async\" class=\"i-amphtml-fill-content i-amphtml-replaced-content\" src=\"https:\/\/www.meionews.com\/uploads\/imagens\/2025\/12\/14\/segunda-parcela-do-13-salario-devera-ser-paga-ate-o-dia-19-de-dezembro--d1c9fb5596eeb74d.jpg\" alt=\"Segunda parcela do 13\u00ba sal\u00e1rio dever\u00e1 ser paga at\u00e9 o dia 19 de dezembro.  | Marcello Casal Jr\/Ag\u00eancia Brasil\" data-amp-loading=\"lazy\" \/><small>Segunda parcela do 13\u00ba sal\u00e1rio dever\u00e1 ser paga at\u00e9 o dia 19 de dezembro. | Foto: Marcello Casal Jr\/Ag\u00eancia Brasil<\/small><\/div>\n<div class=\"g-news\"><\/div>\n<div class=\"article-html\">\n<div class=\"article-html-more\">\n<p>A\u00a0<strong data-end=\"78\" data-start=\"32\">segunda parcela do d\u00e9cimo terceiro sal\u00e1rio<\/strong>\u00a0deve ser depositada at\u00e9 o\u00a0<strong data-end=\"127\" data-start=\"105\">dia 19 de dezembro<\/strong>\u00a0para cerca de\u00a0<strong data-end=\"197\" data-start=\"142\">95,3 milh\u00f5es de trabalhadores com carteira assinada<\/strong>\u00a0em todo o pa\u00eds. A libera\u00e7\u00e3o segue o calend\u00e1rio previsto na legisla\u00e7\u00e3o trabalhista. A\u00a0<strong data-end=\"303\" data-start=\"283\">primeira parcela<\/strong>\u00a0foi paga at\u00e9\u00a0<strong data-end=\"335\" data-start=\"317\">28 de novembro<\/strong>.<\/p>\n<p><strong>IMPACTO NA ECONOMIA<\/strong><\/p>\n<p>De acordo com estimativa do\u00a0<strong data-end=\"471\" data-start=\"391\">Departamento Intersindical de Estat\u00edstica e Estudos Socioecon\u00f4micos (Dieese)<\/strong>, o pagamento do benef\u00edcio vai\u00a0<strong data-end=\"553\" data-start=\"502\">injetar R$ 369,4 bilh\u00f5es na economia brasileira<\/strong>\u00a0em 2025. A m\u00e9dia de valor recebido por trabalhador, somando as duas parcelas, \u00e9 de\u00a0<strong data-end=\"649\" data-start=\"637\">R$ 3.512<\/strong>.<\/p>\n<p><strong>REGRAS PARA APOSENTADOS E PENSIONISTAS<\/strong><\/p>\n<p>As datas-limite n\u00e3o se aplicam a\u00a0<strong data-end=\"767\" data-start=\"729\">aposentados e pensionistas do INSS<\/strong>. Para esse grupo, o governo federal antecipou o pagamento, como ocorreu nos \u00faltimos anos. A\u00a0<strong data-end=\"880\" data-start=\"860\">primeira parcela<\/strong>\u00a0foi creditada entre\u00a0<strong data-end=\"928\" data-start=\"901\">24 de abril e 8 de maio<\/strong>, enquanto a\u00a0<strong data-end=\"952\" data-start=\"941\">segunda<\/strong>\u00a0caiu na conta entre\u00a0<strong data-end=\"1000\" data-start=\"973\">26 de maio e 6 de junho<\/strong>.<\/p>\n<p><strong>QUEM TEM DIREITO AO BENEF\u00cdCIO<\/strong><\/p>\n<p>Criado pela\u00a0<strong data-end=\"1071\" data-start=\"1050\">Lei n\u00ba 4.090\/1962<\/strong>, o d\u00e9cimo terceiro \u00e9 garantido a\u00a0<strong data-end=\"1172\" data-start=\"1105\">aposentados, pensionistas e trabalhadores com carteira assinada<\/strong>\u00a0que tenham atuado por\u00a0<strong data-end=\"1217\" data-start=\"1195\">pelo menos 15 dias<\/strong>\u00a0no m\u00eas. Nesse caso, o per\u00edodo \u00e9 contabilizado como m\u00eas completo para efeito de c\u00e1lculo.<\/p>\n<p>Tamb\u00e9m recebem o benef\u00edcio\u00a0<strong data-end=\"1374\" data-start=\"1334\">trabalhadores em licen\u00e7a-maternidade<\/strong>\u00a0e aqueles\u00a0<strong data-end=\"1421\" data-start=\"1385\">afastados por doen\u00e7a ou acidente<\/strong>. Em casos de\u00a0<strong data-end=\"1463\" data-start=\"1435\">demiss\u00e3o sem justa causa<\/strong>, o valor \u00e9 pago de forma proporcional junto \u00e0 rescis\u00e3o. J\u00e1 quem \u00e9 dispensado\u00a0<strong data-end=\"1576\" data-start=\"1541\">por justa causa perde o direito<\/strong>\u00a0ao d\u00e9cimo terceiro.<\/p>\n<p><strong>C\u00c1LCULO PROPORCIONAL<\/strong><\/p>\n<p>O pagamento integral do d\u00e9cimo terceiro ocorre apenas para quem est\u00e1 h\u00e1\u00a0<strong data-end=\"1734\" data-start=\"1696\">pelo menos um ano na mesma empresa<\/strong>. Para os demais, o valor \u00e9 proporcional: a cada m\u00eas trabalhado por\u00a0<strong data-end=\"1821\" data-start=\"1802\">15 dias ou mais<\/strong>, o empregado recebe\u00a0<strong data-end=\"1873\" data-start=\"1842\">1\/12 do sal\u00e1rio de dezembro<\/strong>.<\/p>\n<p>Por outro lado,\u00a0<strong data-end=\"1931\" data-start=\"1892\">faltas excessivas sem justificativa<\/strong>\u00a0podem reduzir o benef\u00edcio. Se o trabalhador faltar\u00a0<strong data-end=\"2009\" data-start=\"1983\">mais de 15 dias no m\u00eas<\/strong>, esse per\u00edodo deixa de ser contado no c\u00e1lculo do d\u00e9cimo terceiro.<\/p>\n<p><strong>TRIBUTA\u00c7\u00c3O NA SEGUNDA PARCELA<\/strong><\/p>\n<p>Os descontos obrigat\u00f3rios incidem apenas sobre a\u00a0<strong data-end=\"2180\" data-start=\"2161\">segunda parcela<\/strong>\u00a0do benef\u00edcio. Nela, h\u00e1 cobran\u00e7a de\u00a0<strong data-end=\"2236\" data-start=\"2216\">Imposto de Renda<\/strong>\u00a0e\u00a0<strong data-end=\"2247\" data-start=\"2239\">INSS<\/strong>, al\u00e9m do recolhimento do\u00a0<strong data-end=\"2281\" data-start=\"2273\">FGTS<\/strong>, que \u00e9 responsabilidade do empregador.<\/p>\n<p>A\u00a0<strong data-end=\"2344\" data-start=\"2324\">primeira parcela<\/strong>\u00a0\u00e9 paga\u00a0<strong data-end=\"2369\" data-start=\"2352\">integralmente<\/strong>, sem qualquer desconto. As informa\u00e7\u00f5es relativas \u00e0 tributa\u00e7\u00e3o do d\u00e9cimo terceiro constam em\u00a0<strong data-end=\"2482\" data-start=\"2462\">campo espec\u00edfico<\/strong>\u00a0na declara\u00e7\u00e3o anual do\u00a0<strong data-end=\"2543\" data-start=\"2506\">Imposto de Renda da Pessoa F\u00edsica<\/strong>.<\/p>\n<p class=\"ads\">\n<div class=\"article-share_buttons2 article-share\">\n<div class=\"share_buttons\">\n<div class=\"buttons\">\n<p>Fonte: Portal MeioNews.<br \/>\nConfira esta e outras mat\u00e9rias na \u00edntegra pelo link: https:\/\/www.meionews.com\/noticias\/economia\/saiba-ate-que-data-voce-tem-que-receber-a-segunda-parcela-do-decimo-terceiro-549669<\/p>\n<\/div>\n<\/div>\n<\/div>\n<\/div>\n<\/div>\n","protected":false},"excerpt":{"rendered":"<p>De acordo com estimativa do Departamento Intersindical de Estat\u00edstica e Estudos Socioecon\u00f4micos (Dieese), o pagamento do benef\u00edcio vai injetar R$ 369,4 bilh\u00f5es na economia brasileira em 2025. &nbsp; Segunda parcela do 13\u00ba sal\u00e1rio dever\u00e1 ser paga at\u00e9 o dia 19 de dezembro. | Foto: Marcello Casal Jr\/Ag\u00eancia Brasil A\u00a0segunda parcela do d\u00e9cimo terceiro sal\u00e1rio\u00a0deve ser [&hellip;]<\/p>\n","protected":false},"author":3,"featured_media":14384,"comment_status":"open","ping_status":"open","sticky":false,"template":"","format":"standard","meta":{"om_disable_all_campaigns":false,"_monsterinsights_skip_tracking":false,"_monsterinsights_sitenote_active":false,"_monsterinsights_sitenote_note":"","_monsterinsights_sitenote_category":0,"footnotes":""},"categories":[47],"tags":[],"class_list":["post-14383","post","type-post","status-publish","format-standard","has-post-thumbnail","hentry","category-nacionais"],"jetpack_featured_media_url":"https:\/\/fatoelado.com\/wp-content\/uploads\/2025\/12\/segunda-parcela-do-13-salario-devera-ser-paga-ate-o-dia-19-de-dezembro-d1c9fb5596eeb74d.jpg","_links":{"self":[{"href":"https:\/\/fatoelado.com\/index.php?rest_route=\/wp\/v2\/posts\/14383","targetHints":{"allow":["GET"]}}],"collection":[{"href":"https:\/\/fatoelado.com\/index.php?rest_route=\/wp\/v2\/posts"}],"about":[{"href":"https:\/\/fatoelado.com\/index.php?rest_route=\/wp\/v2\/types\/post"}],"author":[{"embeddable":true,"href":"https:\/\/fatoelado.com\/index.php?rest_route=\/wp\/v2\/users\/3"}],"replies":[{"embeddable":true,"href":"https:\/\/fatoelado.com\/index.php?rest_route=%2Fwp%2Fv2%2Fcomments&post=14383"}],"version-history":[{"count":1,"href":"https:\/\/fatoelado.com\/index.php?rest_route=\/wp\/v2\/posts\/14383\/revisions"}],"predecessor-version":[{"id":14385,"href":"https:\/\/fatoelado.com\/index.php?rest_route=\/wp\/v2\/posts\/14383\/revisions\/14385"}],"wp:featuredmedia":[{"embeddable":true,"href":"https:\/\/fatoelado.com\/index.php?rest_route=\/wp\/v2\/media\/14384"}],"wp:attachment":[{"href":"https:\/\/fatoelado.com\/index.php?rest_route=%2Fwp%2Fv2%2Fmedia&parent=14383"}],"wp:term":[{"taxonomy":"category","embeddable":true,"href":"https:\/\/fatoelado.com\/index.php?rest_route=%2Fwp%2Fv2%2Fcategories&post=14383"},{"taxonomy":"post_tag","embeddable":true,"href":"https:\/\/fatoelado.com\/index.php?rest_route=%2Fwp%2Fv2%2Ftags&post=14383"}],"curies":[{"name":"wp","href":"https:\/\/api.w.org\/{rel}","templated":true}]}}