{"id":14378,"date":"2025-12-14T11:05:56","date_gmt":"2025-12-14T14:05:56","guid":{"rendered":"https:\/\/fatoelado.com\/?p=14378"},"modified":"2025-12-14T11:05:56","modified_gmt":"2025-12-14T14:05:56","slug":"vendedora-de-bombom-caseiro-tem-negocio-impulsionado-apos-vitrine-da-cop30","status":"publish","type":"post","link":"https:\/\/fatoelado.com\/?p=14378","title":{"rendered":"Vendedora de bombom caseiro tem neg\u00f3cio impulsionado ap\u00f3s vitrine da COP30"},"content":{"rendered":"<h2 class=\"article-subtitle\" style=\"text-align: center;\">Encomenda para a confer\u00eancia clim\u00e1tica em Bel\u00e9m fez produ\u00e7\u00e3o artesanal ganhar escala e novos mercados.<\/h2>\n<p>&nbsp;<\/p>\n<div class=\"article-image-featured\"><img decoding=\"async\" class=\"i-amphtml-fill-content i-amphtml-replaced-content\" src=\"https:\/\/www.meionews.com\/uploads\/imagens\/2025\/12\/14\/empreendedora-do-para-ve-vendas-dispararem-apos-sucesso-na-cop30--f2f069c26eb213aa.jpg\" alt=\"Empreendedora do Par\u00e1 v\u00ea vendas dispararem ap\u00f3s sucesso na COP30 | Reprodu\u00e7\u00e3o\" data-amp-loading=\"lazy\" \/><small>Empreendedora do Par\u00e1 v\u00ea vendas dispararem ap\u00f3s sucesso na COP30 | Foto: Reprodu\u00e7\u00e3o<\/small><\/div>\n<div class=\"g-news\"><a href=\"https:\/\/news.google.com\/publications\/CAAiEAwZOfI6qfe4iZz5GzohUjoqFAgKIhAMGTnyOqn3uImc-Rs6IVI6?hl=pt-BR&amp;gl=BR&amp;ceid=BR%3Apt-419\" target=\"_blank\" rel=\"noopener\"><img decoding=\"async\" class=\"i-amphtml-intrinsic-sizer\" role=\"presentation\" src=\"data:;base64,<svg height=\"20px\" width=\"120px\" xmlns=\"http:\/\/www.w3.org\/2000\/svg\" version=\"1.1\"\/>&#8221; alt=&#8221;&#8221; aria-hidden=&#8221;true&#8221; \/><\/a><\/div>\n<div class=\"article-html\">\n<div class=\"article-html-more\">\n<article data-scroll-anchor=\"true\" data-testid=\"conversation-turn-114\" data-turn=\"assistant\" data-turn-id=\"123fdb45-0320-4445-8b54-8e23ce374723\">A participa\u00e7\u00e3o na COP30, realizada em novembro em Bel\u00e9m, mudou o ritmo do neg\u00f3cio da confeiteira paraense Leila Campos.<strong>\u00a0Ap\u00f3s receber uma encomenda de 900 bombons artesanais para o evento<\/strong>, a empreendedora viu as vendas dispararem e passou a registrar pedidos di\u00e1rios. H\u00e1 15 anos, ela produz chocolates recheados com doces de frutas amaz\u00f4nicas na pr\u00f3pria casa, em Vila do Ape\u00fa, distrito de Castanhal (PA).<\/p>\n<h2 data-end=\"706\" data-start=\"671\"><strong data-end=\"706\" data-start=\"674\">Do dom\u00e9stico ao profissional<\/strong><\/h2>\n<p>O que come\u00e7ou como um trabalho dom\u00e9stico ganhou estrutura familiar. Leila deixou o emprego de dom\u00e9stica h\u00e1 dois anos para se dedicar \u00e0 produ\u00e7\u00e3o de bombons moldados \u00e0 m\u00e3o, sem o uso de formas ou doces industrializados.<em>\u00a0\u201c<strong data-end=\"1101\" data-start=\"927\">N\u00e3o uso forma, os bombons s\u00e3o moldados na m\u00e3o. E n\u00e3o uso doce industrializado. Fa\u00e7o da fruta mesmo, naquela panela grossa, tradicional. Eu priorizo a qualidade do produto<\/strong>\u201d,<\/em>\u00a0afirma. Segundo ela, o diferencial de ter \u201cmais recheio do que chocolate\u201d tem agradado clientes de fora do estado.<\/p>\n<h2 data-end=\"1264\" data-start=\"1225\"><strong data-end=\"1264\" data-start=\"1228\">Aceita\u00e7\u00e3o do p\u00fablico estrangeiro<\/strong><\/h2>\n<p>Os chocolates foram vendidos pelo Nanay Caf\u00e9 na chamada zona azul da COP30,\u00a0<strong>\u00e1rea destinada \u00e0s negocia\u00e7\u00f5es oficiais da confer\u00eancia.<\/strong>\u00a0A propriet\u00e1ria do espa\u00e7o, Nayana Lima, explica que a escolha pelos bombons levou em conta o perfil regional do produto.\u00a0<em>\u201c<strong data-end=\"1694\" data-start=\"1518\">Visitamos Castanhal, provamos e percebemos a qualidade: bombons artesanais, recheio generoso e sabor marcante. Era exatamente o tipo de doce paraense que quer\u00edamos oferecer<\/strong>\u201d<\/em>, disse.<\/p>\n<p>Segundo Nayana, o p\u00fablico estrangeiro estranhou inicialmente sabores como cupua\u00e7u e castanha-do-par\u00e1 combinados com chocolate. \u201c<strong data-end=\"1916\" data-start=\"1833\">Quando provaram, come\u00e7aram a comprar e levar para presentear. Zeramos o estoque<\/strong>\u201d, relatou.<\/p>\n<hr data-start=\"1929\" data-end=\"1932\" \/>\n<h2 data-end=\"1960\" data-start=\"1934\"><strong data-end=\"1960\" data-start=\"1937\">Produ\u00e7\u00e3o em fam\u00edlia<\/strong><\/h2>\n<p>O neg\u00f3cio \u00e9 tocado com apoio da fam\u00edlia. O filho Luan, de 19 anos, formado em gastronomia, participa diretamente da produ\u00e7\u00e3o; o marido auxilia nas compras, e outro filho cuida da contabilidade. Antes da COP30, Leila trabalhava com um \u201cquarteto\u201d de sabores: cupua\u00e7u, castanha-do-par\u00e1, bacuri e a\u00e7a\u00ed. Para a confer\u00eancia, criou um bombom especial inspirado no sabor COP30 da tradicional sorveteria Cairu, misturando cupua\u00e7u, pistache e castanha.<\/p>\n<p>\u201c<strong data-end=\"2540\" data-start=\"2407\">Para mim, n\u00e3o h\u00e1 nada melhor do que quando eu vejo algu\u00e9m mordendo o meu bombom e dizendo: \u2018Ai, que del\u00edcia\u2019, \u2018que coisa gostosa\u2019<\/strong>\u201d, afirma Leila.<\/p>\n<hr data-start=\"2558\" data-end=\"2561\" \/>\n<h2 data-end=\"2593\" data-start=\"2563\"><strong data-end=\"2593\" data-start=\"2566\">Apoio e pr\u00f3ximos passos<\/strong><\/h2>\n<p>A confeiteira come\u00e7ou a carreira aos 14 anos como empregada dom\u00e9stica e entrou na confeitaria ap\u00f3s incentivo de uma amiga. O passo definitivo veio depois de buscar orienta\u00e7\u00e3o no Sebrae, onde aprendeu a estruturar a marca, organizar finan\u00e7as e usar o Instagram como principal canal de vendas. Hoje, trabalha apenas com encomendas.<\/p>\n<p>Com pedidos de clientes que levam os doces para outros estados, Leila planeja ampliar a distribui\u00e7\u00e3o, embora enfrente dificuldades log\u00edsticas. \u201cJ\u00e1 tive pedidos do Rio, Porto Alegre e S\u00e3o Paulo, mas o frete ainda \u00e9 um grande desafio\u201d, explica. Para complementar a renda, ela voltou a trabalhar meio per\u00edodo como merendeira, sem perder o objetivo principal: \u201c<strong data-end=\"3325\" data-start=\"3283\">Quero, no futuro, viver s\u00f3 dos bombons<\/strong>\u201d.<\/p>\n<p class=\"ads\">\n<\/article>\n<div class=\"article-share_buttons2 article-share\">\n<div class=\"share_buttons\">\n<div class=\"buttons\">\n<p>Fonte: Portal MeioNews.<br \/>\nConfira esta e outras mat\u00e9rias na \u00edntegra pelo link: https:\/\/www.meionews.com\/noticias\/economia\/vendedora-de-bombom-caseiro-tem-negocio-impulsionado-apos-vitrine-da-cop30-549666<\/p>\n<\/div>\n<\/div>\n<\/div>\n<\/div>\n<\/div>\n","protected":false},"excerpt":{"rendered":"<p>Encomenda para a confer\u00eancia clim\u00e1tica em Bel\u00e9m fez produ\u00e7\u00e3o artesanal ganhar escala e novos mercados. &nbsp; Empreendedora do Par\u00e1 v\u00ea vendas dispararem ap\u00f3s sucesso na COP30 | Foto: Reprodu\u00e7\u00e3o<\/p>\n","protected":false},"author":3,"featured_media":14380,"comment_status":"open","ping_status":"open","sticky":false,"template":"","format":"standard","meta":{"om_disable_all_campaigns":false,"_monsterinsights_skip_tracking":false,"_monsterinsights_sitenote_active":false,"_monsterinsights_sitenote_note":"","_monsterinsights_sitenote_category":0,"footnotes":""},"categories":[47],"tags":[],"class_list":["post-14378","post","type-post","status-publish","format-standard","has-post-thumbnail","hentry","category-nacionais"],"jetpack_featured_media_url":"https:\/\/fatoelado.com\/wp-content\/uploads\/2025\/12\/empreendedora-do-para-ve-vendas-dispararem-apos-sucesso-na-cop30-f2f069c26eb213aa.jpg","_links":{"self":[{"href":"https:\/\/fatoelado.com\/index.php?rest_route=\/wp\/v2\/posts\/14378","targetHints":{"allow":["GET"]}}],"collection":[{"href":"https:\/\/fatoelado.com\/index.php?rest_route=\/wp\/v2\/posts"}],"about":[{"href":"https:\/\/fatoelado.com\/index.php?rest_route=\/wp\/v2\/types\/post"}],"author":[{"embeddable":true,"href":"https:\/\/fatoelado.com\/index.php?rest_route=\/wp\/v2\/users\/3"}],"replies":[{"embeddable":true,"href":"https:\/\/fatoelado.com\/index.php?rest_route=%2Fwp%2Fv2%2Fcomments&post=14378"}],"version-history":[{"count":1,"href":"https:\/\/fatoelado.com\/index.php?rest_route=\/wp\/v2\/posts\/14378\/revisions"}],"predecessor-version":[{"id":14382,"href":"https:\/\/fatoelado.com\/index.php?rest_route=\/wp\/v2\/posts\/14378\/revisions\/14382"}],"wp:featuredmedia":[{"embeddable":true,"href":"https:\/\/fatoelado.com\/index.php?rest_route=\/wp\/v2\/media\/14380"}],"wp:attachment":[{"href":"https:\/\/fatoelado.com\/index.php?rest_route=%2Fwp%2Fv2%2Fmedia&parent=14378"}],"wp:term":[{"taxonomy":"category","embeddable":true,"href":"https:\/\/fatoelado.com\/index.php?rest_route=%2Fwp%2Fv2%2Fcategories&post=14378"},{"taxonomy":"post_tag","embeddable":true,"href":"https:\/\/fatoelado.com\/index.php?rest_route=%2Fwp%2Fv2%2Ftags&post=14378"}],"curies":[{"name":"wp","href":"https:\/\/api.w.org\/{rel}","templated":true}]}}