{"id":14376,"date":"2025-12-14T11:05:36","date_gmt":"2025-12-14T14:05:36","guid":{"rendered":"https:\/\/fatoelado.com\/?p=14376"},"modified":"2025-12-14T11:05:36","modified_gmt":"2025-12-14T14:05:36","slug":"delegado-baleado-em-megaoperacao-recebe-alta-no-rio","status":"publish","type":"post","link":"https:\/\/fatoelado.com\/?p=14376","title":{"rendered":"Delegado baleado em megaopera\u00e7\u00e3o recebe alta no Rio"},"content":{"rendered":"<p><img decoding=\"async\" src=\"https:\/\/cidadeverde.com\/assets\/uploads\/colecoes\/2\/2025\/12\/Captura_de_tela_2025-12-14_082351.png\" alt=\"\" \/><\/p>\n<p>O delegado Bernardo Annes Dias Leal, que estava internado no Rio de Janeiro ap\u00f3s ser baleado durante a megaopera\u00e7\u00e3o Conten\u00e7\u00e3o, realizada em outubro, recebeu alta hospitalar. Ele havia sido atingido por um tiro de fuzil na coxa, que alcan\u00e7ou a veia femoral.<\/p>\n<p>Em uma cadeira de rodas, ap\u00f3s perder uma das pernas na opera\u00e7\u00e3o, Bernardo Leal deixou o hospital sob aplausos de parentes e amigos. Durante o per\u00edodo de interna\u00e7\u00e3o, o delegado chegou a criar uma vaquinha nas redes sociais para custear a pr\u00f3tese e o tratamento m\u00e9dico, mas o governador do Rio de Janeiro, Cl\u00e1udio Castro, assumiu integralmente os custos da reabilita\u00e7\u00e3o.<\/p>\n<p>Bernardo Leal segue com acompanhamento especializado para retomar as atividades. A megaopera\u00e7\u00e3o nos complexos da Penha e do Alem\u00e3o, na Zona Norte do Rio, deixou 122 mortos, entre eles cinco policiais.<\/p>\n<p>&nbsp;<\/p>\n<p>Fonte: Portal CidadeVerde.<br \/>\nConfira esta e outras mat\u00e9rias na \u00edntegra pelo link: https:\/\/cidadeverde.com\/noticias\/447298\/delegado-baleado-em-megaoperacao-recebe-alta-no-rio<\/p>\n","protected":false},"excerpt":{"rendered":"<p>O delegado Bernardo Annes Dias Leal, que estava internado no Rio de Janeiro ap\u00f3s ser baleado durante a megaopera\u00e7\u00e3o Conten\u00e7\u00e3o, realizada em outubro, recebeu alta hospitalar. Ele havia sido atingido por um tiro de fuzil na coxa, que alcan\u00e7ou a veia femoral. Em uma cadeira de rodas, ap\u00f3s perder uma das pernas na opera\u00e7\u00e3o, Bernardo [&hellip;]<\/p>\n","protected":false},"author":3,"featured_media":14377,"comment_status":"open","ping_status":"open","sticky":false,"template":"","format":"standard","meta":{"om_disable_all_campaigns":false,"_monsterinsights_skip_tracking":false,"_monsterinsights_sitenote_active":false,"_monsterinsights_sitenote_note":"","_monsterinsights_sitenote_category":0,"footnotes":""},"categories":[47,542],"tags":[],"class_list":["post-14376","post","type-post","status-publish","format-standard","has-post-thumbnail","hentry","category-nacionais","category-policia"],"jetpack_featured_media_url":"https:\/\/fatoelado.com\/wp-content\/uploads\/2025\/12\/Captura_de_tela_2025-12-14_082351.webp","_links":{"self":[{"href":"https:\/\/fatoelado.com\/index.php?rest_route=\/wp\/v2\/posts\/14376","targetHints":{"allow":["GET"]}}],"collection":[{"href":"https:\/\/fatoelado.com\/index.php?rest_route=\/wp\/v2\/posts"}],"about":[{"href":"https:\/\/fatoelado.com\/index.php?rest_route=\/wp\/v2\/types\/post"}],"author":[{"embeddable":true,"href":"https:\/\/fatoelado.com\/index.php?rest_route=\/wp\/v2\/users\/3"}],"replies":[{"embeddable":true,"href":"https:\/\/fatoelado.com\/index.php?rest_route=%2Fwp%2Fv2%2Fcomments&post=14376"}],"version-history":[{"count":1,"href":"https:\/\/fatoelado.com\/index.php?rest_route=\/wp\/v2\/posts\/14376\/revisions"}],"predecessor-version":[{"id":14379,"href":"https:\/\/fatoelado.com\/index.php?rest_route=\/wp\/v2\/posts\/14376\/revisions\/14379"}],"wp:featuredmedia":[{"embeddable":true,"href":"https:\/\/fatoelado.com\/index.php?rest_route=\/wp\/v2\/media\/14377"}],"wp:attachment":[{"href":"https:\/\/fatoelado.com\/index.php?rest_route=%2Fwp%2Fv2%2Fmedia&parent=14376"}],"wp:term":[{"taxonomy":"category","embeddable":true,"href":"https:\/\/fatoelado.com\/index.php?rest_route=%2Fwp%2Fv2%2Fcategories&post=14376"},{"taxonomy":"post_tag","embeddable":true,"href":"https:\/\/fatoelado.com\/index.php?rest_route=%2Fwp%2Fv2%2Ftags&post=14376"}],"curies":[{"name":"wp","href":"https:\/\/api.w.org\/{rel}","templated":true}]}}