{"id":14135,"date":"2025-12-09T10:51:24","date_gmt":"2025-12-09T13:51:24","guid":{"rendered":"https:\/\/fatoelado.com\/?p=14135"},"modified":"2025-12-09T10:51:24","modified_gmt":"2025-12-09T13:51:24","slug":"dupla-e-presa-com-drogas-e-fuzil-em-timon-suspeito-era-foragido-do-piaui","status":"publish","type":"post","link":"https:\/\/fatoelado.com\/?p=14135","title":{"rendered":"Dupla \u00e9 presa com drogas e fuzil em Timon; suspeito era foragido do Piau\u00ed"},"content":{"rendered":"<p><img decoding=\"async\" src=\"https:\/\/cidadeverde.com\/assets\/uploads\/colecoes\/2\/2025\/12\/foragidos_e_presos_trafico_(1).jpg\" alt=\"\" \/>Dois homens, identificados pelas iniciais D.D.S.S. e L.V.S.S., suspeitos de tr\u00e1fico de drogas, foram presos na tarde de segunda-feira (8), no bairro Vila Monteiro, em Timon (MA).<\/p>\n<p>Conforme a Pol\u00edcia Civil, a pris\u00e3o ocorreu nas proximidades de um bar. A dupla embalava entorpecentes em cima de uma mesa de sinuca quando foi abordada pelos policiais.<\/p>\n<p>Com os suspeitos foram encontradas por\u00e7\u00f5es de crack, maconha e coca\u00edna, al\u00e9m de R$ 1.600 em esp\u00e9cie, uma pistola de calibre n\u00e3o informado, um rev\u00f3lver de outro calibre e muni\u00e7\u00f5es de tr\u00eas calibres diferentes. Um simulacro de fuzil utilizado em assaltos na cidade tamb\u00e9m foi apreendido.<\/p>\n<p>Ainda segundo a Pol\u00edcia Civil, D.D.S.S. possui passagens pelo pres\u00eddio pelos crimes de tr\u00e1fico e roubo, e havia sido liberado h\u00e1 apenas dois dias mediante alvar\u00e1 de soltura. J\u00e1 L.V.S.S. havia passado cinco anos preso e fugiu do Pres\u00eddio Major C\u00e9sar, no Piau\u00ed. Nos dois Estados, possui processos por roubo, tr\u00e1fico de drogas e porte ilegal de arma de fogo.<\/p>\n<p>A dupla foi conduzida \u00e0 Central de Flagrantes de Timon, autuados pelos crimes e, em seguida, encaminhados ao Pres\u00eddio Jorge Vieira.<\/p>\n<p>&nbsp;<\/p>\n<p>Fonte: Portal CidadeVerde.<br \/>\nConfira esta e outras mat\u00e9rias na \u00edntegra pelo link: https:\/\/cidadeverde.com\/noticias\/447007\/dupla-e-presa-com-drogas-e-fuzil-em-timon-suspeito-era-foragido-do-piaui<\/p>\n","protected":false},"excerpt":{"rendered":"<p>Dois homens, identificados pelas iniciais D.D.S.S. e L.V.S.S., suspeitos de tr\u00e1fico de drogas, foram presos na tarde de segunda-feira (8), no bairro Vila Monteiro, em Timon (MA). Conforme a Pol\u00edcia Civil, a pris\u00e3o ocorreu nas proximidades de um bar. A dupla embalava entorpecentes em cima de uma mesa de sinuca quando foi abordada pelos policiais. [&hellip;]<\/p>\n","protected":false},"author":3,"featured_media":14136,"comment_status":"open","ping_status":"open","sticky":false,"template":"","format":"standard","meta":{"om_disable_all_campaigns":false,"_monsterinsights_skip_tracking":false,"_monsterinsights_sitenote_active":false,"_monsterinsights_sitenote_note":"","_monsterinsights_sitenote_category":0,"footnotes":""},"categories":[33,542],"tags":[],"class_list":["post-14135","post","type-post","status-publish","format-standard","has-post-thumbnail","hentry","category-piaui","category-policia"],"jetpack_featured_media_url":"https:\/\/fatoelado.com\/wp-content\/uploads\/2025\/12\/foragidos_e_presos_trafico_1.jpg","_links":{"self":[{"href":"https:\/\/fatoelado.com\/index.php?rest_route=\/wp\/v2\/posts\/14135","targetHints":{"allow":["GET"]}}],"collection":[{"href":"https:\/\/fatoelado.com\/index.php?rest_route=\/wp\/v2\/posts"}],"about":[{"href":"https:\/\/fatoelado.com\/index.php?rest_route=\/wp\/v2\/types\/post"}],"author":[{"embeddable":true,"href":"https:\/\/fatoelado.com\/index.php?rest_route=\/wp\/v2\/users\/3"}],"replies":[{"embeddable":true,"href":"https:\/\/fatoelado.com\/index.php?rest_route=%2Fwp%2Fv2%2Fcomments&post=14135"}],"version-history":[{"count":1,"href":"https:\/\/fatoelado.com\/index.php?rest_route=\/wp\/v2\/posts\/14135\/revisions"}],"predecessor-version":[{"id":14137,"href":"https:\/\/fatoelado.com\/index.php?rest_route=\/wp\/v2\/posts\/14135\/revisions\/14137"}],"wp:featuredmedia":[{"embeddable":true,"href":"https:\/\/fatoelado.com\/index.php?rest_route=\/wp\/v2\/media\/14136"}],"wp:attachment":[{"href":"https:\/\/fatoelado.com\/index.php?rest_route=%2Fwp%2Fv2%2Fmedia&parent=14135"}],"wp:term":[{"taxonomy":"category","embeddable":true,"href":"https:\/\/fatoelado.com\/index.php?rest_route=%2Fwp%2Fv2%2Fcategories&post=14135"},{"taxonomy":"post_tag","embeddable":true,"href":"https:\/\/fatoelado.com\/index.php?rest_route=%2Fwp%2Fv2%2Ftags&post=14135"}],"curies":[{"name":"wp","href":"https:\/\/api.w.org\/{rel}","templated":true}]}}