{"id":14132,"date":"2025-12-09T10:49:39","date_gmt":"2025-12-09T13:49:39","guid":{"rendered":"https:\/\/fatoelado.com\/?p=14132"},"modified":"2025-12-09T10:49:39","modified_gmt":"2025-12-09T13:49:39","slug":"games-nao-sao-o-problema-por-que-as-redes-sociais-podem-piorar-concentracao-de-adolescentes","status":"publish","type":"post","link":"https:\/\/fatoelado.com\/?p=14132","title":{"rendered":"Games n\u00e3o s\u00e3o o problema: por que as redes sociais podem piorar concentra\u00e7\u00e3o de adolescentes"},"content":{"rendered":"<h2 class=\"content-head__subtitle\" style=\"text-align: center;\">Novo estudo analisou como h\u00e1bitos de uso de redes sociais por adolescentes poderia estar associa\u00e7\u00e3o a dois principais sintomas de d\u00e9ficit de aten\u00e7\u00e3o: desaten\u00e7\u00e3o e hiperatividade.<\/h2>\n<p>&nbsp;<\/p>\n<div id=\"chunk-3htic\">\n<div class=\"row medium-uncollapsed content-media content-photo\" data-block-type=\"backstage-photo\" data-block-id=\"1\">\n<div class=\" mc-column  content-media__container\">\n<div class=\"content-media-container glb-skeleton-box\">\n<figure class=\"content-media-figure\"><img decoding=\"async\" class=\"i-amphtml-fill-content i-amphtml-replaced-content\" src=\"https:\/\/s2-g1.glbimg.com\/ldxZa4BIxoa2pV0xNAQpM7My1Vw=\/0x0:5616x3878\/984x0\/smart\/filters:strip_icc()\/i.s3.glbimg.com\/v1\/AUTH_59edd422c0c84a879bd37670ae4f538a\/internal_photos\/bs\/2025\/B\/x\/Aspe7aSzqp44Ys6YnfwA\/adobestock-497902707-1-.jpeg\" sizes=\"(max-width: 1280px) 648px, 100vw\" srcset=\"https:\/\/s2-g1.glbimg.com\/GjgjoWpDfjDzuHQIRXk533LCHTg=\/0x0:5616x3878\/1000x0\/smart\/filters:strip_icc()\/i.s3.glbimg.com\/v1\/AUTH_59edd422c0c84a879bd37670ae4f538a\/internal_photos\/bs\/2025\/B\/x\/Aspe7aSzqp44Ys6YnfwA\/adobestock-497902707-1-.jpeg 1000w, https:\/\/s2-g1.glbimg.com\/ldxZa4BIxoa2pV0xNAQpM7My1Vw=\/0x0:5616x3878\/984x0\/smart\/filters:strip_icc()\/i.s3.glbimg.com\/v1\/AUTH_59edd422c0c84a879bd37670ae4f538a\/internal_photos\/bs\/2025\/B\/x\/Aspe7aSzqp44Ys6YnfwA\/adobestock-497902707-1-.jpeg 984w, https:\/\/s2-g1.glbimg.com\/NPzPj8ZnxIjcpRRag-I7au5PzJc=\/0x0:5616x3878\/640x0\/smart\/filters:strip_icc()\/i.s3.glbimg.com\/v1\/AUTH_59edd422c0c84a879bd37670ae4f538a\/internal_photos\/bs\/2025\/B\/x\/Aspe7aSzqp44Ys6YnfwA\/adobestock-497902707-1-.jpeg 640w, https:\/\/s2-g1.glbimg.com\/0RhRjfIvWTIPMyl6PCF-7M0XefU=\/0x0:5616x3878\/600x0\/smart\/filters:strip_icc()\/i.s3.glbimg.com\/v1\/AUTH_59edd422c0c84a879bd37670ae4f538a\/internal_photos\/bs\/2025\/B\/x\/Aspe7aSzqp44Ys6YnfwA\/adobestock-497902707-1-.jpeg 600w\" alt=\"Adolescentes com problemas de sa\u00fade mental passam mais tempo nas redes sociais \u2014 Foto: Adobe Stock\" \/>Adolescentes com problemas de sa\u00fade mental passam mais tempo nas redes sociais \u2014 Foto: Adobe Stock<\/figure>\n<\/div>\n<\/div>\n<\/div>\n<\/div>\n<div id=\"chunk-5psqv\">\n<div class=\"mc-column content-text active-extra-styles \" data-block-type=\"unstyled\" data-block-weight=\"43\" data-block-id=\"2\">\n<p class=\" content-text__container \" data-track-category=\"Link no Texto\" data-track-links=\"\" data-mrf-recirculation=\"Mat\u00e9ria - Links no Texto\">A revolu\u00e7\u00e3o digital se tornou um grande experimento n\u00e3o planejado \u2013 e as crian\u00e7as s\u00e3o seus participantes mais expostos. \u00c0 medida que diagn\u00f3sticos de TDAH aumentam pelo mundo, surge uma pergunta central: o\u00a0<strong>uso crescente de dispositivos digitais pode estar desempenhando um pape<\/strong>l?<\/p>\n<\/div>\n<\/div>\n<div class=\"wall protected-content\">\n<div id=\"chunk-dh96f\">\n<div class=\"mc-column content-text active-extra-styles \" data-block-type=\"unstyled\" data-block-weight=\"34\" data-block-id=\"4\">\n<p class=\" content-text__container \" data-track-category=\"Link no Texto\" data-track-links=\"\" data-mrf-recirculation=\"Mat\u00e9ria - Links no Texto\">Para investigar isso, estudamos mais de\u00a0<span class=\"highlight highlighted\">8.000 crian\u00e7as, dos dez aos 14 anos de idade<\/span>. Perguntamos sobre seus h\u00e1bitos digitais e as classificamos em tr\u00eas categorias: jogos eletr\u00f4nicos, TV\/v\u00eddeo (como YouTube) e redes sociais.<\/p>\n<\/div>\n<\/div>\n<div id=\"chunk-3v6ss\">\n<div class=\"mc-column content-text active-extra-styles \" data-block-type=\"unstyled\" data-block-weight=\"34\" data-block-id=\"5\">\n<p class=\" content-text__container \" data-track-category=\"Link no Texto\" data-track-links=\"\" data-mrf-recirculation=\"Mat\u00e9ria - Links no Texto\">A \u00faltima inclu\u00eda apps como TikTok, Instagram, Snapchat, X, Messenger e Facebook. Em seguida, analisamos se o uso estava associado a mudan\u00e7as de longo prazo nos\u00a0<strong>dois sintomas principais do TDAH: desaten\u00e7\u00e3o e hiperatividade<\/strong>.<\/p>\n<\/div>\n<\/div>\n<div id=\"chunk-3i4f8\">\n<div class=\"mc-column content-text active-extra-styles \" data-block-type=\"unstyled\" data-block-weight=\"45\" data-block-id=\"7\">\n<p class=\" content-text__container \" data-track-category=\"Link no Texto\" data-track-links=\"\" data-mrf-recirculation=\"Mat\u00e9ria - Links no Texto\">Nossa principal descoberta foi que o uso de redes sociais estava associado a um aumento gradual da desaten\u00e7\u00e3o. Jogar ou assistir a v\u00eddeos n\u00e3o apresentou esse efeito. Esses padr\u00f5es se mantiveram mesmo ap\u00f3s considerar o risco gen\u00e9tico de TDAH e a renda familiar das crian\u00e7as.<\/p>\n<\/div>\n<\/div>\n<div id=\"chunk-e52nf\">\n<div class=\"mc-column content-text active-extra-styles \" data-block-type=\"unstyled\" data-block-weight=\"31\" data-block-id=\"10\">\n<p class=\" content-text__container \" data-track-category=\"Link no Texto\" data-track-links=\"\" data-mrf-recirculation=\"Mat\u00e9ria - Links no Texto\">Tamb\u00e9m testamos se a desaten\u00e7\u00e3o poderia levar as crian\u00e7as a usar mais redes sociais. N\u00e3o levou. A dire\u00e7\u00e3o foi apenas uma:\u00a0<strong>o uso de redes sociais predisse maior desaten\u00e7\u00e3o no futuro<\/strong>.<\/p>\n<\/div>\n<\/div>\n<div id=\"chunk-7hodg\">\n<div class=\"mc-column content-text active-extra-styles \" data-block-type=\"unstyled\" data-block-weight=\"51\" data-block-id=\"11\">\n<p class=\" content-text__container \" data-track-category=\"Link no Texto\" data-track-links=\"\" data-mrf-recirculation=\"Mat\u00e9ria - Links no Texto\">Os mecanismos de como a m\u00eddia digital afeta a aten\u00e7\u00e3o ainda s\u00e3o desconhecidos. Mas a aus\u00eancia de efeito negativo de outras atividades na tela nos permite descartar uma influ\u00eancia geral dos dispositivos ou a no\u00e7\u00e3o popular de que toda m\u00eddia digital produz \u201cpicos de dopamina\u201d que bagun\u00e7am a aten\u00e7\u00e3o das crian\u00e7as.<\/p>\n<\/div>\n<\/div>\n<div id=\"chunk-46gnv\">\n<div class=\"mc-column content-text active-extra-styles \" data-block-type=\"unstyled\" data-block-weight=\"22\" data-block-id=\"13\">\n<p class=\" content-text__container \" data-track-category=\"Link no Texto\" data-track-links=\"\" data-mrf-recirculation=\"Mat\u00e9ria - Links no Texto\">Como neurocientistas cognitivos, podemos arriscar um palpite fundamentado. As redes sociais introduzem distra\u00e7\u00f5es constantes, impedindo a manuten\u00e7\u00e3o da aten\u00e7\u00e3o em qualquer tarefa.<\/p>\n<\/div>\n<\/div>\n<div id=\"chunk-b16c6\">\n<div class=\"mc-column content-text active-extra-styles \" data-block-type=\"unstyled\" data-block-weight=\"46\" data-block-id=\"14\">\n<p class=\" content-text__container \" data-track-category=\"Link no Texto\" data-track-links=\"\" data-mrf-recirculation=\"Mat\u00e9ria - Links no Texto\">Se n\u00e3o s\u00e3o as mensagens em si que distraem, o simples pensamento de que uma nova mensagem possa ter chegado j\u00e1 funciona como interrup\u00e7\u00e3o mental. Essas distra\u00e7\u00f5es prejudicam o foco no momento e, quando se acumulam por meses ou anos, podem gerar efeitos de longo prazo.<\/p>\n<\/div>\n<\/div>\n<div id=\"chunk-7bab9\">\n<div class=\"mc-column content-text active-extra-styles \" data-block-type=\"unstyled\" data-block-weight=\"24\" data-block-id=\"15\">\n<p class=\" content-text__container \" data-track-category=\"Link no Texto\" data-track-links=\"\" data-mrf-recirculation=\"Mat\u00e9ria - Links no Texto\">Jogos eletr\u00f4nicos, por outro lado, ocorrem em sess\u00f5es delimitadas, n\u00e3o ao longo de todo o dia, e envolvem foco constante em uma \u00fanica tarefa.<\/p>\n<\/div>\n<\/div>\n<div id=\"chunk-3oevm\">\n<div class=\"mc-column content-text active-extra-styles\" style=\"text-align: center;\" data-block-type=\"raw\" data-block-weight=\"6\" data-block-id=\"16\">\n<blockquote class=\"content-blockquote theme-border-color-primary-before\"><p>Nem todas as telas s\u00e3o iguais.<\/p><\/blockquote>\n<\/div>\n<\/div>\n<div id=\"chunk-fvnuo\">\n<div class=\"mc-column content-text active-extra-styles \" data-block-type=\"unstyled\" data-block-weight=\"40\" data-block-id=\"17\">\n<p class=\" content-text__container \" data-track-category=\"Link no Texto\" data-track-links=\"\" data-mrf-recirculation=\"Mat\u00e9ria - Links no Texto\">Em termos estat\u00edsticos, o efeito das redes sociais n\u00e3o foi grande. N\u00e3o foi suficiente para transformar uma pessoa com aten\u00e7\u00e3o normal em algu\u00e9m com TDAH. Mas, se toda a popula\u00e7\u00e3o se torna mais desatenta, muitos acabam ultrapassando o limite diagn\u00f3stico.<\/p>\n<\/div>\n<\/div>\n<div id=\"chunk-f3us6\">\n<div class=\"mc-column content-text active-extra-styles \" data-block-type=\"unstyled\" data-block-weight=\"46\" data-block-id=\"18\">\n<p class=\" content-text__container \" data-track-category=\"Link no Texto\" data-track-links=\"\" data-mrf-recirculation=\"Mat\u00e9ria - Links no Texto\">Teoricamente, um aumento de uma hora no uso de redes sociais em toda a popula\u00e7\u00e3o elevaria os diagn\u00f3sticos em cerca de 30%. Isso \u00e9 uma simplifica\u00e7\u00e3o, j\u00e1 que diagn\u00f3sticos dependem de muitos fatores, mas ilustra como um efeito pequeno no indiv\u00edduo pode ter grande impacto populacional.<\/p>\n<\/div>\n<\/div>\n<div id=\"chunk-2nbg7\">\n<div class=\"mc-column content-text active-extra-styles \" data-block-type=\"unstyled\" data-block-weight=\"49\" data-block-id=\"19\">\n<p class=\" content-text__container \" data-track-category=\"Link no Texto\" data-track-links=\"\" data-mrf-recirculation=\"Mat\u00e9ria - Links no Texto\">H\u00e1 muitos dados sugerindo que j\u00e1 vimos ao menos uma hora a mais de redes sociais por dia ao longo da \u00faltima d\u00e9cada ou duas. Vinte anos atr\u00e1s, redes sociais praticamente n\u00e3o existiam. Agora, adolescentes passam cerca de cinco horas por dia online, em sua maioria nas redes sociais.<\/p>\n<\/div>\n<\/div>\n<div id=\"chunk-4u3qs\">\n<div class=\"mc-column content-text active-extra-styles \" data-block-type=\"unstyled\" data-block-weight=\"51\" data-block-id=\"21\">\n<p class=\" content-text__container \" data-track-category=\"Link no Texto\" data-track-links=\"\" data-mrf-recirculation=\"Mat\u00e9ria - Links no Texto\">A porcentagem de jovens que dizem estar \u201cconstantemente online\u201d subiu de 24% em 2015 para 46% em 2023. Dado que o uso de redes sociais passou de quase zero para cerca de cinco horas di\u00e1rias, isso pode explicar uma parte importante do aumento nos diagn\u00f3sticos de TDAH nos \u00faltimos 15 anos.<\/p>\n<\/div>\n<\/div>\n<div id=\"chunk-1m0gi\">\n<div class=\"mc-column content-text active-extra-styles\" data-block-type=\"raw\" data-block-weight=\"4\" data-block-id=\"22\">\n<p class=\"content-text__container\" data-mrf-recirculation=\"Mat\u00e9ria - Links no Texto\">\n<div class=\"content-intertitle\">\n<h2>A lacuna da aten\u00e7\u00e3o<\/h2>\n<\/div>\n<\/div>\n<\/div>\n<div id=\"chunk-b643h\">\n<div class=\"mc-column content-text active-extra-styles \" data-block-type=\"unstyled\" data-block-weight=\"29\" data-block-id=\"23\">\n<p class=\" content-text__container \" data-track-category=\"Link no Texto\" data-track-links=\"\" data-mrf-recirculation=\"Mat\u00e9ria - Links no Texto\">Alguns argumentam que o aumento nos diagn\u00f3sticos de TDAH reflete maior conscientiza\u00e7\u00e3o e menos estigma. Isso pode ser parte da explica\u00e7\u00e3o, mas n\u00e3o exclui um aumento real da desaten\u00e7\u00e3o.<\/p>\n<\/div>\n<\/div>\n<div id=\"chunk-9lfap\">\n<div class=\"mc-column content-text active-extra-styles \" data-block-type=\"unstyled\" data-block-weight=\"33\" data-block-id=\"24\">\n<p class=\" content-text__container \" data-track-category=\"Link no Texto\" data-track-links=\"\" data-mrf-recirculation=\"Mat\u00e9ria - Links no Texto\">Al\u00e9m disso, alguns estudos que afirmam n\u00e3o haver aumento dos sintomas de desaten\u00e7\u00e3o analisaram crian\u00e7as provavelmente jovens demais para ter um smartphone, ou per\u00edodos anteriores \u00e0 explos\u00e3o do uso cont\u00ednuo de redes sociais.<\/p>\n<\/div>\n<\/div>\n<div id=\"chunk-9kifq\">\n<div class=\"mc-column content-text active-extra-styles \" data-block-type=\"unstyled\" data-block-weight=\"37\" data-block-id=\"25\">\n<p class=\" content-text__container \" data-track-category=\"Link no Texto\" data-track-links=\"\" data-mrf-recirculation=\"Mat\u00e9ria - Links no Texto\">Redes sociais provavelmente aumentam a desaten\u00e7\u00e3o \u2014 e o uso dessas plataformas disparou. E agora? Nos EUA, \u00e9 preciso ter ao menos 13 anos para criar conta na maioria das redes, mas \u00e9 f\u00e1cil burlar essa regra.<\/p>\n<\/div>\n<\/div>\n<div id=\"chunk-65o1a\">\n<div class=\"mc-column content-text active-extra-styles \" data-block-type=\"unstyled\" data-block-weight=\"53\" data-block-id=\"26\">\n<p class=\" content-text__container \" data-track-category=\"Link no Texto\" data-track-links=\"\" data-mrf-recirculation=\"Mat\u00e9ria - Links no Texto\">A Austr\u00e1lia est\u00e1 indo mais longe. A partir de 10 de dezembro de 2025, empresas de m\u00eddia dever\u00e3o garantir que usu\u00e1rios tenham 16 anos ou mais, sob pena de multas pesadas para quem n\u00e3o cumprir. Vamos ver qual ser\u00e1 o efeito dessa legisla\u00e7\u00e3o. Talvez o resto do mundo deva seguir o exemplo australiano.<\/p>\n<\/div>\n<\/div>\n<div id=\"chunk-9bcm4\">\n<div class=\"mc-column content-text active-extra-styles \" data-block-type=\"unstyled\" data-block-weight=\"10\" data-block-id=\"28\">\n<p class=\" content-text__container \" data-track-category=\"Link no Texto\" data-track-links=\"\" data-mrf-recirculation=\"Mat\u00e9ria - Links no Texto\"><em>*Torkel Klingberg \u00e9 professor de Neuroci\u00eancia Cognitiva no Karolinska Institutet.<\/em><\/p>\n<\/div>\n<\/div>\n<div id=\"chunk-2juj7\">\n<div class=\"mc-column content-text active-extra-styles \" data-block-type=\"unstyled\" data-block-weight=\"16\" data-block-id=\"29\">\n<p class=\" content-text__container \" data-track-category=\"Link no Texto\" data-track-links=\"\" data-mrf-recirculation=\"Mat\u00e9ria - Links no Texto\"><em>*Samson Nivins \u00e9 pesquisador de p\u00f3s-doutorado em Sa\u00fade da Mulher e da Crian\u00e7a no Karolinska Institutet.<\/em><\/p>\n<\/div>\n<\/div>\n<div id=\"chunk-60ldg\">\n<div class=\"mc-column content-text active-extra-styles \" data-block-type=\"unstyled\" data-block-weight=\"10\" data-block-id=\"30\">\n<p class=\" content-text__container \" data-track-category=\"Link no Texto\" data-track-links=\"\" data-mrf-recirculation=\"Mat\u00e9ria - Links no Texto\"><em>**Este texto foi publicado originalmente no\u00a0<\/em><a class=\"\" href=\"https:\/\/theconversation.com\/social-media-not-gaming-tied-to-rising-attention-problems-in-teens-new-study-finds-271144\" target=\"_blank\" rel=\"noopener\" data-mrf-link=\"https:\/\/theconversation.com\/social-media-not-gaming-tied-to-rising-attention-problems-in-teens-new-study-finds-271144\"><em>site\u00a0<\/em><\/a><em>da The Conversation.<\/em><\/p>\n<\/div>\n<p data-track-category=\"Link no Texto\" data-track-links=\"\" data-mrf-recirculation=\"Mat\u00e9ria - Links no Texto\">\n<p data-track-category=\"Link no Texto\" data-track-links=\"\" data-mrf-recirculation=\"Mat\u00e9ria - Links no Texto\">Fonte: Portal G1.<br \/>\nConfira esta e outras mat\u00e9rias na \u00edntegra pelo link: https:\/\/g1.globo.com\/saude\/noticia\/2025\/12\/09\/games-nao-sao-o-problema-por-que-as-redes-sociais-podem-piorar-concentracao-de-adolescentes.ghtml<\/p>\n<\/div>\n<\/div>\n","protected":false},"excerpt":{"rendered":"<p>Novo estudo analisou como h\u00e1bitos de uso de redes sociais por adolescentes poderia estar associa\u00e7\u00e3o a dois principais sintomas de d\u00e9ficit de aten\u00e7\u00e3o: desaten\u00e7\u00e3o e hiperatividade. &nbsp; Adolescentes com problemas de sa\u00fade mental passam mais tempo nas redes sociais \u2014 Foto: Adobe Stock A revolu\u00e7\u00e3o digital se tornou um grande experimento n\u00e3o planejado \u2013 e [&hellip;]<\/p>\n","protected":false},"author":3,"featured_media":14133,"comment_status":"open","ping_status":"open","sticky":false,"template":"","format":"standard","meta":{"om_disable_all_campaigns":false,"_monsterinsights_skip_tracking":false,"_monsterinsights_sitenote_active":false,"_monsterinsights_sitenote_note":"","_monsterinsights_sitenote_category":0,"footnotes":""},"categories":[42],"tags":[],"class_list":["post-14132","post","type-post","status-publish","format-standard","has-post-thumbnail","hentry","category-saude"],"jetpack_featured_media_url":"https:\/\/fatoelado.com\/wp-content\/uploads\/2025\/12\/adobestock-497902707-1-.avif","_links":{"self":[{"href":"https:\/\/fatoelado.com\/index.php?rest_route=\/wp\/v2\/posts\/14132","targetHints":{"allow":["GET"]}}],"collection":[{"href":"https:\/\/fatoelado.com\/index.php?rest_route=\/wp\/v2\/posts"}],"about":[{"href":"https:\/\/fatoelado.com\/index.php?rest_route=\/wp\/v2\/types\/post"}],"author":[{"embeddable":true,"href":"https:\/\/fatoelado.com\/index.php?rest_route=\/wp\/v2\/users\/3"}],"replies":[{"embeddable":true,"href":"https:\/\/fatoelado.com\/index.php?rest_route=%2Fwp%2Fv2%2Fcomments&post=14132"}],"version-history":[{"count":1,"href":"https:\/\/fatoelado.com\/index.php?rest_route=\/wp\/v2\/posts\/14132\/revisions"}],"predecessor-version":[{"id":14134,"href":"https:\/\/fatoelado.com\/index.php?rest_route=\/wp\/v2\/posts\/14132\/revisions\/14134"}],"wp:featuredmedia":[{"embeddable":true,"href":"https:\/\/fatoelado.com\/index.php?rest_route=\/wp\/v2\/media\/14133"}],"wp:attachment":[{"href":"https:\/\/fatoelado.com\/index.php?rest_route=%2Fwp%2Fv2%2Fmedia&parent=14132"}],"wp:term":[{"taxonomy":"category","embeddable":true,"href":"https:\/\/fatoelado.com\/index.php?rest_route=%2Fwp%2Fv2%2Fcategories&post=14132"},{"taxonomy":"post_tag","embeddable":true,"href":"https:\/\/fatoelado.com\/index.php?rest_route=%2Fwp%2Fv2%2Ftags&post=14132"}],"curies":[{"name":"wp","href":"https:\/\/api.w.org\/{rel}","templated":true}]}}