{"id":13963,"date":"2025-12-06T21:11:30","date_gmt":"2025-12-07T00:11:30","guid":{"rendered":"https:\/\/fatoelado.com\/?p=13963"},"modified":"2025-12-06T21:11:30","modified_gmt":"2025-12-07T00:11:30","slug":"central-de-diagnostico-e-inaugurada-em-castelo-do-piaui-com-capacidade-para-7-mil-exames-por-mes","status":"publish","type":"post","link":"https:\/\/fatoelado.com\/?p=13963","title":{"rendered":"Central de Diagn\u00f3stico \u00e9 inaugurada em Castelo do Piau\u00ed com capacidade para 7 mil exames por m\u00eas"},"content":{"rendered":"<h2 class=\"elementor-heading-title elementor-size-default\" style=\"text-align: center;\">Unidade \u00e9 a 10\u00aa entregue no estado e amplia acesso a exames gratuitos para a popula\u00e7\u00e3o da regi\u00e3o.<\/h2>\n<p>&nbsp;<\/p>\n<p>O governador Rafael Fonteles inaugurou, neste s\u00e1bado (6), a nova Central de Diagn\u00f3stico de Castelo do Piau\u00ed. A unidade, instalada no bairro Cohab, tem capacidade para realizar at\u00e9 7 mil exames por m\u00eas e representa um avan\u00e7o significativo na oferta de servi\u00e7os de sa\u00fade para a popula\u00e7\u00e3o do munic\u00edpio e de cidades vizinhas.<\/p>\n<p>A central \u00e9 a 10\u00aa entregue no estado dentro do Programa de Regionaliza\u00e7\u00e3o da Sa\u00fade, coordenado pela Secretaria da Sa\u00fade (Sesapi). Segundo o governador, outras seis unidades est\u00e3o em fase final de implanta\u00e7\u00e3o, o que elevar\u00e1 para 16 o total de centrais em funcionamento no Piau\u00ed.<\/p>\n<figure id=\"attachment_104098\" class=\"wp-caption alignnone\" aria-describedby=\"caption-attachment-104098\"><img loading=\"lazy\" decoding=\"async\" class=\"size-full wp-image-104098\" src=\"https:\/\/www.pi.gov.br\/wp-content\/uploads\/2025\/12\/Inauguracao-da-Central-de-Diagnostico-de-Castelo-do-Piaui-gabriel-torres-12.jpeg\" sizes=\"auto, (max-width: 1280px) 100vw, 1280px\" srcset=\"https:\/\/www.pi.gov.br\/wp-content\/uploads\/2025\/12\/Inauguracao-da-Central-de-Diagnostico-de-Castelo-do-Piaui-gabriel-torres-12.jpeg 1280w, https:\/\/www.pi.gov.br\/wp-content\/uploads\/2025\/12\/Inauguracao-da-Central-de-Diagnostico-de-Castelo-do-Piaui-gabriel-torres-12-300x200.jpeg 300w, https:\/\/www.pi.gov.br\/wp-content\/uploads\/2025\/12\/Inauguracao-da-Central-de-Diagnostico-de-Castelo-do-Piaui-gabriel-torres-12-1024x682.jpeg 1024w, https:\/\/www.pi.gov.br\/wp-content\/uploads\/2025\/12\/Inauguracao-da-Central-de-Diagnostico-de-Castelo-do-Piaui-gabriel-torres-12-768x512.jpeg 768w\" alt=\"\" width=\"1280\" height=\"853\" \/><figcaption id=\"caption-attachment-104098\" class=\"wp-caption-text\">Foto: Gabriel Torres<\/figcaption><\/figure>\n<p>O espa\u00e7o est\u00e1 equipado para oferecer exames de mamografia, tomografia, raios X, ultrassonografia, endoscopia e servi\u00e7os laboratoriais, todos com agendamento e atendimento gratuito pelo Sistema \u00danico de Sa\u00fade (SUS).<\/p>\n<figure id=\"attachment_104097\" class=\"wp-caption alignnone\" aria-describedby=\"caption-attachment-104097\"><img loading=\"lazy\" decoding=\"async\" class=\"size-full wp-image-104097\" src=\"https:\/\/www.pi.gov.br\/wp-content\/uploads\/2025\/12\/Inauguracao-da-Central-de-Diagnostico-de-Castelo-do-Piaui-gabriel-torres-11.jpeg\" sizes=\"auto, (max-width: 1280px) 100vw, 1280px\" srcset=\"https:\/\/www.pi.gov.br\/wp-content\/uploads\/2025\/12\/Inauguracao-da-Central-de-Diagnostico-de-Castelo-do-Piaui-gabriel-torres-11.jpeg 1280w, https:\/\/www.pi.gov.br\/wp-content\/uploads\/2025\/12\/Inauguracao-da-Central-de-Diagnostico-de-Castelo-do-Piaui-gabriel-torres-11-300x200.jpeg 300w, https:\/\/www.pi.gov.br\/wp-content\/uploads\/2025\/12\/Inauguracao-da-Central-de-Diagnostico-de-Castelo-do-Piaui-gabriel-torres-11-1024x682.jpeg 1024w, https:\/\/www.pi.gov.br\/wp-content\/uploads\/2025\/12\/Inauguracao-da-Central-de-Diagnostico-de-Castelo-do-Piaui-gabriel-torres-11-768x512.jpeg 768w\" alt=\"\" width=\"1280\" height=\"853\" \/><figcaption id=\"caption-attachment-104097\" class=\"wp-caption-text\">Foto: Gabriel Torres<\/figcaption><\/figure>\n<p>Durante a inaugura\u00e7\u00e3o, o governador destacou a import\u00e2ncia da obra para a popula\u00e7\u00e3o e o impacto direto na qualidade do atendimento. \u201c\u00c9 uma obra hist\u00f3rica, talvez a principal entrega dos \u00faltimos tempos aqui para Castelo, porque ser\u00e3o 7 mil exames por m\u00eas, tirando do sofrimento muita gente que enfrenta a demora e os custos de deslocamento e dos exames\u201d, afirmou o gestor.<\/p>\n<figure id=\"attachment_104094\" class=\"wp-caption alignnone\" aria-describedby=\"caption-attachment-104094\"><img loading=\"lazy\" decoding=\"async\" class=\"wp-image-104094 size-full\" src=\"https:\/\/www.pi.gov.br\/wp-content\/uploads\/2025\/12\/Inauguracao-da-Central-de-Diagnostico-de-Castelo-do-Piaui-gabriel-torres-8.jpeg\" sizes=\"auto, (max-width: 1280px) 100vw, 1280px\" srcset=\"https:\/\/www.pi.gov.br\/wp-content\/uploads\/2025\/12\/Inauguracao-da-Central-de-Diagnostico-de-Castelo-do-Piaui-gabriel-torres-8.jpeg 1280w, https:\/\/www.pi.gov.br\/wp-content\/uploads\/2025\/12\/Inauguracao-da-Central-de-Diagnostico-de-Castelo-do-Piaui-gabriel-torres-8-300x200.jpeg 300w, https:\/\/www.pi.gov.br\/wp-content\/uploads\/2025\/12\/Inauguracao-da-Central-de-Diagnostico-de-Castelo-do-Piaui-gabriel-torres-8-1024x682.jpeg 1024w, https:\/\/www.pi.gov.br\/wp-content\/uploads\/2025\/12\/Inauguracao-da-Central-de-Diagnostico-de-Castelo-do-Piaui-gabriel-torres-8-768x512.jpeg 768w\" alt=\"\" width=\"1280\" height=\"853\" \/><figcaption id=\"caption-attachment-104094\" class=\"wp-caption-text\">Foto: Gabriel Torres<\/figcaption><\/figure>\n<p>O prefeito de Castelo do Piau\u00ed, J\u00fanior Abreu, tamb\u00e9m destacou a import\u00e2ncia da nova estrutura para a sa\u00fade regional. \u201cAqui n\u00e3o sou eu que estou recebendo as obras, \u00e9 toda essa regi\u00e3o. A gente tem o privil\u00e9gio de entregar \u00e0 popula\u00e7\u00e3o essa Central de Diagn\u00f3stico, que vai trazer mais dignidade, mais qualidade de vida e mais sa\u00fade, n\u00e3o s\u00f3 para Castelo do Piau\u00ed, mas para toda a regi\u00e3o. A cidade est\u00e1 se transformando em um verdadeiro centro de sa\u00fade para toda essa regi\u00e3o\u201d, declarou o gestor.<\/p>\n<figure id=\"attachment_104102\" class=\"wp-caption alignnone\" aria-describedby=\"caption-attachment-104102\"><img loading=\"lazy\" decoding=\"async\" class=\"size-full wp-image-104102\" src=\"https:\/\/www.pi.gov.br\/wp-content\/uploads\/2025\/12\/Inauguracao-da-Central-de-Diagnostico-de-Castelo-do-Piaui-gabriel-torres-16.jpeg\" sizes=\"auto, (max-width: 1280px) 100vw, 1280px\" srcset=\"https:\/\/www.pi.gov.br\/wp-content\/uploads\/2025\/12\/Inauguracao-da-Central-de-Diagnostico-de-Castelo-do-Piaui-gabriel-torres-16.jpeg 1280w, https:\/\/www.pi.gov.br\/wp-content\/uploads\/2025\/12\/Inauguracao-da-Central-de-Diagnostico-de-Castelo-do-Piaui-gabriel-torres-16-300x200.jpeg 300w, https:\/\/www.pi.gov.br\/wp-content\/uploads\/2025\/12\/Inauguracao-da-Central-de-Diagnostico-de-Castelo-do-Piaui-gabriel-torres-16-1024x682.jpeg 1024w, https:\/\/www.pi.gov.br\/wp-content\/uploads\/2025\/12\/Inauguracao-da-Central-de-Diagnostico-de-Castelo-do-Piaui-gabriel-torres-16-768x512.jpeg 768w\" alt=\"\" width=\"1280\" height=\"853\" \/><figcaption id=\"caption-attachment-104102\" class=\"wp-caption-text\">Foto: Gabriel Torres<\/p>\n<p>Fonte: Portal pi.Gov<br \/>\nConfira esta e outras mat\u00e9rias na \u00edntegra pelo link: https:\/\/www.pi.gov.br\/central-de-diagnostico-e-inaugurada-em-castelo-do-piaui-com-capacidade-para-7-mil-exames-por-mes\/<\/figcaption><\/figure>\n","protected":false},"excerpt":{"rendered":"<p>Unidade \u00e9 a 10\u00aa entregue no estado e amplia acesso a exames gratuitos para a popula\u00e7\u00e3o da regi\u00e3o. &nbsp; O governador Rafael Fonteles inaugurou, neste s\u00e1bado (6), a nova Central de Diagn\u00f3stico de Castelo do Piau\u00ed. A unidade, instalada no bairro Cohab, tem capacidade para realizar at\u00e9 7 mil exames por m\u00eas e representa um [&hellip;]<\/p>\n","protected":false},"author":3,"featured_media":13964,"comment_status":"open","ping_status":"open","sticky":false,"template":"","format":"standard","meta":{"om_disable_all_campaigns":false,"_monsterinsights_skip_tracking":false,"_monsterinsights_sitenote_active":false,"_monsterinsights_sitenote_note":"","_monsterinsights_sitenote_category":0,"footnotes":""},"categories":[33,42],"tags":[],"class_list":["post-13963","post","type-post","status-publish","format-standard","has-post-thumbnail","hentry","category-piaui","category-saude"],"jetpack_featured_media_url":"https:\/\/fatoelado.com\/wp-content\/uploads\/2025\/12\/Inauguracao-da-Central-de-Diagnostico-de-Castelo-do-Piaui-gabriel-torres-16.jpeg","_links":{"self":[{"href":"https:\/\/fatoelado.com\/index.php?rest_route=\/wp\/v2\/posts\/13963","targetHints":{"allow":["GET"]}}],"collection":[{"href":"https:\/\/fatoelado.com\/index.php?rest_route=\/wp\/v2\/posts"}],"about":[{"href":"https:\/\/fatoelado.com\/index.php?rest_route=\/wp\/v2\/types\/post"}],"author":[{"embeddable":true,"href":"https:\/\/fatoelado.com\/index.php?rest_route=\/wp\/v2\/users\/3"}],"replies":[{"embeddable":true,"href":"https:\/\/fatoelado.com\/index.php?rest_route=%2Fwp%2Fv2%2Fcomments&post=13963"}],"version-history":[{"count":1,"href":"https:\/\/fatoelado.com\/index.php?rest_route=\/wp\/v2\/posts\/13963\/revisions"}],"predecessor-version":[{"id":13965,"href":"https:\/\/fatoelado.com\/index.php?rest_route=\/wp\/v2\/posts\/13963\/revisions\/13965"}],"wp:featuredmedia":[{"embeddable":true,"href":"https:\/\/fatoelado.com\/index.php?rest_route=\/wp\/v2\/media\/13964"}],"wp:attachment":[{"href":"https:\/\/fatoelado.com\/index.php?rest_route=%2Fwp%2Fv2%2Fmedia&parent=13963"}],"wp:term":[{"taxonomy":"category","embeddable":true,"href":"https:\/\/fatoelado.com\/index.php?rest_route=%2Fwp%2Fv2%2Fcategories&post=13963"},{"taxonomy":"post_tag","embeddable":true,"href":"https:\/\/fatoelado.com\/index.php?rest_route=%2Fwp%2Fv2%2Ftags&post=13963"}],"curies":[{"name":"wp","href":"https:\/\/api.w.org\/{rel}","templated":true}]}}