{"id":13960,"date":"2025-12-06T21:10:45","date_gmt":"2025-12-07T00:10:45","guid":{"rendered":"https:\/\/fatoelado.com\/?p=13960"},"modified":"2025-12-06T21:10:45","modified_gmt":"2025-12-07T00:10:45","slug":"castelo-do-piaui-recebe-unidade-integrada-de-seguranca-revitalizada-municipio-registrou-apenas-um-homicidio-este-ano","status":"publish","type":"post","link":"https:\/\/fatoelado.com\/?p=13960","title":{"rendered":"Castelo do Piau\u00ed recebe Unidade Integrada de Seguran\u00e7a revitalizada; munic\u00edpio registrou apenas um homic\u00eddio este ano"},"content":{"rendered":"<h2 class=\"elementor-heading-title elementor-size-default\" style=\"text-align: center;\">O refor\u00e7o na seguran\u00e7a p\u00fablica e a integra\u00e7\u00e3o das pol\u00edcias resulta na queda de homic\u00eddios e roubos no munic\u00edpio.<\/h2>\n<p>&nbsp;<\/p>\n<p>O governador Rafael Fonteles inaugurou, neste s\u00e1bado (6), em Castelo do Piau\u00ed, a nova Unidade Integrada da Seguran\u00e7a P\u00fablica (Uisp) no munic\u00edpio totalmente revitalizada. A estrutura recebeu um investimento de R$ 520 mil e a entrega refor\u00e7a um resultado expressivo alcan\u00e7ado pela cidade: apenas um homic\u00eddio registrado em 2025, al\u00e9m de apenas um roubo no mesmo per\u00edodo, n\u00fameros que refletem o fortalecimento das a\u00e7\u00f5es de seguran\u00e7a na regi\u00e3o.<\/p>\n<p>A nova estrutura re\u00fane, em um \u00fanico pr\u00e9dio, as equipes da Pol\u00edcia Civil e da Pol\u00edcia Militar, ampliando a integra\u00e7\u00e3o e dando mais agilidade \u00e0s opera\u00e7\u00f5es de preven\u00e7\u00e3o e combate \u00e0 criminalidade. O pr\u00e9dio, que funcionava como a antiga cadeia p\u00fablica, passou por completa reestrutura\u00e7\u00e3o e agora oferece melhores condi\u00e7\u00f5es de trabalho \u00e0s for\u00e7as policiais.<\/p>\n<p>O governador destacou que a unidade faz parte do conjunto de investimentos que o Estado vem realizando para reduzir a viol\u00eancia. \u201cCastelo \u00e9 uma cidade polo e agora conta com uma unidade integrada, com Pol\u00edcia Civil e Militar no mesmo local, garantindo mais efici\u00eancia no atendimento. Estamos investindo na valoriza\u00e7\u00e3o dos policiais e nos espa\u00e7os onde atuam\u201d, afirmou Rafael Fonteles.<\/p>\n<figure id=\"attachment_104058\" class=\"wp-caption alignnone\" aria-describedby=\"caption-attachment-104058\"><img loading=\"lazy\" decoding=\"async\" class=\"wp-image-104058 size-full\" src=\"https:\/\/www.pi.gov.br\/wp-content\/uploads\/2025\/12\/entrega-reforma-Unidade-Integrada-da-Seguranca-Publica-Uisp-castelo-piaui-gabriel-torres-2.jpeg\" sizes=\"auto, (max-width: 1280px) 100vw, 1280px\" srcset=\"https:\/\/www.pi.gov.br\/wp-content\/uploads\/2025\/12\/entrega-reforma-Unidade-Integrada-da-Seguranca-Publica-Uisp-castelo-piaui-gabriel-torres-2.jpeg 1280w, https:\/\/www.pi.gov.br\/wp-content\/uploads\/2025\/12\/entrega-reforma-Unidade-Integrada-da-Seguranca-Publica-Uisp-castelo-piaui-gabriel-torres-2-300x200.jpeg 300w, https:\/\/www.pi.gov.br\/wp-content\/uploads\/2025\/12\/entrega-reforma-Unidade-Integrada-da-Seguranca-Publica-Uisp-castelo-piaui-gabriel-torres-2-1024x682.jpeg 1024w, https:\/\/www.pi.gov.br\/wp-content\/uploads\/2025\/12\/entrega-reforma-Unidade-Integrada-da-Seguranca-Publica-Uisp-castelo-piaui-gabriel-torres-2-768x512.jpeg 768w\" alt=\"\" width=\"1280\" height=\"853\" \/><figcaption id=\"caption-attachment-104058\" class=\"wp-caption-text\">Foto: Gabriel Torres<\/figcaption><\/figure>\n<p>Ainda segundo o gestor, os n\u00fameros comprovam a efic\u00e1cia na seguran\u00e7a do munic\u00edpio. Em 2024, foram registrados tr\u00eas homic\u00eddios em Castelo do Piau\u00ed, reduzindo para um neste ano. \u201cAl\u00e9m disso, apenas um roubo durante todo o ano. Mostramos resultado com uma pol\u00edtica s\u00e9ria de seguran\u00e7a p\u00fablica. Nosso objetivo \u00e9 manter uma cultura de paz, com a presen\u00e7a da pol\u00edcia inibindo qualquer tentativa de viol\u00eancia\u201d, destacou o governador.<\/p>\n<figure id=\"attachment_104059\" class=\"wp-caption alignnone\" aria-describedby=\"caption-attachment-104059\"><img loading=\"lazy\" decoding=\"async\" class=\"wp-image-104059 size-full\" src=\"https:\/\/www.pi.gov.br\/wp-content\/uploads\/2025\/12\/entrega-reforma-Unidade-Integrada-da-Seguranca-Publica-Uisp-castelo-piaui-gabriel-torres-3.jpeg\" sizes=\"auto, (max-width: 1280px) 100vw, 1280px\" srcset=\"https:\/\/www.pi.gov.br\/wp-content\/uploads\/2025\/12\/entrega-reforma-Unidade-Integrada-da-Seguranca-Publica-Uisp-castelo-piaui-gabriel-torres-3.jpeg 1280w, https:\/\/www.pi.gov.br\/wp-content\/uploads\/2025\/12\/entrega-reforma-Unidade-Integrada-da-Seguranca-Publica-Uisp-castelo-piaui-gabriel-torres-3-300x200.jpeg 300w, https:\/\/www.pi.gov.br\/wp-content\/uploads\/2025\/12\/entrega-reforma-Unidade-Integrada-da-Seguranca-Publica-Uisp-castelo-piaui-gabriel-torres-3-1024x682.jpeg 1024w, https:\/\/www.pi.gov.br\/wp-content\/uploads\/2025\/12\/entrega-reforma-Unidade-Integrada-da-Seguranca-Publica-Uisp-castelo-piaui-gabriel-torres-3-768x512.jpeg 768w\" alt=\"\" width=\"1280\" height=\"853\" \/><figcaption id=\"caption-attachment-104059\" class=\"wp-caption-text\">Foto: Gabriel Torres<\/figcaption><\/figure>\n<p>O subsecret\u00e1rio estadual de Seguran\u00e7a P\u00fablica, delegado Jetan Pinheiro, refor\u00e7ou os resultados obtidos. \u201cNa semana passada estivemos em S\u00e3o Francisco do Piau\u00ed, inaugurando o GPM e, agora, uma Uisp em Castelo do Piau\u00ed. Essa integra\u00e7\u00e3o permite essa redu\u00e7\u00e3o na criminalidade. \u00c9 o impacto direto da presen\u00e7a e da integra\u00e7\u00e3o das for\u00e7as de seguran\u00e7a\u201d, disse o gestor.<\/p>\n<p>O prefeito de Castelo, J\u00fanior Abreu, tamb\u00e9m destacou os avan\u00e7os. \u201cEssa nova unidade representa mais tranquilidade para as fam\u00edlias. \u00c9 uma estrutura moderna, que refor\u00e7a a presen\u00e7a do Estado e d\u00e1 mais seguran\u00e7a ao nosso povo. O Governo do Piau\u00ed tem olhado para a nossa cidade com carinho e fortalecido \u00e1reas essenciais, como seguran\u00e7a, sa\u00fade e turismo\u201d, frisou o gestor.<\/p>\n<figure id=\"attachment_104057\" class=\"wp-caption alignnone\" aria-describedby=\"caption-attachment-104057\"><img loading=\"lazy\" decoding=\"async\" class=\"size-full wp-image-104057\" src=\"https:\/\/www.pi.gov.br\/wp-content\/uploads\/2025\/12\/entrega-reforma-Unidade-Integrada-da-Seguranca-Publica-Uisp-castelo-piaui-gabriel-torres-1.jpeg\" sizes=\"auto, (max-width: 1280px) 100vw, 1280px\" srcset=\"https:\/\/www.pi.gov.br\/wp-content\/uploads\/2025\/12\/entrega-reforma-Unidade-Integrada-da-Seguranca-Publica-Uisp-castelo-piaui-gabriel-torres-1.jpeg 1280w, https:\/\/www.pi.gov.br\/wp-content\/uploads\/2025\/12\/entrega-reforma-Unidade-Integrada-da-Seguranca-Publica-Uisp-castelo-piaui-gabriel-torres-1-300x200.jpeg 300w, https:\/\/www.pi.gov.br\/wp-content\/uploads\/2025\/12\/entrega-reforma-Unidade-Integrada-da-Seguranca-Publica-Uisp-castelo-piaui-gabriel-torres-1-1024x682.jpeg 1024w, https:\/\/www.pi.gov.br\/wp-content\/uploads\/2025\/12\/entrega-reforma-Unidade-Integrada-da-Seguranca-Publica-Uisp-castelo-piaui-gabriel-torres-1-768x512.jpeg 768w\" alt=\"\" width=\"1280\" height=\"853\" \/><figcaption id=\"caption-attachment-104057\" class=\"wp-caption-text\">Foto: Gabriel Torres<\/p>\n<p>Fonte: Portal pi.Gov<br \/>\nConfira esta e outras mat\u00e9rias na \u00edntegra pelo link: https:\/\/www.pi.gov.br\/castelo-do-piaui-recebe-unidade-integrada-de-seguranca-revitalizada-municipio-registrou-apenas-um-homicidio-este-ano\/<\/figcaption><\/figure>\n","protected":false},"excerpt":{"rendered":"<p>O refor\u00e7o na seguran\u00e7a p\u00fablica e a integra\u00e7\u00e3o das pol\u00edcias resulta na queda de homic\u00eddios e roubos no munic\u00edpio. &nbsp; O governador Rafael Fonteles inaugurou, neste s\u00e1bado (6), em Castelo do Piau\u00ed, a nova Unidade Integrada da Seguran\u00e7a P\u00fablica (Uisp) no munic\u00edpio totalmente revitalizada. A estrutura recebeu um investimento de R$ 520 mil e a [&hellip;]<\/p>\n","protected":false},"author":3,"featured_media":13961,"comment_status":"open","ping_status":"open","sticky":false,"template":"","format":"standard","meta":{"om_disable_all_campaigns":false,"_monsterinsights_skip_tracking":false,"_monsterinsights_sitenote_active":false,"_monsterinsights_sitenote_note":"","_monsterinsights_sitenote_category":0,"footnotes":""},"categories":[33],"tags":[],"class_list":["post-13960","post","type-post","status-publish","format-standard","has-post-thumbnail","hentry","category-piaui"],"jetpack_featured_media_url":"https:\/\/fatoelado.com\/wp-content\/uploads\/2025\/12\/entrega-reforma-Unidade-Integrada-da-Seguranca-Publica-Uisp-castelo-piaui-gabriel-torres-1.jpeg","_links":{"self":[{"href":"https:\/\/fatoelado.com\/index.php?rest_route=\/wp\/v2\/posts\/13960","targetHints":{"allow":["GET"]}}],"collection":[{"href":"https:\/\/fatoelado.com\/index.php?rest_route=\/wp\/v2\/posts"}],"about":[{"href":"https:\/\/fatoelado.com\/index.php?rest_route=\/wp\/v2\/types\/post"}],"author":[{"embeddable":true,"href":"https:\/\/fatoelado.com\/index.php?rest_route=\/wp\/v2\/users\/3"}],"replies":[{"embeddable":true,"href":"https:\/\/fatoelado.com\/index.php?rest_route=%2Fwp%2Fv2%2Fcomments&post=13960"}],"version-history":[{"count":1,"href":"https:\/\/fatoelado.com\/index.php?rest_route=\/wp\/v2\/posts\/13960\/revisions"}],"predecessor-version":[{"id":13962,"href":"https:\/\/fatoelado.com\/index.php?rest_route=\/wp\/v2\/posts\/13960\/revisions\/13962"}],"wp:featuredmedia":[{"embeddable":true,"href":"https:\/\/fatoelado.com\/index.php?rest_route=\/wp\/v2\/media\/13961"}],"wp:attachment":[{"href":"https:\/\/fatoelado.com\/index.php?rest_route=%2Fwp%2Fv2%2Fmedia&parent=13960"}],"wp:term":[{"taxonomy":"category","embeddable":true,"href":"https:\/\/fatoelado.com\/index.php?rest_route=%2Fwp%2Fv2%2Fcategories&post=13960"},{"taxonomy":"post_tag","embeddable":true,"href":"https:\/\/fatoelado.com\/index.php?rest_route=%2Fwp%2Fv2%2Ftags&post=13960"}],"curies":[{"name":"wp","href":"https:\/\/api.w.org\/{rel}","templated":true}]}}