{"id":13868,"date":"2025-12-05T10:27:01","date_gmt":"2025-12-05T13:27:01","guid":{"rendered":"https:\/\/fatoelado.com\/?p=13868"},"modified":"2025-12-05T10:27:01","modified_gmt":"2025-12-05T13:27:01","slug":"policia-federal-e-receita-apreendem-12-tonelada-de-cocaina-no-aeroporto-de-bh","status":"publish","type":"post","link":"https:\/\/fatoelado.com\/?p=13868","title":{"rendered":"Pol\u00edcia Federal e Receita apreendem 1,2 tonelada de coca\u00edna no aeroporto de BH"},"content":{"rendered":"<h2 class=\"article-subtitle\" style=\"text-align: center;\">Droga estava em carga destinada \u00e0 Europa; opera\u00e7\u00e3o contou com trabalho de intelig\u00eancia e c\u00e3es farejadores.<\/h2>\n<p>&nbsp;<\/p>\n<div class=\"article-image-featured\"><img decoding=\"async\" class=\"i-amphtml-fill-content i-amphtml-replaced-content\" src=\"https:\/\/www.meionews.com\/uploads\/imagens\/2025\/12\/5\/droga-apreendida-no-aeroporto-de-confins--9f227fa789c9027a.jpg\" alt=\"Droga apreendida no Aeroporto de Confins | Pol\u00edcia Federal\" data-amp-loading=\"lazy\" \/><small>Droga apreendida no Aeroporto de Confins | Foto: Pol\u00edcia Federal<\/small><a href=\"https:\/\/news.google.com\/publications\/CAAiEAwZOfI6qfe4iZz5GzohUjoqFAgKIhAMGTnyOqn3uImc-Rs6IVI6?hl=pt-BR&amp;gl=BR&amp;ceid=BR%3Apt-419\" target=\"_blank\" rel=\"noopener\"><img decoding=\"async\" class=\"i-amphtml-intrinsic-sizer\" role=\"presentation\" src=\"data:;base64,<svg height=\"20px\" width=\"120px\" xmlns=\"http:\/\/www.w3.org\/2000\/svg\" version=\"1.1\"\/>&#8221; alt=&#8221;&#8221; aria-hidden=&#8221;true&#8221; \/><\/a><\/div>\n<div class=\"article-html\">\n<div class=\"article-html-more\">\n<p>A\u00a0<strong data-end=\"205\" data-start=\"181\">Pol\u00edcia Federal (PF)<\/strong>\u00a0e a\u00a0<strong data-end=\"245\" data-start=\"210\">Receita Federal do Brasil (RFB)<\/strong>\u00a0apreenderam cerca de\u00a0<strong data-end=\"294\" data-start=\"267\">1,2 tonelada de coca\u00edna<\/strong>\u00a0no\u00a0<strong data-end=\"320\" data-start=\"298\">Terminal de Cargas<\/strong>\u00a0do\u00a0<strong data-end=\"362\" data-start=\"324\">Aeroporto Internacional de Confins<\/strong>, na Regi\u00e3o Metropolitana de Belo Horizonte. A droga, embalada em\u00a0<strong data-end=\"448\" data-start=\"428\">blocos prensados<\/strong>, seria enviada para\u00a0<strong data-end=\"490\" data-start=\"469\">Lisboa (Portugal)<\/strong>, com destino final em\u00a0<strong data-end=\"532\" data-start=\"513\">Madri (Espanha)<\/strong>.<\/p>\n<h2 data-end=\"573\" data-start=\"540\">Droga escondida em m\u00f3veis<\/h2>\n<p>Segundo a PF, a coca\u00edna estava\u00a0<strong data-end=\"625\" data-start=\"605\">oculta em m\u00f3veis<\/strong>, mas n\u00e3o foram divulgadas informa\u00e7\u00f5es sobre a destina\u00e7\u00e3o desses objetos \u2014 apenas que seguiriam para a\u00a0<strong data-end=\"738\" data-start=\"728\">Europa<\/strong>.<\/p>\n<h2 data-end=\"782\" data-start=\"746\">A\u00e7\u00e3o baseada em intelig\u00eancia<\/h2>\n<p>A apreens\u00e3o ocorreu ap\u00f3s uma opera\u00e7\u00e3o de combate ao narcotr\u00e1fico que utilizou t\u00e9cnicas avan\u00e7adas de an\u00e1lise de risco e troca de informa\u00e7\u00f5es entre equipes. Dados estrat\u00e9gicos enviados pelo Aeroporto de Guarulhos (SP) permitiram uma atua\u00e7\u00e3o r\u00e1pida e precisa em Minas Gerais.<\/p>\n<p>&nbsp;<\/p>\n<div class=\"dimg\"><img decoding=\"async\" class=\"i-amphtml-intrinsic-sizer\" role=\"presentation\" src=\"data:;base64,<svg height=\"1148px\" width=\"984px\" xmlns=\"http:\/\/www.w3.org\/2000\/svg\" version=\"1.1\"\/>&#8221; alt=&#8221;&#8221; aria-hidden=&#8221;true&#8221; \/><img decoding=\"async\" class=\"i-amphtml-fill-content i-amphtml-replaced-content\" src=\"https:\/\/www.meionews.com\/uploads\/imagens\/2025\/12\/5\/policia-federal-e-receita-apreendem-1-2-tonelada-de-cocaina-no-aeroporto-de-bh--018aa111ac567f79.jpg\" alt=\"Droga estava armazenada em m\u00f3veis. \u2014 Foto: Pol\u00edcia Federal\u00a0\" data-amp-loading=\"lazy\" \/><\/div>\n<p><span class=\"fr-inner\">Droga estava armazenada em m\u00f3veis. \u2014 Foto: Pol\u00edcia Federal\u00a0<\/span><\/p>\n<div class=\"mgbox\"><\/div>\n<h2 data-end=\"1109\" data-start=\"1078\">Apoio das equipes K9<\/h2>\n<p>A opera\u00e7\u00e3o contou com a participa\u00e7\u00e3o de c\u00e3es farejadores das equipes K9, fundamentais para identificar o carregamento il\u00edcito.<\/p>\n<h2 data-end=\"1292\" data-start=\"1247\">Integra\u00e7\u00e3o contra o crime organizado<\/h2>\n<p>Para a PF, a a\u00e7\u00e3o refor\u00e7a a import\u00e2ncia da coopera\u00e7\u00e3o entre \u00f3rg\u00e3os federais no combate ao crime organizado e \u00e0s quadrilhas internacionais. A parceria entre PF e Receita fortalece a fiscaliza\u00e7\u00e3o em aeroportos de todo o pa\u00eds.<\/p>\n<h2 data-end=\"1568\" data-start=\"1539\">O que diz o aeroporto<\/h2>\n<p>A BH Airport, administradora do terminal, afirmou em nota que a seguran\u00e7a \u00e9 um valor inegoci\u00e1vel e que mant\u00e9m integra\u00e7\u00e3o cont\u00ednua com PF, RFB, Pol\u00edcia Militar, Pol\u00edcia Civil, Anvisa, Vigiagro e outros \u00f3rg\u00e3os.<\/p>\n<p>A concession\u00e1ria destacou que a atua\u00e7\u00e3o conjunta, aliada a tecnologias e solu\u00e7\u00f5es inovadoras, amplia a capacidade de preven\u00e7\u00e3o, resposta e prote\u00e7\u00e3o do territ\u00f3rio nacional.<\/p>\n<p class=\"ads\">\n<div class=\"article-share_buttons2 article-share\">\n<div class=\"share_buttons\">\n<div class=\"buttons\">\n<p>Fonte: Portal MeioNews.<br \/>\nConfira esta e outras mat\u00e9rias na \u00edntegra pelo link: https:\/\/www.meionews.com\/policia\/policia-federal-e-receita-apreendem-1-2-tonelada-de-cocaina-no-aeroporto-de-bh-548874<\/p>\n<\/div>\n<\/div>\n<\/div>\n<\/div>\n<\/div>\n","protected":false},"excerpt":{"rendered":"<p>Droga estava em carga destinada \u00e0 Europa; opera\u00e7\u00e3o contou com trabalho de intelig\u00eancia e c\u00e3es farejadores. &nbsp; Droga apreendida no Aeroporto de Confins | Foto: Pol\u00edcia Federal Droga estava armazenada em m\u00f3veis. \u2014 Foto: Pol\u00edcia Federal\u00a0 Apoio das equipes K9 A opera\u00e7\u00e3o contou com a participa\u00e7\u00e3o de c\u00e3es farejadores das equipes K9, fundamentais para identificar [&hellip;]<\/p>\n","protected":false},"author":3,"featured_media":13869,"comment_status":"open","ping_status":"open","sticky":false,"template":"","format":"standard","meta":{"om_disable_all_campaigns":false,"_monsterinsights_skip_tracking":false,"_monsterinsights_sitenote_active":false,"_monsterinsights_sitenote_note":"","_monsterinsights_sitenote_category":0,"footnotes":""},"categories":[47,542],"tags":[],"class_list":["post-13868","post","type-post","status-publish","format-standard","has-post-thumbnail","hentry","category-nacionais","category-policia"],"jetpack_featured_media_url":"https:\/\/fatoelado.com\/wp-content\/uploads\/2025\/12\/droga-apreendida-no-aeroporto-de-confins-9f227fa789c9027a.jpg","_links":{"self":[{"href":"https:\/\/fatoelado.com\/index.php?rest_route=\/wp\/v2\/posts\/13868","targetHints":{"allow":["GET"]}}],"collection":[{"href":"https:\/\/fatoelado.com\/index.php?rest_route=\/wp\/v2\/posts"}],"about":[{"href":"https:\/\/fatoelado.com\/index.php?rest_route=\/wp\/v2\/types\/post"}],"author":[{"embeddable":true,"href":"https:\/\/fatoelado.com\/index.php?rest_route=\/wp\/v2\/users\/3"}],"replies":[{"embeddable":true,"href":"https:\/\/fatoelado.com\/index.php?rest_route=%2Fwp%2Fv2%2Fcomments&post=13868"}],"version-history":[{"count":1,"href":"https:\/\/fatoelado.com\/index.php?rest_route=\/wp\/v2\/posts\/13868\/revisions"}],"predecessor-version":[{"id":13870,"href":"https:\/\/fatoelado.com\/index.php?rest_route=\/wp\/v2\/posts\/13868\/revisions\/13870"}],"wp:featuredmedia":[{"embeddable":true,"href":"https:\/\/fatoelado.com\/index.php?rest_route=\/wp\/v2\/media\/13869"}],"wp:attachment":[{"href":"https:\/\/fatoelado.com\/index.php?rest_route=%2Fwp%2Fv2%2Fmedia&parent=13868"}],"wp:term":[{"taxonomy":"category","embeddable":true,"href":"https:\/\/fatoelado.com\/index.php?rest_route=%2Fwp%2Fv2%2Fcategories&post=13868"},{"taxonomy":"post_tag","embeddable":true,"href":"https:\/\/fatoelado.com\/index.php?rest_route=%2Fwp%2Fv2%2Ftags&post=13868"}],"curies":[{"name":"wp","href":"https:\/\/api.w.org\/{rel}","templated":true}]}}