{"id":13865,"date":"2025-12-05T10:26:03","date_gmt":"2025-12-05T13:26:03","guid":{"rendered":"https:\/\/fatoelado.com\/?p=13865"},"modified":"2025-12-05T10:26:03","modified_gmt":"2025-12-05T13:26:03","slug":"ccj-da-alerj-avalia-prisao-de-rodrigo-bacellar-nesta-sexta-feira-veja-como-sera-a-votacao","status":"publish","type":"post","link":"https:\/\/fatoelado.com\/?p=13865","title":{"rendered":"CCJ da Alerj avalia pris\u00e3o de Rodrigo Bacellar nesta sexta-feira; veja como ser\u00e1 a vota\u00e7\u00e3o"},"content":{"rendered":"<h2 class=\"article-subtitle\" style=\"text-align: center;\">A Comiss\u00e3o de Constitui\u00e7\u00e3o e Justi\u00e7a conta com 7 deputados, que v\u00e3o deliberar se referendam ou n\u00e3o a manuten\u00e7\u00e3o da pris\u00e3o do presidente. Decis\u00e3o acontece no Plen\u00e1rio na segunda.<\/h2>\n<p>&nbsp;<\/p>\n<div class=\"article-image-featured\"><img decoding=\"async\" class=\"i-amphtml-fill-content i-amphtml-replaced-content\" src=\"https:\/\/www.meionews.com\/uploads\/imagens\/2025\/12\/5\/deputado-rodrigo-bacellar--62ead98033b928d4.jpg\" alt=\"Deputado Rodrigo Bacellar  | Reprodu\u00e7\u00e3o\/ Instagram \" data-amp-loading=\"lazy\" \/><small>Deputado Rodrigo Bacellar | Foto: Reprodu\u00e7\u00e3o\/ Instagram<\/small><\/div>\n<div class=\"g-news\"><\/div>\n<div class=\"article-html\">\n<div class=\"article-html-more\">\n<p>Nesta sexta-feira (5), a Comiss\u00e3o de Constitui\u00e7\u00e3o e Justi\u00e7a (CCJ) da Assembleia Legislativa do Rio (Alerj) , \u00e0s 15h, para averiguar a decis\u00e3o que determinou\u00a0a pris\u00e3o do deputado Rodrigo Bacellar (Uni\u00e3o Brasil), presidente da casa.<\/p>\n<p>A convoca\u00e7\u00e3o, publicada no Di\u00e1rio Oficial do Legislativo na quinta-feira (4), foi assinada pelo ent\u00e3o presidente em exerc\u00edcio, Guilherme Delaroli (PL).<\/p>\n<p>A vota\u00e7\u00e3o na CCJ\u00a0<span class=\"highlight\">\u00e9 o pontap\u00e9 inicial do rito previsto pela Constitui\u00e7\u00e3o para casos de pris\u00e3o de parlamentares.\u00a0<\/span>A Constitui\u00e7\u00e3o determina que pris\u00f5es s\u00f3 podem ser mantidas pelos respectivos Legislativos quando referendadas pelos deputados, mesmo no caso de flagrante por crimes inafian\u00e7\u00e1veis.<\/p>\n<p><strong>A previs\u00e3o \u00e9 de que o plen\u00e1rio delibere at\u00e9 segunda-feira (8) se Bacellar continua preso ou n\u00e3o.<\/strong><\/p>\n<p><strong>ENTENDA O CASO\u00a0<\/strong><\/p>\n<p>Rodrigo Bacellar foi preso ainda na quarta-feira (3) no \u00e2mbito da Opera\u00e7\u00e3o Unha e Carne dentro da Superintend\u00eancia da Pol\u00edcia Federal do Rio de Janeiro. Ele \u00e9 investigado por fornecer informa\u00e7\u00f5es sigilosas da Opera\u00e7\u00e3o Zagur e\u00a0orientar o deputado TH Joias a destruir provas.\u00a0No entanto, o deputado nega as acusa\u00e7\u00f5es.<\/p>\n<p>Na reuni\u00e3o da comiss\u00e3o desta sexta-feira, sete deputados v\u00e3o elaborar e votar um\u00a0<strong>Projeto de Resolu\u00e7\u00e3o<\/strong>\u00a0indicando se o deputado Rodrigo Bacellar deve permanecer preso e afastado do mandato ou n\u00e3o.<\/p>\n<p><strong>QUEM S\u00c3O OS DEPUTADOS?<\/strong><\/p>\n<p>&nbsp;<\/p>\n<div class=\"dimg\"><strong><img decoding=\"async\" class=\"i-amphtml-intrinsic-sizer\" role=\"presentation\" src=\"data:;base64,<svg height=\"435px\" width=\"785px\" xmlns=\"http:\/\/www.w3.org\/2000\/svg\" version=\"1.1\"\/>&#8221; alt=&#8221;&#8221; aria-hidden=&#8221;true&#8221; \/><img decoding=\"async\" class=\"i-amphtml-fill-content i-amphtml-replaced-content\" src=\"https:\/\/www.meionews.com\/uploads\/imagens\/2025\/12\/5\/ccj-da-alerj-avalia-prisao-de-rodrigo-bacellar-nesta-sexta-feira--882db630e1b62dce.jpg\" alt=\"Membros da Comiss\u00e3o de Constitui\u00e7\u00e3o e Justi\u00e7a - Foto: Reprddu\u00e7\u00e3o\" data-amp-loading=\"lazy\" \/><\/strong><\/div>\n<p><strong><span class=\"fr-inner\">Membros da Comiss\u00e3o de Constitui\u00e7\u00e3o e Justi\u00e7a &#8211; Foto: Reprddu\u00e7\u00e3o<\/span><\/strong>&nbsp;<\/p>\n<p>Os sete deputados que comp\u00f5em a Comiss\u00e3o de Constitui\u00e7\u00e3o e Justi\u00e7a (CCJ) s\u00e3o:<\/p>\n<ul>\n<li aria-level=\"1\"><strong>Rodrigo Amorim (Uni\u00e3o) &#8211; presidente da CCJ;<\/strong><\/li>\n<li aria-level=\"1\"><strong>Fred Pacheco (PMN) &#8211; vice-presidente;<\/strong><\/li>\n<li aria-level=\"1\"><strong>Chico Machado (SDD);<\/strong><\/li>\n<li aria-level=\"1\"><strong>Luiz Paulo (PSD);<\/strong><\/li>\n<li aria-level=\"1\"><strong>Alexandre Knoploch (PL);<\/strong><\/li>\n<li aria-level=\"1\"><strong>Elika Takimoto (PT);<\/strong><\/li>\n<li aria-level=\"1\"><strong>Vin\u00edcius Cozzolino (Uni\u00e3o).<\/strong>\n<p>&nbsp;<\/li>\n<\/ul>\n<p>Ap\u00f3s a an\u00e1lise na CCJ, o texto segue para vota\u00e7\u00e3o no plen\u00e1rio na segunda-feira (8) pelos demais 69 deputados. Apenas Bacellar n\u00e3o participa.\u00a0<span class=\"highlight\">No entanto, o Projeto de Resolu\u00e7\u00e3o funciona como uma recomenda\u00e7\u00e3o, ou seja, os parlamentares n\u00e3o s\u00e3o obrigados a segui-lo.<\/span><\/p>\n<p>A Constitui\u00e7\u00e3o determina que a pris\u00e3o s\u00f3 pode ser mantida com maioria simples, ou seja, pelo menos 36 votos favor\u00e1veis entre os 70 deputados (descontada a aus\u00eancia do pr\u00f3prio Bacellar).<\/p>\n<p><strong>SEM A \u00cdNTEGRA DO PROCESSO<\/strong><\/p>\n<p>O texto deve ser votado mesmo com o plen\u00e1rio n\u00e3o tendo acesso pleno ao processo. Os parlamentares s\u00f3 v\u00e3o ter acesso ao comunicado da Pol\u00edcia Federal com a decis\u00e3o do ministro Alexandre de Moraes, do Supremo Tribunal Federal (STF), que determinou a\u00a0pris\u00e3o preventiva de Bacellar.<\/p>\n<p>Afinal, o STF n\u00e3o enviou a \u00edntegra do processo, a Mesa Diretora enviou o material recebido para an\u00e1lise da Procuradoria da Casa, que deu aval para que o procedimento legislativo seguisse com base no documento encaminhado pela PF.<\/p>\n<p class=\"ads\">\n<div class=\"article-share_buttons2 article-share\">\n<div class=\"share_buttons\">\n<div class=\"buttons\">\n<p>Fonte: Portal MeioNews.<br \/>\nConfira esta e outras mat\u00e9rias na \u00edntegra pelo link: https:\/\/www.meionews.com\/politica\/ccj-da-alerj-avalia-prisao-de-rodrigo-bacellar-nesta-sexta-feira-veja-como-sera-a-votacao-548868<\/p>\n<\/div>\n<\/div>\n<\/div>\n<\/div>\n<\/div>\n","protected":false},"excerpt":{"rendered":"<p>A Comiss\u00e3o de Constitui\u00e7\u00e3o e Justi\u00e7a conta com 7 deputados, que v\u00e3o deliberar se referendam ou n\u00e3o a manuten\u00e7\u00e3o da pris\u00e3o do presidente. Decis\u00e3o acontece no Plen\u00e1rio na segunda. &nbsp; Deputado Rodrigo Bacellar | Foto: Reprodu\u00e7\u00e3o\/ Instagram Nesta sexta-feira (5), a Comiss\u00e3o de Constitui\u00e7\u00e3o e Justi\u00e7a (CCJ) da Assembleia Legislativa do Rio (Alerj) , \u00e0s [&hellip;]<\/p>\n","protected":false},"author":3,"featured_media":13866,"comment_status":"open","ping_status":"open","sticky":false,"template":"","format":"standard","meta":{"om_disable_all_campaigns":false,"_monsterinsights_skip_tracking":false,"_monsterinsights_sitenote_active":false,"_monsterinsights_sitenote_note":"","_monsterinsights_sitenote_category":0,"footnotes":""},"categories":[47],"tags":[],"class_list":["post-13865","post","type-post","status-publish","format-standard","has-post-thumbnail","hentry","category-nacionais"],"jetpack_featured_media_url":"https:\/\/fatoelado.com\/wp-content\/uploads\/2025\/12\/deputado-rodrigo-bacellar-62ead98033b928d4.jpg","_links":{"self":[{"href":"https:\/\/fatoelado.com\/index.php?rest_route=\/wp\/v2\/posts\/13865","targetHints":{"allow":["GET"]}}],"collection":[{"href":"https:\/\/fatoelado.com\/index.php?rest_route=\/wp\/v2\/posts"}],"about":[{"href":"https:\/\/fatoelado.com\/index.php?rest_route=\/wp\/v2\/types\/post"}],"author":[{"embeddable":true,"href":"https:\/\/fatoelado.com\/index.php?rest_route=\/wp\/v2\/users\/3"}],"replies":[{"embeddable":true,"href":"https:\/\/fatoelado.com\/index.php?rest_route=%2Fwp%2Fv2%2Fcomments&post=13865"}],"version-history":[{"count":1,"href":"https:\/\/fatoelado.com\/index.php?rest_route=\/wp\/v2\/posts\/13865\/revisions"}],"predecessor-version":[{"id":13867,"href":"https:\/\/fatoelado.com\/index.php?rest_route=\/wp\/v2\/posts\/13865\/revisions\/13867"}],"wp:featuredmedia":[{"embeddable":true,"href":"https:\/\/fatoelado.com\/index.php?rest_route=\/wp\/v2\/media\/13866"}],"wp:attachment":[{"href":"https:\/\/fatoelado.com\/index.php?rest_route=%2Fwp%2Fv2%2Fmedia&parent=13865"}],"wp:term":[{"taxonomy":"category","embeddable":true,"href":"https:\/\/fatoelado.com\/index.php?rest_route=%2Fwp%2Fv2%2Fcategories&post=13865"},{"taxonomy":"post_tag","embeddable":true,"href":"https:\/\/fatoelado.com\/index.php?rest_route=%2Fwp%2Fv2%2Ftags&post=13865"}],"curies":[{"name":"wp","href":"https:\/\/api.w.org\/{rel}","templated":true}]}}