{"id":13861,"date":"2025-12-05T10:23:58","date_gmt":"2025-12-05T13:23:58","guid":{"rendered":"https:\/\/fatoelado.com\/?p=13861"},"modified":"2025-12-05T10:23:58","modified_gmt":"2025-12-05T13:23:58","slug":"aviao-e-evacuado-as-pressas-apos-esteira-de-bagagens-pegar-fogo-em-guarulhos","status":"publish","type":"post","link":"https:\/\/fatoelado.com\/?p=13861","title":{"rendered":"Avi\u00e3o \u00e9 evacuado \u00e0s pressas ap\u00f3s esteira de bagagens pegar fogo em Guarulhos"},"content":{"rendered":"<p><iframe loading=\"lazy\" src=\"https:\/\/www.youtube.com\/embed\/MU5UlwB15BY?rel=0\" width=\"790\" height=\"437\" frameborder=\"0\" allowfullscreen=\"allowfullscreen\" data-mce-fragment=\"1\"><\/iframe><\/p>\n<p>Um avi\u00e3o da Latam precisou ser evacuado \u00e0s pressas, na noite desta quinta-feira (4), no Aeroporto Internacional de Guarulhos, em S\u00e3o Paulo. A a\u00e7\u00e3o ocorreu ap\u00f3s o ve\u00edculo de esteira de bagagem que atendia a aeronave pegar fogo.<\/p>\n<p>Segundo a Latam, o incidente envolveu o voo LA3418, que tinha como destino Porto Alegre, no Rio Grande do Sul. A companhia informou que as equipes seguiram os protocolos de seguran\u00e7a assim que identificaram o princ\u00edpio de inc\u00eandio e que todos os passageiros foram evacuados da aeronave em seguran\u00e7a.<\/p>\n<p>&#8220;A fuma\u00e7a gerada pelo equipamento acionou os protocolos de seguran\u00e7a. Os passageiros foram retirados da aeronave pela ponte de embarque (finger) e pela escorregadeira (escape slide), todos com aux\u00edlio dos funcion\u00e1rios treinados para esse tipo de situa\u00e7\u00e3o. N\u00e3o houve feridos e a situa\u00e7\u00e3o foi rapidamente controlada\u201d, disse.<\/p>\n<p>No comunicado, a Latam tamb\u00e9m informou que est\u00e1 oferecendo a assist\u00eancia necess\u00e1ria aos clientes impactados pelo incidente, que ser\u00e3o reacomodados em outros voos. \u201cA companhia refor\u00e7a, ainda, que a seguran\u00e7a est\u00e1 no centro de todas as suas decis\u00f5es e opera\u00e7\u00f5es&#8221;, acrescentou.<\/p>\n<div class=\"twitter-tweet twitter-tweet-rendered\"><iframe id=\"twitter-widget-0\" class=\"\" title=\"X Post\" src=\"https:\/\/platform.twitter.com\/embed\/Tweet.html?dnt=false&amp;embedId=twitter-widget-0&amp;features=eyJ0ZndfdGltZWxpbmVfbGlzdCI6eyJidWNrZXQiOltdLCJ2ZXJzaW9uIjpudWxsfSwidGZ3X2ZvbGxvd2VyX2NvdW50X3N1bnNldCI6eyJidWNrZXQiOnRydWUsInZlcnNpb24iOm51bGx9LCJ0ZndfdHdlZXRfZWRpdF9iYWNrZW5kIjp7ImJ1Y2tldCI6Im9uIiwidmVyc2lvbiI6bnVsbH0sInRmd19yZWZzcmNfc2Vzc2lvbiI6eyJidWNrZXQiOiJvbiIsInZlcnNpb24iOm51bGx9LCJ0ZndfZm9zbnJfc29mdF9pbnRlcnZlbnRpb25zX2VuYWJsZWQiOnsiYnVja2V0Ijoib24iLCJ2ZXJzaW9uIjpudWxsfSwidGZ3X21peGVkX21lZGlhXzE1ODk3Ijp7ImJ1Y2tldCI6InRyZWF0bWVudCIsInZlcnNpb24iOm51bGx9LCJ0ZndfZXhwZXJpbWVudHNfY29va2llX2V4cGlyYXRpb24iOnsiYnVja2V0IjoxMjA5NjAwLCJ2ZXJzaW9uIjpudWxsfSwidGZ3X3Nob3dfYmlyZHdhdGNoX3Bpdm90c19lbmFibGVkIjp7ImJ1Y2tldCI6Im9uIiwidmVyc2lvbiI6bnVsbH0sInRmd19kdXBsaWNhdGVfc2NyaWJlc190b19zZXR0aW5ncyI6eyJidWNrZXQiOiJvbiIsInZlcnNpb24iOm51bGx9LCJ0ZndfdXNlX3Byb2ZpbGVfaW1hZ2Vfc2hhcGVfZW5hYmxlZCI6eyJidWNrZXQiOiJvbiIsInZlcnNpb24iOm51bGx9LCJ0ZndfdmlkZW9faGxzX2R5bmFtaWNfbWFuaWZlc3RzXzE1MDgyIjp7ImJ1Y2tldCI6InRydWVfYml0cmF0ZSIsInZlcnNpb24iOm51bGx9LCJ0ZndfbGVnYWN5X3RpbWVsaW5lX3N1bnNldCI6eyJidWNrZXQiOnRydWUsInZlcnNpb24iOm51bGx9LCJ0ZndfdHdlZXRfZWRpdF9mcm9udGVuZCI6eyJidWNrZXQiOiJvbiIsInZlcnNpb24iOm51bGx9fQ%3D%3D&amp;frame=false&amp;hideCard=false&amp;hideThread=false&amp;id=1996771793009332622&amp;lang=pt&amp;maxWidth=560px&amp;origin=https%3A%2F%2Fcidadeverde.com%2Fnoticias%2F446822%2Faviao-e-evacuado-as-pressas-apos-esteira-de-bagagens-pegar-fogo-em-guarulhos&amp;sessionId=eb3d78d5e7487b32fc7badecba855c30e049b671&amp;theme=light&amp;widgetsVersion=2615f7e52b7e0%3A1702314776716&amp;width=550px\" frameborder=\"0\" scrolling=\"no\" allowfullscreen=\"allowfullscreen\" data-tweet-id=\"1996771793009332622\" data-mce-fragment=\"1\"><\/iframe><\/div>\n<p>&nbsp;<\/p>\n<p>Fonte: Portal CidadeVerde.<br \/>\nConfira esta e outras mat\u00e9rias na \u00edntegra pelo link: https:\/\/cidadeverde.com\/noticias\/446822\/aviao-e-evacuado-as-pressas-apos-esteira-de-bagagens-pegar-fogo-em-guarulhos<\/p>\n","protected":false},"excerpt":{"rendered":"<p>Um avi\u00e3o da Latam precisou ser evacuado \u00e0s pressas, na noite desta quinta-feira (4), no Aeroporto Internacional de Guarulhos, em S\u00e3o Paulo. A a\u00e7\u00e3o ocorreu ap\u00f3s o ve\u00edculo de esteira de bagagem que atendia a aeronave pegar fogo. Segundo a Latam, o incidente envolveu o voo LA3418, que tinha como destino Porto Alegre, no Rio [&hellip;]<\/p>\n","protected":false},"author":3,"featured_media":13862,"comment_status":"open","ping_status":"open","sticky":false,"template":"","format":"standard","meta":{"om_disable_all_campaigns":false,"_monsterinsights_skip_tracking":false,"_monsterinsights_sitenote_active":false,"_monsterinsights_sitenote_note":"","_monsterinsights_sitenote_category":0,"footnotes":""},"categories":[47],"tags":[],"class_list":["post-13861","post","type-post","status-publish","format-standard","has-post-thumbnail","hentry","category-nacionais"],"jetpack_featured_media_url":"https:\/\/fatoelado.com\/wp-content\/uploads\/2025\/12\/Captura-de-tela-2025-12-05-102344.png","_links":{"self":[{"href":"https:\/\/fatoelado.com\/index.php?rest_route=\/wp\/v2\/posts\/13861","targetHints":{"allow":["GET"]}}],"collection":[{"href":"https:\/\/fatoelado.com\/index.php?rest_route=\/wp\/v2\/posts"}],"about":[{"href":"https:\/\/fatoelado.com\/index.php?rest_route=\/wp\/v2\/types\/post"}],"author":[{"embeddable":true,"href":"https:\/\/fatoelado.com\/index.php?rest_route=\/wp\/v2\/users\/3"}],"replies":[{"embeddable":true,"href":"https:\/\/fatoelado.com\/index.php?rest_route=%2Fwp%2Fv2%2Fcomments&post=13861"}],"version-history":[{"count":1,"href":"https:\/\/fatoelado.com\/index.php?rest_route=\/wp\/v2\/posts\/13861\/revisions"}],"predecessor-version":[{"id":13863,"href":"https:\/\/fatoelado.com\/index.php?rest_route=\/wp\/v2\/posts\/13861\/revisions\/13863"}],"wp:featuredmedia":[{"embeddable":true,"href":"https:\/\/fatoelado.com\/index.php?rest_route=\/wp\/v2\/media\/13862"}],"wp:attachment":[{"href":"https:\/\/fatoelado.com\/index.php?rest_route=%2Fwp%2Fv2%2Fmedia&parent=13861"}],"wp:term":[{"taxonomy":"category","embeddable":true,"href":"https:\/\/fatoelado.com\/index.php?rest_route=%2Fwp%2Fv2%2Fcategories&post=13861"},{"taxonomy":"post_tag","embeddable":true,"href":"https:\/\/fatoelado.com\/index.php?rest_route=%2Fwp%2Fv2%2Ftags&post=13861"}],"curies":[{"name":"wp","href":"https:\/\/api.w.org\/{rel}","templated":true}]}}