{"id":13851,"date":"2025-12-04T11:03:07","date_gmt":"2025-12-04T14:03:07","guid":{"rendered":"https:\/\/fatoelado.com\/?p=13851"},"modified":"2025-12-04T11:03:07","modified_gmt":"2025-12-04T14:03:07","slug":"nucleo-de-apoio-contabil-e-fiscal-da-uespi-de-picos-recebe-premio-da-receita-federal-pelos-servicos-prestados-a-comunidade","status":"publish","type":"post","link":"https:\/\/fatoelado.com\/?p=13851","title":{"rendered":"N\u00facleo de Apoio Cont\u00e1bil e Fiscal da Uespi de Picos recebe pr\u00eamio da Receita Federal pelos servi\u00e7os prestados \u00e0 comunidade"},"content":{"rendered":"<h2 class=\"elementor-heading-title elementor-size-default\" style=\"text-align: center;\">Em Picos, o NAF atua h\u00e1 um ano e meio, fortalecendo a cidadania e aproximando a Uespi das demandas sociais.<\/h2>\n<p>&nbsp;<\/p>\n<p>O N\u00facleo de Apoio Cont\u00e1bil e Fiscal (NAF) do campus professor Barros Ara\u00fajo da Universidade Estadual do Piau\u00ed, em Picos, recebeu o Reconhecimento Regional NAF 2025, premia\u00e7\u00e3o concedida pela Receita Federal a iniciativas que se destacam pela qualidade dos servi\u00e7os prestados \u00e0 comunidade. Os N\u00facleos foram criados para oferecer, de forma gratuita, assist\u00eancia fiscal e cont\u00e1bil a pessoas de baixa renda, microempreendedores individuais (MEI), organiza\u00e7\u00f5es sem fins lucrativos e pequenos propriet\u00e1rios rurais.<\/p>\n<p>Em Picos, o NAF atua h\u00e1 um ano e meio, fortalecendo a cidadania e aproximando \u00e0 Uespi das demandas sociais.\u00a0\u201cPara n\u00f3s \u00e9 muito importante estarmos aqui nesse momento, porque \u00e9 um reconhecimento do trabalho que a gente est\u00e1 fazendo. Viemos aqui mostrar o que estamos realizando e falar tamb\u00e9m do bom relacionamento que a gente tem com a ag\u00eancia da Receita. E esse pr\u00eamio vai servir para nos dar mais credibilidade com a popula\u00e7\u00e3o de Picos e regi\u00e3o\u201d, destaca a coordenadora do NAF de Picos, Rosiania Andrade.<\/p>\n<p><img loading=\"lazy\" decoding=\"async\" class=\"alignnone size-full wp-image-103169\" src=\"https:\/\/www.pi.gov.br\/wp-content\/uploads\/2025\/12\/1-3.webp\" sizes=\"auto, (max-width: 1280px) 100vw, 1280px\" srcset=\"https:\/\/www.pi.gov.br\/wp-content\/uploads\/2025\/12\/1-3.webp 1280w, https:\/\/www.pi.gov.br\/wp-content\/uploads\/2025\/12\/1-3-300x225.webp 300w, https:\/\/www.pi.gov.br\/wp-content\/uploads\/2025\/12\/1-3-1024x768.webp 1024w, https:\/\/www.pi.gov.br\/wp-content\/uploads\/2025\/12\/1-3-768x576.webp 768w\" alt=\"\" width=\"1280\" height=\"960\" \/><\/p>\n<p>Os atendimentos do NAF s\u00e3o realizados por alunos do curso de Ci\u00eancias Cont\u00e1beis da Uespi, sob a supervis\u00e3o de um professor. Os estudantes auxiliam na elabora\u00e7\u00e3o da declara\u00e7\u00e3o do imposto de renda, consulta de situa\u00e7\u00e3o cadastral, inscri\u00e7\u00e3o e informa\u00e7\u00f5es sobre MEI, entre outros servi\u00e7os.<\/p>\n<p>O acad\u00eamico de Ci\u00eancias Cont\u00e1beis, Carlos Eduardo, comentou sobre os impactos da experi\u00eancia no NAF e o significado da premia\u00e7\u00e3o. \u201cEst\u00e1 sendo uma honra e uma experi\u00eancia excelente. Principalmente vendo agora que o trabalho est\u00e1 sendo reconhecido aqui pelo pessoal da Receita\u201d, ressalta o aluno.<\/p>\n<p><img loading=\"lazy\" decoding=\"async\" class=\"size-full wp-image-103165 aligncenter\" src=\"https:\/\/www.pi.gov.br\/wp-content\/uploads\/2025\/12\/5-1-e1764848944391.webp\" sizes=\"auto, (max-width: 450px) 100vw, 450px\" srcset=\"https:\/\/www.pi.gov.br\/wp-content\/uploads\/2025\/12\/5-1-e1764848944391.webp 450w, https:\/\/www.pi.gov.br\/wp-content\/uploads\/2025\/12\/5-1-e1764848944391-300x238.webp 300w\" alt=\"\" width=\"450\" height=\"357\" \/><\/p>\n<p>A premia\u00e7\u00e3o da Receita Federal pelo servi\u00e7o prestado \u00e0 popula\u00e7\u00e3o de Picos e regi\u00e3o refor\u00e7a a relev\u00e2ncia do NAF e o impacto que o projeto tem na forma\u00e7\u00e3o acad\u00eamica. Para o corpo acad\u00eamico, a premia\u00e7\u00e3o tamb\u00e9m representa um incentivo.<\/p>\n<div>\n<div id=\"content\">\n<section>\n<div class=\"container\">\n<div class=\"row\">\n<div class=\"col-md-12 col-xs-12\">\n<div class=\"site-content\">\n<article class=\"post post-249720 type-post status-publish format-standard has-post-thumbnail hentry category-principal-page category-geral category-sem-categoria tag-campus-de-picos tag-ciencias-contabeis tag-naf tag-premiacao\">\n<div class=\"entry-content\">\n<p>\u201cFoi gratificante para os alunos tamb\u00e9m. E isso vai nos ajudar muito a dar notoriedade para o curso de Ci\u00eancias Cont\u00e1beis de Picos\u201d, pontua a coordenadora do NAF.<\/p>\n<p><strong>Localiza\u00e7\u00e3o e contato do N\u00facleo<\/strong><\/p>\n<p>Em caso de interesse em utilizar os servi\u00e7os oferecidos pelo NAF, basta se dirigir ao campus da Uespi de Picos, localizado na Rua C\u00edcero Duarte, bairro Junco. O atendimento ocorre de segunda a quinta-feira, das 8h \u00e0s 12h, em dias letivos. O contato tamb\u00e9m pode ser feito pelo e-mail: coord.naf@pcs.uespi.br.<\/p>\n<\/div>\n<\/article>\n<p>&nbsp;<\/p>\n<p>Fonte: Portal pi.Gov<br \/>\nConfira esta e outras mat\u00e9rias na \u00edntegra pelo link: https:\/\/www.pi.gov.br\/nucleo-de-apoio-contabil-e-fiscal-da-uespi-de-picos-recebe-premio-da-receita-federal-pelos-servicos-prestados-a-comunidade\/<\/p>\n<\/div>\n<\/div>\n<\/div>\n<\/div>\n<\/section>\n<\/div>\n<\/div>\n","protected":false},"excerpt":{"rendered":"<p>Em Picos, o NAF atua h\u00e1 um ano e meio, fortalecendo a cidadania e aproximando a Uespi das demandas sociais. &nbsp; O N\u00facleo de Apoio Cont\u00e1bil e Fiscal (NAF) do campus professor Barros Ara\u00fajo da Universidade Estadual do Piau\u00ed, em Picos, recebeu o Reconhecimento Regional NAF 2025, premia\u00e7\u00e3o concedida pela Receita Federal a iniciativas que [&hellip;]<\/p>\n","protected":false},"author":3,"featured_media":13852,"comment_status":"open","ping_status":"open","sticky":false,"template":"","format":"standard","meta":{"om_disable_all_campaigns":false,"_monsterinsights_skip_tracking":false,"_monsterinsights_sitenote_active":false,"_monsterinsights_sitenote_note":"","_monsterinsights_sitenote_category":0,"footnotes":""},"categories":[33],"tags":[],"class_list":["post-13851","post","type-post","status-publish","format-standard","has-post-thumbnail","hentry","category-piaui"],"jetpack_featured_media_url":"https:\/\/fatoelado.com\/wp-content\/uploads\/2025\/12\/5-1-e1764848944391.webp","_links":{"self":[{"href":"https:\/\/fatoelado.com\/index.php?rest_route=\/wp\/v2\/posts\/13851","targetHints":{"allow":["GET"]}}],"collection":[{"href":"https:\/\/fatoelado.com\/index.php?rest_route=\/wp\/v2\/posts"}],"about":[{"href":"https:\/\/fatoelado.com\/index.php?rest_route=\/wp\/v2\/types\/post"}],"author":[{"embeddable":true,"href":"https:\/\/fatoelado.com\/index.php?rest_route=\/wp\/v2\/users\/3"}],"replies":[{"embeddable":true,"href":"https:\/\/fatoelado.com\/index.php?rest_route=%2Fwp%2Fv2%2Fcomments&post=13851"}],"version-history":[{"count":1,"href":"https:\/\/fatoelado.com\/index.php?rest_route=\/wp\/v2\/posts\/13851\/revisions"}],"predecessor-version":[{"id":13853,"href":"https:\/\/fatoelado.com\/index.php?rest_route=\/wp\/v2\/posts\/13851\/revisions\/13853"}],"wp:featuredmedia":[{"embeddable":true,"href":"https:\/\/fatoelado.com\/index.php?rest_route=\/wp\/v2\/media\/13852"}],"wp:attachment":[{"href":"https:\/\/fatoelado.com\/index.php?rest_route=%2Fwp%2Fv2%2Fmedia&parent=13851"}],"wp:term":[{"taxonomy":"category","embeddable":true,"href":"https:\/\/fatoelado.com\/index.php?rest_route=%2Fwp%2Fv2%2Fcategories&post=13851"},{"taxonomy":"post_tag","embeddable":true,"href":"https:\/\/fatoelado.com\/index.php?rest_route=%2Fwp%2Fv2%2Ftags&post=13851"}],"curies":[{"name":"wp","href":"https:\/\/api.w.org\/{rel}","templated":true}]}}