{"id":13848,"date":"2025-12-04T11:02:08","date_gmt":"2025-12-04T14:02:08","guid":{"rendered":"https:\/\/fatoelado.com\/?p=13848"},"modified":"2025-12-04T11:02:08","modified_gmt":"2025-12-04T14:02:08","slug":"uespi-entrega-veiculo-para-o-campus-clovis-moura-de-forma-a-fortalecer-acoes-academicas-e-administrativas","status":"publish","type":"post","link":"https:\/\/fatoelado.com\/?p=13848","title":{"rendered":"Uespi entrega ve\u00edculo para o Campus Cl\u00f3vis Moura de forma a fortalecer a\u00e7\u00f5es acad\u00eamicas e administrativas"},"content":{"rendered":"<div class=\"elementor-element elementor-element-282adc7 elementor-widget elementor-widget-heading\" data-id=\"282adc7\" data-element_type=\"widget\" data-widget_type=\"heading.default\">\n<div class=\"elementor-widget-container\">\n<h2 class=\"elementor-heading-title elementor-size-default\" style=\"text-align: center;\">A iniciativa integra o conjunto de investimentos que a universidade vem realizando para modernizar a infraestrutura e garantir suporte log\u00edstico \u00e0s rotinas de ensino, pesquisa e extens\u00e3o.<\/h2>\n<\/div>\n<\/div>\n<div class=\"elementor-element elementor-element-fe86f93 e-con-full e-flex e-con e-child\" data-id=\"fe86f93\" data-element_type=\"container\">\n<div class=\"elementor-element elementor-element-4781e67 e-con-full e-flex e-con e-child\" data-id=\"4781e67\" data-element_type=\"container\">\n<div id=\"decrease-font\" class=\"elementor-element elementor-element-b907b64 elementor-widget elementor-widget-button\" data-id=\"b907b64\" data-element_type=\"widget\" data-widget_type=\"button.default\">\n<div class=\"elementor-widget-container\">\n<div class=\"elementor-button-wrapper\"><\/div>\n<\/div>\n<\/div>\n<div id=\"increase-font\" class=\"elementor-element elementor-element-a6d49a7 elementor-widget elementor-widget-button\" data-id=\"a6d49a7\" data-element_type=\"widget\" data-widget_type=\"button.default\">\n<div class=\"elementor-widget-container\">\n<div class=\"elementor-button-wrapper\"><\/div>\n<\/div>\n<\/div>\n<\/div>\n<\/div>\n<div class=\"elementor-element elementor-element-e94e84e elementor-widget elementor-widget-html\" data-id=\"e94e84e\" data-element_type=\"widget\" data-widget_type=\"html.default\">\n<div class=\"elementor-widget-container\">\n<p>A Universidade Estadual do Piau\u00ed (Uespi) realizou, nesta semana, a entrega de um ve\u00edculo 0 km ao Campus Cl\u00f3vis Moura, em Teresina. O ve\u00edculo, adquirido com recursos de emenda parlamentar da deputada federal Rejane Dias, tem como objetivo fortalecer as atividades acad\u00eamicas, administrativas e de extens\u00e3o desenvolvidas pela unidade, ampliando a mobilidade institucional e oferecendo melhores condi\u00e7\u00f5es de trabalho \u00e0 comunidade acad\u00eamica.<\/p>\n<p>A iniciativa integra o conjunto de investimentos que a universidade vem realizando para modernizar sua infraestrutura e garantir suporte log\u00edstico \u00e0s rotinas de ensino, pesquisa e extens\u00e3o. A entrega foi conduzida pela Reitoria da Uespi, que destacou o compromisso com a melhoria cont\u00ednua das condi\u00e7\u00f5es de funcionamento dos campi.<\/p>\n<p>Durante a solenidade, o reitor da institui\u00e7\u00e3o, Evandro Alberto, ressaltou a import\u00e2ncia do novo ve\u00edculo para o desenvolvimento das a\u00e7\u00f5es institucionais. \u201cN\u00f3s estamos aqui entregando um ve\u00edculo zero Cronos para o Campus Cl\u00f3vis Moura, para atender aquela unidade, e dizer que ainda vem muito mais por a\u00ed. A gente est\u00e1 trabalhando para que todas as unidades recebam uma van, j\u00e1 temos processos em andamento\u201d, explicou o gestor.<\/p>\n<p><img loading=\"lazy\" decoding=\"async\" class=\"size-full wp-image-103174 aligncenter\" src=\"https:\/\/www.pi.gov.br\/wp-content\/uploads\/2025\/12\/1-4.webp\" sizes=\"auto, (max-width: 600px) 100vw, 600px\" srcset=\"https:\/\/www.pi.gov.br\/wp-content\/uploads\/2025\/12\/1-4.webp 600w, https:\/\/www.pi.gov.br\/wp-content\/uploads\/2025\/12\/1-4-300x225.webp 300w\" alt=\"\" width=\"600\" height=\"450\" \/><\/p>\n<p>A diretora do Campus Cl\u00f3vis Moura, Simonelly Melo, celebrou o investimento e destacou o impacto direto na rotina acad\u00eamica. \u201cA gente fica emocionada com o resultado. \u00c9 muito bom ver o quanto a reitoria trabalhou e continua trabalhando para que tenhamos qualidade administrativa e pedag\u00f3gica. Isso melhora tudo: nossa autoestima, nossa organiza\u00e7\u00e3o e nos faz acreditar que tudo \u00e9 poss\u00edvel\u201d, destacou a gestora.<\/p>\n<div id=\"content\">\n<section>\n<div class=\"container\">\n<div class=\"row\">\n<div class=\"col-md-12 col-xs-12\">\n<div class=\"site-content\">\n<article class=\"post post-249750 type-post status-publish format-standard hentry category-geral category-sem-categoria\">\n<div class=\"entry-content\">\n<p>O novo ve\u00edculo auxiliar\u00e1 no deslocamento de estudantes e servidores para atividades externas, como visitas t\u00e9cnicas, a\u00e7\u00f5es de extens\u00e3o, projetos de pesquisa e demandas administrativas. A previs\u00e3o \u00e9 de que o refor\u00e7o log\u00edstico amplie a capacidade do campus de atender comunidades externas, fortalecer parcerias e apoiar eventos acad\u00eamicos.<\/p>\n<figure id=\"attachment_103173\" class=\"wp-caption aligncenter\" aria-describedby=\"caption-attachment-103173\"><img loading=\"lazy\" decoding=\"async\" class=\"size-full wp-image-103173\" src=\"https:\/\/www.pi.gov.br\/wp-content\/uploads\/2025\/12\/2-3.webp\" sizes=\"auto, (max-width: 600px) 100vw, 600px\" srcset=\"https:\/\/www.pi.gov.br\/wp-content\/uploads\/2025\/12\/2-3.webp 600w, https:\/\/www.pi.gov.br\/wp-content\/uploads\/2025\/12\/2-3-300x225.webp 300w\" alt=\"\" width=\"600\" height=\"450\" \/><figcaption id=\"caption-attachment-103173\" class=\"wp-caption-text\">Veiculo que fortalecer\u00e1 iniciartivas academicas no Campus Cl\u00f3vis Moura.<\/figcaption><\/figure>\n<p>A entrega do ve\u00edculo evidencia o compromisso da Uespi com a melhoria das condi\u00e7\u00f5es de ensino e com a promo\u00e7\u00e3o da inclus\u00e3o, da cidadania e da forma\u00e7\u00e3o integral. Ao investir na mobilidade dos campi, a universidade amplia sua capacidade de atua\u00e7\u00e3o social e refor\u00e7a seu papel como institui\u00e7\u00e3o p\u00fablica comprometida com a transforma\u00e7\u00e3o social.<\/p>\n<p>&nbsp;<\/p>\n<\/div>\n<p>Fonte: Portal pi.Gov<br \/>\nConfira esta e outras mat\u00e9rias na \u00edntegra pelo link: https:\/\/www.pi.gov.br\/uespi-entrega-veiculo-para-o-campus-clovis-moura-de-forma-a-fortalecer-acoes-academicas-e-administrativas\/<\/p>\n<\/article>\n<\/div>\n<\/div>\n<\/div>\n<\/div>\n<\/section>\n<\/div>\n<\/div>\n<\/div>\n<div id=\"div_conteudo\" class=\"elementor-element elementor-element-2b45a66 elementor-widget elementor-widget-theme-post-content\" data-id=\"2b45a66\" data-element_type=\"widget\" data-widget_type=\"theme-post-content.default\">\n<div class=\"elementor-widget-container\" style=\"text-align: center;\"><\/div>\n<\/div>\n","protected":false},"excerpt":{"rendered":"<p>A iniciativa integra o conjunto de investimentos que a universidade vem realizando para modernizar a infraestrutura e garantir suporte log\u00edstico \u00e0s rotinas de ensino, pesquisa e extens\u00e3o. A Universidade Estadual do Piau\u00ed (Uespi) realizou, nesta semana, a entrega de um ve\u00edculo 0 km ao Campus Cl\u00f3vis Moura, em Teresina. O ve\u00edculo, adquirido com recursos de [&hellip;]<\/p>\n","protected":false},"author":3,"featured_media":13849,"comment_status":"open","ping_status":"open","sticky":false,"template":"","format":"standard","meta":{"om_disable_all_campaigns":false,"_monsterinsights_skip_tracking":false,"_monsterinsights_sitenote_active":false,"_monsterinsights_sitenote_note":"","_monsterinsights_sitenote_category":0,"footnotes":""},"categories":[33],"tags":[],"class_list":["post-13848","post","type-post","status-publish","format-standard","has-post-thumbnail","hentry","category-piaui"],"jetpack_featured_media_url":"https:\/\/fatoelado.com\/wp-content\/uploads\/2025\/12\/2-3.webp","_links":{"self":[{"href":"https:\/\/fatoelado.com\/index.php?rest_route=\/wp\/v2\/posts\/13848","targetHints":{"allow":["GET"]}}],"collection":[{"href":"https:\/\/fatoelado.com\/index.php?rest_route=\/wp\/v2\/posts"}],"about":[{"href":"https:\/\/fatoelado.com\/index.php?rest_route=\/wp\/v2\/types\/post"}],"author":[{"embeddable":true,"href":"https:\/\/fatoelado.com\/index.php?rest_route=\/wp\/v2\/users\/3"}],"replies":[{"embeddable":true,"href":"https:\/\/fatoelado.com\/index.php?rest_route=%2Fwp%2Fv2%2Fcomments&post=13848"}],"version-history":[{"count":1,"href":"https:\/\/fatoelado.com\/index.php?rest_route=\/wp\/v2\/posts\/13848\/revisions"}],"predecessor-version":[{"id":13850,"href":"https:\/\/fatoelado.com\/index.php?rest_route=\/wp\/v2\/posts\/13848\/revisions\/13850"}],"wp:featuredmedia":[{"embeddable":true,"href":"https:\/\/fatoelado.com\/index.php?rest_route=\/wp\/v2\/media\/13849"}],"wp:attachment":[{"href":"https:\/\/fatoelado.com\/index.php?rest_route=%2Fwp%2Fv2%2Fmedia&parent=13848"}],"wp:term":[{"taxonomy":"category","embeddable":true,"href":"https:\/\/fatoelado.com\/index.php?rest_route=%2Fwp%2Fv2%2Fcategories&post=13848"},{"taxonomy":"post_tag","embeddable":true,"href":"https:\/\/fatoelado.com\/index.php?rest_route=%2Fwp%2Fv2%2Ftags&post=13848"}],"curies":[{"name":"wp","href":"https:\/\/api.w.org\/{rel}","templated":true}]}}