{"id":13845,"date":"2025-12-04T11:00:57","date_gmt":"2025-12-04T14:00:57","guid":{"rendered":"https:\/\/fatoelado.com\/?p=13845"},"modified":"2025-12-04T11:00:57","modified_gmt":"2025-12-04T14:00:57","slug":"piaui-amplia-presenca-em-discussoes-nacionais-e-integra-debates-estrategicos-para-o-futuro-ambiental-do-pais","status":"publish","type":"post","link":"https:\/\/fatoelado.com\/?p=13845","title":{"rendered":"Piau\u00ed amplia presen\u00e7a em discuss\u00f5es nacionais e integra debates estrat\u00e9gicos para o futuro ambiental do pa\u00eds"},"content":{"rendered":"<h2 class=\"elementor-heading-title elementor-size-default\" style=\"text-align: center;\">Agendas refor\u00e7am o alinhamento do Governo do Piau\u00ed com as discuss\u00f5es que orientam o planejamento ambiental em n\u00edvel federal<\/h2>\n<p>&nbsp;<\/p>\n<p>Representando o Governo do Estado, o secret\u00e1rio do Meio Ambiente e Recursos H\u00eddricos do Piau\u00ed, Feliphe Ara\u00fajo, cumpriu uma agenda intensa em Bras\u00edlia, participando de duas importantes inst\u00e2ncias nacionais de formula\u00e7\u00e3o de pol\u00edticas ambientais, esta semana. Na ter\u00e7a-feira (2), ele integrou a 122\u00aa Reuni\u00e3o Ordin\u00e1ria da Associa\u00e7\u00e3o Brasileira de Entidades Estaduais de Meio Ambiente (Abema). J\u00e1 nessa quarta-feira (3), esteve presente na 148\u00aa Reuni\u00e3o Ordin\u00e1ria do Conselho Nacional de Meio Ambiente (Conama).<\/p>\n<p>A presen\u00e7a do Piau\u00ed nesses espa\u00e7os refor\u00e7a o compromisso do estado em acompanhar, contribuir e se alinhar \u00e0s pol\u00edticas ambientais que orientam o planejamento nacional. As agendas refor\u00e7am o alinhamento do governo com as discuss\u00f5es que orientam o planejamento ambiental em n\u00edvel federal e ampliam a participa\u00e7\u00e3o do estado na constru\u00e7\u00e3o de pol\u00edticas p\u00fablicas que impactam todo o pa\u00eds.<\/p>\n<p>Na reuni\u00e3o da Abema, Feliphe Ara\u00fajo acompanhou as discuss\u00f5es sobre a proposta de projeto para capta\u00e7\u00e3o de recursos do Fundo Amaz\u00f4nia, constru\u00edda em parceria entre a pr\u00f3pria Abema, o Minist\u00e9rio da Gest\u00e3o e da Inova\u00e7\u00e3o em Servi\u00e7os P\u00fablicos (MGI) e o Servi\u00e7o Florestal Brasileiro (SFB). \u201cO refor\u00e7o institucional \u00e9 determinante para avan\u00e7armos em pol\u00edticas ambientais modernas e eficientes. O Fundo Amaz\u00f4nia cumpre papel essencial nesse processo, e o Piau\u00ed est\u00e1 preparado para contribuir e aproveitar essas oportunidades\u201d, destacou o secret\u00e1rio.<\/p>\n<figure id=\"attachment_103158\" class=\"wp-caption alignnone\" aria-describedby=\"caption-attachment-103158\"><img loading=\"lazy\" decoding=\"async\" class=\"size-full wp-image-103158\" src=\"https:\/\/www.pi.gov.br\/wp-content\/uploads\/2025\/12\/WhatsApp-Image-2025-12-04-at-08.11.22.jpeg\" sizes=\"auto, (max-width: 1280px) 100vw, 1280px\" srcset=\"https:\/\/www.pi.gov.br\/wp-content\/uploads\/2025\/12\/WhatsApp-Image-2025-12-04-at-08.11.22.jpeg 1280w, https:\/\/www.pi.gov.br\/wp-content\/uploads\/2025\/12\/WhatsApp-Image-2025-12-04-at-08.11.22-300x169.jpeg 300w, https:\/\/www.pi.gov.br\/wp-content\/uploads\/2025\/12\/WhatsApp-Image-2025-12-04-at-08.11.22-1024x576.jpeg 1024w, https:\/\/www.pi.gov.br\/wp-content\/uploads\/2025\/12\/WhatsApp-Image-2025-12-04-at-08.11.22-768x432.jpeg 768w\" alt=\"\" width=\"1280\" height=\"720\" \/><figcaption id=\"caption-attachment-103158\" class=\"wp-caption-text\">Foto: Ascom\/Semarh<\/figcaption><\/figure>\n<p>J\u00e1 nesta quarta-feira, durante a plen\u00e1ria do Conama, Feliphe Ara\u00fajo acompanhou uma pauta ampla e decisiva. Entre os pontos discutidos estiveram a resolu\u00e7\u00e3o que define princ\u00edpios e diretrizes para a incorpora\u00e7\u00e3o da justi\u00e7a clim\u00e1tica e do combate ao racismo ambiental nas pol\u00edticas p\u00fablicas, al\u00e9m da norma que estabelece procedimentos t\u00e9cnicos e cient\u00edficos para o resgate de col\u00f4nias de abelhas-nativas-sem-ferr\u00e3o em \u00e1reas com autoriza\u00e7\u00e3o para supress\u00e3o de vegeta\u00e7\u00e3o.<\/p>\n<p>Tamb\u00e9m avan\u00e7aram as discuss\u00f5es sobre a reestrutura\u00e7\u00e3o do Programa Nacional de Controle da Qualidade do Ar (Pronar), a atualiza\u00e7\u00e3o da resolu\u00e7\u00e3o que trata do licenciamento ambiental da aquicultura, a proposta de incluir a queima controlada da palha de cana-de-a\u00e7\u00facar entre as atividades sujeitas a Estudo de Impacto Ambiental e a revis\u00e3o das normas sobre crit\u00e9rios de qualidade do solo e gerenciamento de \u00e1reas contaminadas.<\/p>\n<p>A reuni\u00e3o tamb\u00e9m abordou a proposta de ajuste na classifica\u00e7\u00e3o de Unidades de Conserva\u00e7\u00e3o no Cadastro Nacional (CNUC) e a atualiza\u00e7\u00e3o da Resolu\u00e7\u00e3o Conama 394\/2007, que define os crit\u00e9rios para esp\u00e9cies silvestres permitidas como animais de estima\u00e7\u00e3o, conhecida como Lista PET. Al\u00e9m disso, ficou estabelecido que as pr\u00f3ximas vota\u00e7\u00f5es do Conama ser\u00e3o realizadas por meio do gov.br, o que exige aten\u00e7\u00e3o dos conselheiros quanto \u00e0s credenciais do sistema.<\/p>\n<p>Outro ponto relevante foi a mo\u00e7\u00e3o que reconhece a import\u00e2ncia dos ecossistemas de montanhas e prop\u00f5e a articula\u00e7\u00e3o de diretrizes nacionais voltadas \u00e0 conserva\u00e7\u00e3o e gest\u00e3o sustent\u00e1vel dessas \u00e1reas. Tamb\u00e9m foram apreciadas minutas relativas ao resgate de colmeias de abelhas-sem-ferr\u00e3o, \u00e0 garantia de justi\u00e7a clim\u00e1tica e \u00e0 atualiza\u00e7\u00e3o do Pronar, originalmente institu\u00eddo pela Resolu\u00e7\u00e3o n\u00ba 5\/1989.<\/p>\n<p>Para Feliphe Ara\u00fajo, a participa\u00e7\u00e3o ativa nessas agendas reafirma o papel do Piau\u00ed no debate ambiental brasileiro. \u201cO Conama e a Abema s\u00e3o espa\u00e7os onde se constroem as bases das pol\u00edticas ambientais do pa\u00eds. Estar presente, compreender cada avan\u00e7o e contribuir tecnicamente \u00e9 fundamental para que o Piau\u00ed continue crescendo de forma sustent\u00e1vel e alinhada \u00e0s melhores pr\u00e1ticas nacionais\u201d, afirmou o gestor.<\/p>\n<figure id=\"attachment_103160\" class=\"wp-caption alignnone\" aria-describedby=\"caption-attachment-103160\"><img loading=\"lazy\" decoding=\"async\" class=\"size-full wp-image-103160\" src=\"https:\/\/www.pi.gov.br\/wp-content\/uploads\/2025\/12\/WhatsApp-Image-2025-12-04-at-08.11.24-1-e1764848657859.jpeg\" sizes=\"auto, (max-width: 1200px) 100vw, 1200px\" srcset=\"https:\/\/www.pi.gov.br\/wp-content\/uploads\/2025\/12\/WhatsApp-Image-2025-12-04-at-08.11.24-1-e1764848657859.jpeg 1200w, https:\/\/www.pi.gov.br\/wp-content\/uploads\/2025\/12\/WhatsApp-Image-2025-12-04-at-08.11.24-1-e1764848657859-300x279.jpeg 300w, https:\/\/www.pi.gov.br\/wp-content\/uploads\/2025\/12\/WhatsApp-Image-2025-12-04-at-08.11.24-1-e1764848657859-1024x951.jpeg 1024w, https:\/\/www.pi.gov.br\/wp-content\/uploads\/2025\/12\/WhatsApp-Image-2025-12-04-at-08.11.24-1-e1764848657859-768x714.jpeg 768w\" alt=\"\" width=\"1200\" height=\"1115\" \/><figcaption id=\"caption-attachment-103160\" class=\"wp-caption-text\">Foto: Ascom\/Semarh<\/p>\n<p>Fonte: Portal pi.Gov<br \/>\nConfira esta e outras mat\u00e9rias na \u00edntegra pelo link: https:\/\/www.pi.gov.br\/piaui-amplia-presenca-em-discussoes-nacionais-e-integra-debates-estrategicos-para-o-futuro-ambiental-do-pais\/<\/figcaption><\/figure>\n","protected":false},"excerpt":{"rendered":"<p>Agendas refor\u00e7am o alinhamento do Governo do Piau\u00ed com as discuss\u00f5es que orientam o planejamento ambiental em n\u00edvel federal &nbsp; Representando o Governo do Estado, o secret\u00e1rio do Meio Ambiente e Recursos H\u00eddricos do Piau\u00ed, Feliphe Ara\u00fajo, cumpriu uma agenda intensa em Bras\u00edlia, participando de duas importantes inst\u00e2ncias nacionais de formula\u00e7\u00e3o de pol\u00edticas ambientais, esta [&hellip;]<\/p>\n","protected":false},"author":3,"featured_media":13846,"comment_status":"open","ping_status":"open","sticky":false,"template":"","format":"standard","meta":{"om_disable_all_campaigns":false,"_monsterinsights_skip_tracking":false,"_monsterinsights_sitenote_active":false,"_monsterinsights_sitenote_note":"","_monsterinsights_sitenote_category":0,"footnotes":""},"categories":[33],"tags":[],"class_list":["post-13845","post","type-post","status-publish","format-standard","has-post-thumbnail","hentry","category-piaui"],"jetpack_featured_media_url":"https:\/\/fatoelado.com\/wp-content\/uploads\/2025\/12\/WhatsApp-Image-2025-12-04-at-08.11.24-1-e1764848657859.jpeg","_links":{"self":[{"href":"https:\/\/fatoelado.com\/index.php?rest_route=\/wp\/v2\/posts\/13845","targetHints":{"allow":["GET"]}}],"collection":[{"href":"https:\/\/fatoelado.com\/index.php?rest_route=\/wp\/v2\/posts"}],"about":[{"href":"https:\/\/fatoelado.com\/index.php?rest_route=\/wp\/v2\/types\/post"}],"author":[{"embeddable":true,"href":"https:\/\/fatoelado.com\/index.php?rest_route=\/wp\/v2\/users\/3"}],"replies":[{"embeddable":true,"href":"https:\/\/fatoelado.com\/index.php?rest_route=%2Fwp%2Fv2%2Fcomments&post=13845"}],"version-history":[{"count":1,"href":"https:\/\/fatoelado.com\/index.php?rest_route=\/wp\/v2\/posts\/13845\/revisions"}],"predecessor-version":[{"id":13847,"href":"https:\/\/fatoelado.com\/index.php?rest_route=\/wp\/v2\/posts\/13845\/revisions\/13847"}],"wp:featuredmedia":[{"embeddable":true,"href":"https:\/\/fatoelado.com\/index.php?rest_route=\/wp\/v2\/media\/13846"}],"wp:attachment":[{"href":"https:\/\/fatoelado.com\/index.php?rest_route=%2Fwp%2Fv2%2Fmedia&parent=13845"}],"wp:term":[{"taxonomy":"category","embeddable":true,"href":"https:\/\/fatoelado.com\/index.php?rest_route=%2Fwp%2Fv2%2Fcategories&post=13845"},{"taxonomy":"post_tag","embeddable":true,"href":"https:\/\/fatoelado.com\/index.php?rest_route=%2Fwp%2Fv2%2Ftags&post=13845"}],"curies":[{"name":"wp","href":"https:\/\/api.w.org\/{rel}","templated":true}]}}