{"id":13842,"date":"2025-12-04T11:00:13","date_gmt":"2025-12-04T14:00:13","guid":{"rendered":"https:\/\/fatoelado.com\/?p=13842"},"modified":"2025-12-04T11:00:13","modified_gmt":"2025-12-04T14:00:13","slug":"simbolo-piauiense-cajuina-e-destaque-em-evento-internacional-da-uniao-europeia-no-brasil","status":"publish","type":"post","link":"https:\/\/fatoelado.com\/?p=13842","title":{"rendered":"S\u00edmbolo piauiense, caju\u00edna \u00e9 destaque em evento internacional da Uni\u00e3o Europeia no Brasil"},"content":{"rendered":"<h2 class=\"elementor-heading-title elementor-size-default\" style=\"text-align: center;\">A bebida ganhou destaque nas redes sociais ap\u00f3s ser apresentada pelo influenciador e cozinheiro Rui Morschel em v\u00eddeo que conta com cerca de 100 mil visualiza\u00e7\u00f5es<\/h2>\n<p>&nbsp;<\/p>\n<p>A caju\u00edna do Piau\u00ed foi apresentada, nessa quarta-feira (3), a influenciadores e chefs de cozinha de todo o mundo, durante o evento internacional \u201cSabores que Conectam\u201d, em Salvador (BA). A bebida, que ganhou destaque nas redes sociais ap\u00f3s ser apresentada pelo influenciador e cozinheiro Rui Morschel em v\u00eddeo que conta com cerca de 100 mil visualiza\u00e7\u00f5es em apenas dois dias, segue ampliando sua visibilidade e refor\u00e7ando seu valor como s\u00edmbolo cultural piauiense.<\/p>\n<p>O evento \u201cSabores que Conectam\u201d \u00e9 uma iniciativa da Uni\u00e3o Europeia no Brasil que destaca a import\u00e2ncia das Indica\u00e7\u00f5es Geogr\u00e1ficas (IGs) por meio de experi\u00eancias gastron\u00f4micas. O projeto busca fortalecer os la\u00e7os culturais e comerciais entre Uni\u00e3o Europeia e Mercosul, prevendo a prote\u00e7\u00e3o m\u00fatua das IGs e garantindo valoriza\u00e7\u00e3o de produtos tradicionais e mais seguran\u00e7a para produtores e consumidores.<\/p>\n<p><img loading=\"lazy\" decoding=\"async\" class=\"alignnone size-full wp-image-103141\" src=\"https:\/\/www.pi.gov.br\/wp-content\/uploads\/2025\/12\/bbdbb582-978d-4ea1-b8df-9f18fb2be0f7.jpeg\" sizes=\"auto, (max-width: 1258px) 100vw, 1258px\" srcset=\"https:\/\/www.pi.gov.br\/wp-content\/uploads\/2025\/12\/bbdbb582-978d-4ea1-b8df-9f18fb2be0f7.jpeg 1258w, https:\/\/www.pi.gov.br\/wp-content\/uploads\/2025\/12\/bbdbb582-978d-4ea1-b8df-9f18fb2be0f7-300x210.jpeg 300w, https:\/\/www.pi.gov.br\/wp-content\/uploads\/2025\/12\/bbdbb582-978d-4ea1-b8df-9f18fb2be0f7-1024x716.jpeg 1024w, https:\/\/www.pi.gov.br\/wp-content\/uploads\/2025\/12\/bbdbb582-978d-4ea1-b8df-9f18fb2be0f7-768x537.jpeg 768w\" alt=\"\" width=\"1258\" height=\"880\" \/><\/p>\n<p>Como parte da a\u00e7\u00e3o, uma s\u00e9rie de v\u00eddeos sobre essas Indica\u00e7\u00f5es Geogr\u00e1ficas vem sendo divulgada nas redes sociais. Entre eles, o destaque recente \u00e9 o v\u00eddeo sobre a caju\u00edna do Piau\u00ed, produzido por Rui Morschel. O influenciador foi convidado pelo Sebrae Nacional com o objetivo de promover as IGs em todo o pa\u00eds. No Nordeste, duas foram selecionadas, incluindo a caju\u00edna piauiense.<\/p>\n<p>Em suas redes sociais, o influenciador e cozinheiro apresentou a caju\u00edna e elogiou. \u201cQuando um produto vira s\u00edmbolo de um povo, ele deixa de ser s\u00f3 bebida e vira identidade. E a caju\u00edna \u00e9 exatamente isso: o Piau\u00ed numa garrafa\u201d, disse Rui Morschel.<\/p>\n<p><img loading=\"lazy\" decoding=\"async\" class=\"alignnone size-full wp-image-103143\" src=\"https:\/\/www.pi.gov.br\/wp-content\/uploads\/2025\/12\/9e14fbc1-85ee-4f1b-83b2-57e209a1ea53.jpeg\" sizes=\"auto, (max-width: 723px) 100vw, 723px\" srcset=\"https:\/\/www.pi.gov.br\/wp-content\/uploads\/2025\/12\/9e14fbc1-85ee-4f1b-83b2-57e209a1ea53.jpeg 723w, https:\/\/www.pi.gov.br\/wp-content\/uploads\/2025\/12\/9e14fbc1-85ee-4f1b-83b2-57e209a1ea53-300x243.jpeg 300w\" alt=\"\" width=\"723\" height=\"585\" \/><\/p>\n<p>O presidente da Uni\u00e3o das Associa\u00e7\u00f5es Cooperativas e Produtores de Caju\u00edna do Estado do Piau\u00ed (Procaju\u00edna), Firmino Pires, destacou o potencial do evento e da divulga\u00e7\u00e3o da caju\u00edna. \u201cEla foi apresentada para influenciadores digitais e chefs de v\u00e1rios pa\u00edses, que experimentaram e produziram conte\u00fados e registros. Estamos nessa luta para ampliar cada vez mais a divulga\u00e7\u00e3o da nossa caju\u00edna. A IG da Caju\u00edna vai se tornar a mais forte do Brasil se continuar nesse ritmo de divulga\u00e7\u00e3o\u201d, avaliou Firmino Pires.<\/p>\n<p>No evento, a apresenta\u00e7\u00e3o da caju\u00edna piauiense teve a presen\u00e7a do diretor da Procaju\u00edna, Eduardo Banzeiro.<\/p>\n<p>&nbsp;<\/p>\n<p>Fonte: Portal pi.Gov<br \/>\nConfira esta e outras mat\u00e9rias na \u00edntegra pelo link: https:\/\/www.pi.gov.br\/simbolo-piauiense-cajuina-e-destaque-em-evento-internacional-da-uniao-europeia-no-brasil\/<\/p>\n","protected":false},"excerpt":{"rendered":"<p>A bebida ganhou destaque nas redes sociais ap\u00f3s ser apresentada pelo influenciador e cozinheiro Rui Morschel em v\u00eddeo que conta com cerca de 100 mil visualiza\u00e7\u00f5es &nbsp; A caju\u00edna do Piau\u00ed foi apresentada, nessa quarta-feira (3), a influenciadores e chefs de cozinha de todo o mundo, durante o evento internacional \u201cSabores que Conectam\u201d, em Salvador [&hellip;]<\/p>\n","protected":false},"author":3,"featured_media":13843,"comment_status":"open","ping_status":"open","sticky":false,"template":"","format":"standard","meta":{"om_disable_all_campaigns":false,"_monsterinsights_skip_tracking":false,"_monsterinsights_sitenote_active":false,"_monsterinsights_sitenote_note":"","_monsterinsights_sitenote_category":0,"footnotes":""},"categories":[33],"tags":[],"class_list":["post-13842","post","type-post","status-publish","format-standard","has-post-thumbnail","hentry","category-piaui"],"jetpack_featured_media_url":"https:\/\/fatoelado.com\/wp-content\/uploads\/2025\/12\/9e14fbc1-85ee-4f1b-83b2-57e209a1ea53.jpeg","_links":{"self":[{"href":"https:\/\/fatoelado.com\/index.php?rest_route=\/wp\/v2\/posts\/13842","targetHints":{"allow":["GET"]}}],"collection":[{"href":"https:\/\/fatoelado.com\/index.php?rest_route=\/wp\/v2\/posts"}],"about":[{"href":"https:\/\/fatoelado.com\/index.php?rest_route=\/wp\/v2\/types\/post"}],"author":[{"embeddable":true,"href":"https:\/\/fatoelado.com\/index.php?rest_route=\/wp\/v2\/users\/3"}],"replies":[{"embeddable":true,"href":"https:\/\/fatoelado.com\/index.php?rest_route=%2Fwp%2Fv2%2Fcomments&post=13842"}],"version-history":[{"count":1,"href":"https:\/\/fatoelado.com\/index.php?rest_route=\/wp\/v2\/posts\/13842\/revisions"}],"predecessor-version":[{"id":13844,"href":"https:\/\/fatoelado.com\/index.php?rest_route=\/wp\/v2\/posts\/13842\/revisions\/13844"}],"wp:featuredmedia":[{"embeddable":true,"href":"https:\/\/fatoelado.com\/index.php?rest_route=\/wp\/v2\/media\/13843"}],"wp:attachment":[{"href":"https:\/\/fatoelado.com\/index.php?rest_route=%2Fwp%2Fv2%2Fmedia&parent=13842"}],"wp:term":[{"taxonomy":"category","embeddable":true,"href":"https:\/\/fatoelado.com\/index.php?rest_route=%2Fwp%2Fv2%2Fcategories&post=13842"},{"taxonomy":"post_tag","embeddable":true,"href":"https:\/\/fatoelado.com\/index.php?rest_route=%2Fwp%2Fv2%2Ftags&post=13842"}],"curies":[{"name":"wp","href":"https:\/\/api.w.org\/{rel}","templated":true}]}}