{"id":13839,"date":"2025-12-04T10:59:08","date_gmt":"2025-12-04T13:59:08","guid":{"rendered":"https:\/\/fatoelado.com\/?p=13839"},"modified":"2025-12-04T10:59:08","modified_gmt":"2025-12-04T13:59:08","slug":"uespi-reune-gestores-fortalece-dialogo-institucional-e-entrega-novos-carros-e-vans-oficiais","status":"publish","type":"post","link":"https:\/\/fatoelado.com\/?p=13839","title":{"rendered":"Uespi re\u00fane gestores, fortalece di\u00e1logo institucional e entrega novos carros e vans oficiais"},"content":{"rendered":"<h2 class=\"elementor-heading-title elementor-size-default\" style=\"text-align: center;\">Universidade tem intensificado iniciativas voltadas ao fortalecimento interno e ao desenvolvimento de a\u00e7\u00f5es integradas entre os campi<\/h2>\n<p>&nbsp;<\/p>\n<p>A Universidade Estadual do Piau\u00ed (Uespi) promoveu um encontro estrat\u00e9gico, reunindo diretores e vice-diretores de centros e campi de todas as regi\u00f5es do estado para fortalecimento da gest\u00e3o universit\u00e1ria, valoriza\u00e7\u00e3o dos gestores e abertura de um di\u00e1logo permanente entre a administra\u00e7\u00e3o superior e as unidades acad\u00eamicas. O momento tamb\u00e9m foi marcado por importantes entregas simb\u00f3licas e estruturais: al\u00e9m das novas vans e ve\u00edculos oficiais que ir\u00e3o refor\u00e7ar a log\u00edstica e o funcionamento das unidades, cada campus contemplado recebeu o selo \u201cOAB Recomenda\u201d, reconhecimento nacional concedido aos cursos de Direito com excel\u00eancia comprovada em qualidade acad\u00eamica.<\/p>\n<p>Na oportunidade, o reitor da Uespi, professor Evandro Alberto, refor\u00e7ou o compromisso com uma gest\u00e3o integrada e atenta \u00e0s demandas dos campi e explicou que o encontro representa mais do que uma atividade administrativa, \u00e9 um gesto de reconhecimento e valoriza\u00e7\u00e3o das equipes que sustentam o funcionamento da institui\u00e7\u00e3o no dia a dia. \u201cEste encontro simboliza a uni\u00e3o da nossa universidade. Reunir nossos diretores e vice-diretores \u00e9 reconhecer o papel essencial que cada gestor desempenha na condu\u00e7\u00e3o dos campi. S\u00e3o eles que vivenciam de perto as demandas, desafios e avan\u00e7os de cada unidade, e por isso precisam estar no centro das nossas decis\u00f5es\u201d, afirmou o reitor.<\/p>\n<p>Ao longo dos \u00faltimos anos, a Uespi tem intensificado iniciativas voltadas ao fortalecimento interno e ao desenvolvimento de a\u00e7\u00f5es integradas entre os campi. O encontro buscou consolidar esse movimento ao aproximar gestores que lidam diariamente com realidades distintas, desde grandes centros urbanos at\u00e9 munic\u00edpios situados em \u00e1reas rurais ou de dif\u00edcil acesso, permitindo que desafios, demandas e solu\u00e7\u00f5es fossem compartilhados em um espa\u00e7o colaborativo.<\/p>\n<figure id=\"attachment_103180\" class=\"wp-caption alignnone\" aria-describedby=\"caption-attachment-103180\"><img loading=\"lazy\" decoding=\"async\" class=\"wp-image-103180 size-full\" src=\"https:\/\/www.pi.gov.br\/wp-content\/uploads\/2025\/12\/1-5.webp\" sizes=\"auto, (max-width: 2048px) 100vw, 2048px\" srcset=\"https:\/\/www.pi.gov.br\/wp-content\/uploads\/2025\/12\/1-5.webp 2048w, https:\/\/www.pi.gov.br\/wp-content\/uploads\/2025\/12\/1-5-300x225.webp 300w, https:\/\/www.pi.gov.br\/wp-content\/uploads\/2025\/12\/1-5-1024x768.webp 1024w, https:\/\/www.pi.gov.br\/wp-content\/uploads\/2025\/12\/1-5-768x576.webp 768w, https:\/\/www.pi.gov.br\/wp-content\/uploads\/2025\/12\/1-5-1536x1152.webp 1536w\" alt=\"\" width=\"2048\" height=\"1536\" \/><figcaption id=\"caption-attachment-103180\" class=\"wp-caption-text\">Uespi refor\u00e7a integra\u00e7\u00e3o institucional em reuni\u00e3o com diretores e vice-diretores dos campi (Foto:Ascom\/Uespi)<\/figcaption><\/figure>\n<p>Outro ponto fundamental foi a valoriza\u00e7\u00e3o dos gestores locais, que representam a linha de frente da institui\u00e7\u00e3o em cada regi\u00e3o. S\u00e3o eles que acompanham a execu\u00e7\u00e3o de projetos, o funcionamento de cursos, a manuten\u00e7\u00e3o de estruturas e a constru\u00e7\u00e3o do v\u00ednculo com as comunidades acad\u00eamicas e municipais. Reconhecer esse trabalho e oferecer um espa\u00e7o de escuta ativa refor\u00e7a a import\u00e2ncia de uma gest\u00e3o participativa, descentralizada e sens\u00edvel \u00e0s especificidades de cada campus.<\/p>\n<p><strong>Entrega de novos ve\u00edculos<\/strong><\/p>\n<p>A entrega das novas vans e carros tamb\u00e9m se integra ao processo de fortalecimento institucional da universidade. Os ve\u00edculos ir\u00e3o apoiar deslocamentos para atividades de ensino, a\u00e7\u00f5es de extens\u00e3o, participa\u00e7\u00e3o em eventos cient\u00edficos, visitas t\u00e9cnicas, assist\u00eancia administrativa e demandas internas. Para a Uespi, a medida \u00e9 vista como uma resposta concreta a demandas antigas de mobilidade, especialmente em locais onde o transporte era limitado e impactava diretamente o funcionamento das atividades acad\u00eamicas e administrativas.<\/p>\n<p>O reitor tamb\u00e9m contextualizou que a entrega dos ve\u00edculos \u00e9 parte de um planejamento alinhado ao fortalecimento das estruturas e \u00e0 melhoria dos servi\u00e7os internos. \u201cA entrega das vans e dos carros representa um passo importante na moderniza\u00e7\u00e3o e na efici\u00eancia da nossa institui\u00e7\u00e3o. Esses ve\u00edculos v\u00e3o ampliar a capacidade de deslocamento, facilitar a\u00e7\u00f5es acad\u00eamicas e administrativas e garantir que nossos campi tenham condi\u00e7\u00f5es mais adequadas para desenvolver suas atividades\u201d, destacou Evandro Alberto.<\/p>\n<p>A amplia\u00e7\u00e3o do di\u00e1logo institucional tamb\u00e9m foi destaque no encontro. A administra\u00e7\u00e3o superior refor\u00e7ou que a constru\u00e7\u00e3o de uma universidade forte depende de comunica\u00e7\u00e3o clara, planejamento conjunto e coopera\u00e7\u00e3o entre todas as unidades. Ao estimular esse ambiente de troca, a Uespi busca garantir que as decis\u00f5es estrat\u00e9gicas reflitam as necessidades reais dos campi, favorecendo pol\u00edticas mais assertivas e uma gest\u00e3o mais equilibrada em todo o territ\u00f3rio piauiense.<\/p>\n<figure id=\"attachment_103174\" class=\"wp-caption alignnone\" aria-describedby=\"caption-attachment-103174\"><img loading=\"lazy\" decoding=\"async\" class=\"wp-image-103174 size-full\" src=\"https:\/\/www.pi.gov.br\/wp-content\/uploads\/2025\/12\/1-4.webp\" sizes=\"auto, (max-width: 600px) 100vw, 600px\" srcset=\"https:\/\/www.pi.gov.br\/wp-content\/uploads\/2025\/12\/1-4.webp 600w, https:\/\/www.pi.gov.br\/wp-content\/uploads\/2025\/12\/1-4-300x225.webp 300w\" alt=\"\" width=\"600\" height=\"450\" \/><figcaption id=\"caption-attachment-103174\" class=\"wp-caption-text\">Foto: Ascom\/Uespi<\/figcaption><\/figure>\n<p>Evandro Alberto encerrou enfatizando o compromisso da gest\u00e3o com o di\u00e1logo cont\u00ednuo, a valoriza\u00e7\u00e3o humana e o investimento progressivo nas condi\u00e7\u00f5es de trabalho das unidades. \u201cNosso compromisso \u00e9 seguir avan\u00e7ando. N\u00e3o h\u00e1 universidade forte sem escuta, sem planejamento conjunto e sem valoriza\u00e7\u00e3o das pessoas que fazem a Uespi todos os dias. Este \u00e9 apenas o in\u00edcio de um movimento que vai continuar fortalecendo nossa institui\u00e7\u00e3o em todas as regi\u00f5es do estado\u201d, concluiu o gestor.<\/p>\n<p><strong>Momento fortalece conex\u00e3o administrativa, diz reitor eleito<\/strong><\/p>\n<p>O evento tamb\u00e9m se tornou espa\u00e7o de participa\u00e7\u00e3o ativa dos gestores que assumir\u00e3o os rumos da universidade nos pr\u00f3ximos anos. O reitor eleito, professor Paulo Henrique, ressaltou a relev\u00e2ncia da iniciativa e refor\u00e7ou o papel estrat\u00e9gico desse di\u00e1logo no processo de transi\u00e7\u00e3o e continuidade institucional.<\/p>\n<p>\u201cEu acho que \u00e9 um momento muito importante esse momento em que o professor Evandro est\u00e1 reunindo todos os diretores dos campi e centros, exatamente para fazer essa an\u00e1lise do que foi o ano de 2025, fazer algumas entregas e, principalmente, estabelecer cada vez mais uma conex\u00e3o da administra\u00e7\u00e3o superior com quem est\u00e1 l\u00e1 na ponta. \u00c9 um momento de uni\u00e3o e de aproxima\u00e7\u00e3o muito salutar para toda a nossa universidade\u201d, afirmou o reitor eleito.<\/p>\n<p>A vice-reitora eleita tamb\u00e9m destacou a dimens\u00e3o simb\u00f3lica e pr\u00e1tica do encontro, ressaltando a gratid\u00e3o \u00e0 equipe gestora atual e o compromisso com uma gest\u00e3o compartilhada para os pr\u00f3ximos anos. \u201cEsse momento foi uma oportunidade de agradecer aos diretores, receb\u00ea-los aqui na nossa casa, no Pal\u00e1cio Piraj\u00e1, e reconhecer a relev\u00e2ncia da atua\u00e7\u00e3o deles enquanto gestores na capital e no interior. Tamb\u00e9m refor\u00e7amos nosso compromisso com a pr\u00f3xima gest\u00e3o, que ser\u00e1 participativa, transparente e constru\u00edda a v\u00e1rias m\u00e3os. N\u00e3o poder\u00edamos deixar de reconhecer o papel essencial de cada diretora e diretor na composi\u00e7\u00e3o da nossa universidade\u201d, declarou a professora F\u00e1bia Buenos Aires.<\/p>\n<figure id=\"attachment_103179\" class=\"wp-caption alignnone\" aria-describedby=\"caption-attachment-103179\"><img loading=\"lazy\" decoding=\"async\" class=\"size-full wp-image-103179\" src=\"https:\/\/www.pi.gov.br\/wp-content\/uploads\/2025\/12\/2-4.webp\" sizes=\"auto, (max-width: 1280px) 100vw, 1280px\" srcset=\"https:\/\/www.pi.gov.br\/wp-content\/uploads\/2025\/12\/2-4.webp 1280w, https:\/\/www.pi.gov.br\/wp-content\/uploads\/2025\/12\/2-4-300x169.webp 300w, https:\/\/www.pi.gov.br\/wp-content\/uploads\/2025\/12\/2-4-1024x576.webp 1024w, https:\/\/www.pi.gov.br\/wp-content\/uploads\/2025\/12\/2-4-768x432.webp 768w\" alt=\"\" width=\"1280\" height=\"720\" \/><figcaption id=\"caption-attachment-103179\" class=\"wp-caption-text\">Foto: Ascom\/Uespi<\/figcaption><\/figure>\n<p>Para os diretores presentes, o encontro representou n\u00e3o apenas reconhecimento institucional, mas tamb\u00e9m um espa\u00e7o de troca e constru\u00e7\u00e3o conjunta de solu\u00e7\u00f5es. O diretor do campus de Corrente refor\u00e7ou a import\u00e2ncia de reunir diferentes realidades da Uespi. \u201cEsses encontros s\u00e3o importantes porque conseguimos juntar diretores de geografias e desafios distintos. Aqui aprendemos juntos a superar dificuldades e seguimos trabalhando para o melhor resultado da Uespi\u201d, avaliou o professor Alcir Rocha.<\/p>\n<p>A diretora do campus de Piripiri destacou que, al\u00e9m da troca de experi\u00eancias, o momento incluiu o recebimento de equipamentos que fortalecem o trabalho administrativo e acad\u00eamico nas unidades. \u201cAchei muito boa essa iniciativa, inclusive para interagir com os outros diretores. Tamb\u00e9m recebemos materiais importantes, como notebook e data show, que v\u00e3o ajudar muito no nosso trabalho. \u00c9 um prazer estar aqui trocando ideias e melhorando cada vez mais nossa atua\u00e7\u00e3o\u201d, afirmou a professora Rosa Mamede.<\/p>\n<p>J\u00e1 o diretor do campus de Bom Jesus destacou que o encontro refor\u00e7a a unidade institucional e fortalece os la\u00e7os entre a administra\u00e7\u00e3o superior e os campi do interior. \u201cMuito bom momento, ampliando a comunica\u00e7\u00e3o entre a Administra\u00e7\u00e3o Superior e os campi do interior. Recebemos ferramentas importantes para o nosso trabalho e vimos o reconhecimento aos cursos dos campi do interior. Tudo isso demonstra uma UESPI cada vez mais unida\u201d, avaliou o professor Gasparino Batista.<\/p>\n<figure id=\"attachment_103178\" class=\"wp-caption alignnone\" aria-describedby=\"caption-attachment-103178\"><img loading=\"lazy\" decoding=\"async\" class=\"size-full wp-image-103178\" src=\"https:\/\/www.pi.gov.br\/wp-content\/uploads\/2025\/12\/3.jpg\" sizes=\"auto, (max-width: 1280px) 100vw, 1280px\" srcset=\"https:\/\/www.pi.gov.br\/wp-content\/uploads\/2025\/12\/3.jpg 1280w, https:\/\/www.pi.gov.br\/wp-content\/uploads\/2025\/12\/3-300x225.jpg 300w, https:\/\/www.pi.gov.br\/wp-content\/uploads\/2025\/12\/3-1024x768.jpg 1024w, https:\/\/www.pi.gov.br\/wp-content\/uploads\/2025\/12\/3-768x576.jpg 768w\" alt=\"\" width=\"1280\" height=\"960\" \/><figcaption id=\"caption-attachment-103178\" class=\"wp-caption-text\">Foto: Uespi<\/p>\n<p>Fonte: Portal pi.Gov<br \/>\nConfira esta e outras mat\u00e9rias na \u00edntegra pelo link: https:\/\/www.pi.gov.br\/uespi-reune-gestores-fortalece-dialogo-institucional-e-entrega-novos-carros-e-vans-oficiais\/<\/figcaption><\/figure>\n","protected":false},"excerpt":{"rendered":"<p>Universidade tem intensificado iniciativas voltadas ao fortalecimento interno e ao desenvolvimento de a\u00e7\u00f5es integradas entre os campi &nbsp; A Universidade Estadual do Piau\u00ed (Uespi) promoveu um encontro estrat\u00e9gico, reunindo diretores e vice-diretores de centros e campi de todas as regi\u00f5es do estado para fortalecimento da gest\u00e3o universit\u00e1ria, valoriza\u00e7\u00e3o dos gestores e abertura de um di\u00e1logo [&hellip;]<\/p>\n","protected":false},"author":3,"featured_media":13840,"comment_status":"open","ping_status":"open","sticky":false,"template":"","format":"standard","meta":{"om_disable_all_campaigns":false,"_monsterinsights_skip_tracking":false,"_monsterinsights_sitenote_active":false,"_monsterinsights_sitenote_note":"","_monsterinsights_sitenote_category":0,"footnotes":""},"categories":[33],"tags":[],"class_list":["post-13839","post","type-post","status-publish","format-standard","has-post-thumbnail","hentry","category-piaui"],"jetpack_featured_media_url":"https:\/\/fatoelado.com\/wp-content\/uploads\/2025\/12\/1-4.webp","_links":{"self":[{"href":"https:\/\/fatoelado.com\/index.php?rest_route=\/wp\/v2\/posts\/13839","targetHints":{"allow":["GET"]}}],"collection":[{"href":"https:\/\/fatoelado.com\/index.php?rest_route=\/wp\/v2\/posts"}],"about":[{"href":"https:\/\/fatoelado.com\/index.php?rest_route=\/wp\/v2\/types\/post"}],"author":[{"embeddable":true,"href":"https:\/\/fatoelado.com\/index.php?rest_route=\/wp\/v2\/users\/3"}],"replies":[{"embeddable":true,"href":"https:\/\/fatoelado.com\/index.php?rest_route=%2Fwp%2Fv2%2Fcomments&post=13839"}],"version-history":[{"count":1,"href":"https:\/\/fatoelado.com\/index.php?rest_route=\/wp\/v2\/posts\/13839\/revisions"}],"predecessor-version":[{"id":13841,"href":"https:\/\/fatoelado.com\/index.php?rest_route=\/wp\/v2\/posts\/13839\/revisions\/13841"}],"wp:featuredmedia":[{"embeddable":true,"href":"https:\/\/fatoelado.com\/index.php?rest_route=\/wp\/v2\/media\/13840"}],"wp:attachment":[{"href":"https:\/\/fatoelado.com\/index.php?rest_route=%2Fwp%2Fv2%2Fmedia&parent=13839"}],"wp:term":[{"taxonomy":"category","embeddable":true,"href":"https:\/\/fatoelado.com\/index.php?rest_route=%2Fwp%2Fv2%2Fcategories&post=13839"},{"taxonomy":"post_tag","embeddable":true,"href":"https:\/\/fatoelado.com\/index.php?rest_route=%2Fwp%2Fv2%2Ftags&post=13839"}],"curies":[{"name":"wp","href":"https:\/\/api.w.org\/{rel}","templated":true}]}}