{"id":13833,"date":"2025-12-04T10:55:36","date_gmt":"2025-12-04T13:55:36","guid":{"rendered":"https:\/\/fatoelado.com\/?p=13833"},"modified":"2025-12-04T10:55:36","modified_gmt":"2025-12-04T13:55:36","slug":"o-novo-alerta-sobre-perigos-da-harmonizacao-facial-e-outros-preenchimentos-e-como-se-proteger","status":"publish","type":"post","link":"https:\/\/fatoelado.com\/?p=13833","title":{"rendered":"O novo alerta sobre perigos da harmoniza\u00e7\u00e3o facial e outros preenchimentos \u2014 e como se proteger"},"content":{"rendered":"<h2 class=\"content-head__subtitle\" style=\"text-align: center;\">Se aplicados incorretamente, os preenchimentos podem danificar tecidos pr\u00f3ximos, levando \u00e0 perda de pele e at\u00e9 mesmo \u00e0 cegueira<\/h2>\n<p>&nbsp;<\/p>\n<div id=\"chunk-2v8ho\">\n<div class=\"row medium-uncollapsed content-media content-photo\" data-block-type=\"backstage-photo\" data-block-id=\"1\">\n<div class=\" mc-column  content-media__container\">\n<div class=\"content-media-container glb-skeleton-box\">\n<figure class=\"content-media-figure\"><img decoding=\"async\" class=\"i-amphtml-fill-content i-amphtml-replaced-content\" src=\"https:\/\/s2-g1.glbimg.com\/pZFOlYgrccYI9RH-zv32wzLuGEs=\/0x0:800x449\/984x0\/smart\/filters:strip_icc()\/i.s3.glbimg.com\/v1\/AUTH_59edd422c0c84a879bd37670ae4f538a\/internal_photos\/bs\/2025\/8\/B\/IwvjvEREeK6v3TpccZoQ\/perigos-da-harmonizacao-facial.jpeg\" sizes=\"(max-width: 1280px) 648px, 100vw\" srcset=\"https:\/\/s2-g1.glbimg.com\/qFA-Y4mgdnJlvuKcS6uNpoF2qV8=\/0x0:800x449\/1000x0\/smart\/filters:strip_icc()\/i.s3.glbimg.com\/v1\/AUTH_59edd422c0c84a879bd37670ae4f538a\/internal_photos\/bs\/2025\/8\/B\/IwvjvEREeK6v3TpccZoQ\/perigos-da-harmonizacao-facial.jpeg 1000w, https:\/\/s2-g1.glbimg.com\/pZFOlYgrccYI9RH-zv32wzLuGEs=\/0x0:800x449\/984x0\/smart\/filters:strip_icc()\/i.s3.glbimg.com\/v1\/AUTH_59edd422c0c84a879bd37670ae4f538a\/internal_photos\/bs\/2025\/8\/B\/IwvjvEREeK6v3TpccZoQ\/perigos-da-harmonizacao-facial.jpeg 984w, https:\/\/s2-g1.glbimg.com\/NwFzWk5UtVHSQmksmdftfvmaJ7w=\/0x0:800x449\/640x0\/smart\/filters:strip_icc()\/i.s3.glbimg.com\/v1\/AUTH_59edd422c0c84a879bd37670ae4f538a\/internal_photos\/bs\/2025\/8\/B\/IwvjvEREeK6v3TpccZoQ\/perigos-da-harmonizacao-facial.jpeg 640w, https:\/\/s2-g1.glbimg.com\/aUpAzNXWVyuLloCmyN3IWKkfKzg=\/0x0:800x449\/600x0\/smart\/filters:strip_icc()\/i.s3.glbimg.com\/v1\/AUTH_59edd422c0c84a879bd37670ae4f538a\/internal_photos\/bs\/2025\/8\/B\/IwvjvEREeK6v3TpccZoQ\/perigos-da-harmonizacao-facial.jpeg 600w\" alt=\"O novo alerta sobre perigos da harmoniza\u00e7\u00e3o facial e outros preenchimentos \u2014 e como se proteger \u2014 Foto: Getty Images via BBC\" \/>O novo alerta sobre perigos da harmoniza\u00e7\u00e3o facial e outros preenchimentos \u2014 e como se proteger \u2014 Foto: Getty Images via BBC<\/figure>\n<\/div>\n<\/div>\n<\/div>\n<\/div>\n<div id=\"chunk-8t03j\">\n<div class=\"mc-column mc-side-item__container\" data-block-type=\"ads\" data-block-id=\"3\">\n<div class=\"mc-side-item mc-side-item--right content-ads content-ads--side-ad\">\n<div id=\"banner_materia1\" class=\"tag-manager-publicidade-container tag-manager-publicidade-banner_materia1 tag-manager-publicidade-container--carregado tag-manager-publicidade-container--visivel\" data-google-query-id=\"CI_I29aKpJEDFVaDYQYdJqQ2fw\">\n<div id=\"google_ads_iframe_\/95377733\/tvg_G1\/Saude_4__container__\"><\/div>\n<\/div>\n<\/div>\n<\/div>\n<\/div>\n<div id=\"chunk-5oeri\">\n<div class=\"mc-column content-text active-extra-styles \" data-block-type=\"unstyled\" data-block-weight=\"43\" data-block-id=\"2\">\n<p class=\" content-text__container \" data-track-category=\"Link no Texto\" data-track-links=\"\" data-mrf-recirculation=\"Mat\u00e9ria - Links no Texto\">Especialistas afirmam que pessoas que fazem preenchimento no rosto devem ser alertadas sobre o risco de uma complica\u00e7\u00e3o grave: o bloqueio de art\u00e9rias, que pode levar \u00e0 perda de pele e at\u00e9 mesmo \u00e0 cegueira, por causa da redu\u00e7\u00e3o do fluxo sangu\u00edneo.<\/p>\n<\/div>\n<\/div>\n<div class=\"wall protected-content\">\n<div id=\"chunk-eulqs\">\n<div class=\"mc-column content-text active-extra-styles \" data-block-type=\"unstyled\" data-block-weight=\"14\" data-block-id=\"4\">\n<p class=\" content-text__container \" data-track-category=\"Link no Texto\" data-track-links=\"\" data-mrf-recirculation=\"Mat\u00e9ria - Links no Texto\">Pesquisadores usaram um ultrassom para estudar 100 casos de preenchimento que deram errado.<\/p>\n<\/div>\n<\/div>\n<div id=\"chunk-7or2p\">\n<div class=\"mc-column content-text active-extra-styles \" data-block-type=\"unstyled\" data-block-weight=\"22\" data-block-id=\"5\">\n<p class=\" content-text__container \" data-track-category=\"Link no Texto\" data-track-links=\"\" data-mrf-recirculation=\"Mat\u00e9ria - Links no Texto\">Cl\u00ednicas est\u00e3o sendo aconselhadas a fazer uma ultrassonografia antes de iniciar o procedimento no rosto, para evitar danos a art\u00e9rias pr\u00f3ximas.<\/p>\n<\/div>\n<\/div>\n<div id=\"chunk-f6bqp\">\n<div class=\"mc-column content-text active-extra-styles \" data-block-type=\"unstyled\" data-block-weight=\"50\" data-block-id=\"6\">\n<p class=\" content-text__container \" data-track-category=\"Link no Texto\" data-track-links=\"\" data-mrf-recirculation=\"Mat\u00e9ria - Links no Texto\">A pesquisadora principal do estudo, Rosa Sigrist, diz que, apesar de incomum, esses eventos de &#8220;oclus\u00e3o vascular&#8221; \u2014 em que o preenchimento \u00e9 injetado dentro ou muito pr\u00f3ximo de vasos sangu\u00edneos \u2014 podem ser devastadores porque eles podem causar a morte de tecidos e deformidades faciais quando n\u00e3o tratados.<\/p>\n<\/div>\n<\/div>\n<div id=\"chunk-r2a8\">\n<div class=\"mc-column content-text active-extra-styles \" data-block-type=\"unstyled\" data-block-weight=\"19\" data-block-id=\"8\">\n<p class=\" content-text__container \" data-track-category=\"Link no Texto\" data-track-links=\"\" data-mrf-recirculation=\"Mat\u00e9ria - Links no Texto\"><span class=\"highlight highlighted\">Os preenchimentos ou harmoniza\u00e7\u00f5es faciais injetam subst\u00e2ncias geralmente usadas para tratar rugas e suavizar ou &#8220;rejuvenescer&#8221; a pele.<\/span><\/p>\n<\/div>\n<\/div>\n<div id=\"chunk-9vmmv\">\n<div class=\"mc-column content-text active-extra-styles \" data-block-type=\"unstyled\" data-block-weight=\"15\" data-block-id=\"10\">\n<p class=\" content-text__container \" data-track-category=\"Link no Texto\" data-track-links=\"\" data-mrf-recirculation=\"Mat\u00e9ria - Links no Texto\">\u00c0s vezes elas s\u00e3o usadas para dar contorno ou modelar o nariz e os l\u00e1bios.<\/p>\n<\/div>\n<\/div>\n<div id=\"chunk-774pv\">\n<div class=\"mc-column content-text active-extra-styles \" data-block-type=\"unstyled\" data-block-weight=\"30\" data-block-id=\"11\">\n<p class=\" content-text__container \" data-track-category=\"Link no Texto\" data-track-links=\"\" data-mrf-recirculation=\"Mat\u00e9ria - Links no Texto\"><span class=\"highlight highlighted\">As \u00e1reas ao redor do nariz s\u00e3o particularmente arriscadas\u00a0<\/span>para esse tipo de procedimento, afirma Sigrist, porque os vasos sangu\u00edneos nasais se comunicam com partes muito importantes da cabe\u00e7a.<\/p>\n<\/div>\n<\/div>\n<div id=\"chunk-b2pbt\">\n<div class=\"mc-column content-text active-extra-styles\" data-block-type=\"raw\" data-block-weight=\"17\" data-block-id=\"12\">\n<blockquote class=\"content-blockquote theme-border-color-primary-before\"><p>Danos a esses vasos podem causar complica\u00e7\u00f5es s\u00e9rias, incluindo problemas de pele, cegueira e at\u00e9 mesmo AVC.<\/p><\/blockquote>\n<\/div>\n<\/div>\n<div id=\"chunk-cfbjv\">\n<div class=\"mc-column content-text active-extra-styles \" data-block-type=\"unstyled\" data-block-weight=\"58\" data-block-id=\"13\">\n<p class=\" content-text__container \" data-track-category=\"Link no Texto\" data-track-links=\"\" data-mrf-recirculation=\"Mat\u00e9ria - Links no Texto\">A equipe de Sigrist, da Universidade de S\u00e3o Paulo (USP), estudou complica\u00e7\u00f5es vasculares relacionadas a preenchimentos em 100 pacientes em quatro centros de radiologia (dois no Brasil, um na Col\u00f4mbia e um no Chile), um centro de dermatologia na Holanda e um centro de cirurgia pl\u00e1stica nos Estados Unidos entre maio de 2022 e abril de 2025.<\/p>\n<\/div>\n<\/div>\n<div id=\"chunk-fmdbj\">\n<div class=\"mc-column content-text active-extra-styles \" data-block-type=\"unstyled\" data-block-weight=\"18\" data-block-id=\"15\">\n<p class=\" content-text__container \" data-track-category=\"Link no Texto\" data-track-links=\"\" data-mrf-recirculation=\"Mat\u00e9ria - Links no Texto\">O trabalho vai ser apresentado esta semana no encontro anual da Sociedade Radiol\u00f3gica da Am\u00e9rica do Norte.<\/p>\n<\/div>\n<\/div>\n<div id=\"chunk-1i72o\">\n<div class=\"mc-column content-text active-extra-styles \" data-block-type=\"unstyled\" data-block-weight=\"25\" data-block-id=\"16\">\n<p class=\" content-text__container \" data-track-category=\"Link no Texto\" data-track-links=\"\" data-mrf-recirculation=\"Mat\u00e9ria - Links no Texto\"><span class=\"highlight highlighted\">Em quase metade dos casos avaliados, ultrassonografias mostraram aus\u00eancia de fluxo sangu\u00edneo em vasos pequenos que conectam art\u00e9rias superficiais \u00e0quelas mais profundas do rosto.<\/span><\/p>\n<\/div>\n<\/div>\n<div id=\"chunk-11ss5\">\n<div class=\"mc-column content-text active-extra-styles \" data-block-type=\"unstyled\" data-block-weight=\"14\" data-block-id=\"17\">\n<p class=\" content-text__container \" data-track-category=\"Link no Texto\" data-track-links=\"\" data-mrf-recirculation=\"Mat\u00e9ria - Links no Texto\">E em um ter\u00e7o dos pacientes, fluxo sangu\u00edneo estava ausente nos principais vasos sangu\u00edneos.<\/p>\n<\/div>\n<\/div>\n<div id=\"chunk-52lfn\">\n<div class=\"row medium-uncollapsed content-media content-photo\" data-block-type=\"backstage-photo\" data-block-id=\"18\">\n<div class=\" mc-column  content-media__container\">\n<div class=\"content-media-container glb-skeleton-box\">\n<figure class=\"content-media-figure\"><img decoding=\"async\" class=\"i-amphtml-fill-content i-amphtml-replaced-content\" src=\"https:\/\/s2-g1.glbimg.com\/9XMyLswsM4rRSx2p3Ulf9LoUfr8=\/0x0:800x450\/984x0\/smart\/filters:strip_icc()\/i.s3.glbimg.com\/v1\/AUTH_59edd422c0c84a879bd37670ae4f538a\/internal_photos\/bs\/2025\/I\/R\/BkAZfYTVuIqX0b8fBUlg\/um-ultrassom-dos-labios-de-um-paciente-mostra-a-ausencia-de-fluxo-sanguineo.jpeg\" sizes=\"(max-width: 1280px) 648px, 100vw\" srcset=\"https:\/\/s2-g1.glbimg.com\/_jjq_5xRZoejWKsUuSYRWXUxzZk=\/0x0:800x450\/1000x0\/smart\/filters:strip_icc()\/i.s3.glbimg.com\/v1\/AUTH_59edd422c0c84a879bd37670ae4f538a\/internal_photos\/bs\/2025\/I\/R\/BkAZfYTVuIqX0b8fBUlg\/um-ultrassom-dos-labios-de-um-paciente-mostra-a-ausencia-de-fluxo-sanguineo.jpeg 1000w, https:\/\/s2-g1.glbimg.com\/9XMyLswsM4rRSx2p3Ulf9LoUfr8=\/0x0:800x450\/984x0\/smart\/filters:strip_icc()\/i.s3.glbimg.com\/v1\/AUTH_59edd422c0c84a879bd37670ae4f538a\/internal_photos\/bs\/2025\/I\/R\/BkAZfYTVuIqX0b8fBUlg\/um-ultrassom-dos-labios-de-um-paciente-mostra-a-ausencia-de-fluxo-sanguineo.jpeg 984w, https:\/\/s2-g1.glbimg.com\/BrCLHWs-CGkf6BzlE1DlIrlJ1k0=\/0x0:800x450\/640x0\/smart\/filters:strip_icc()\/i.s3.glbimg.com\/v1\/AUTH_59edd422c0c84a879bd37670ae4f538a\/internal_photos\/bs\/2025\/I\/R\/BkAZfYTVuIqX0b8fBUlg\/um-ultrassom-dos-labios-de-um-paciente-mostra-a-ausencia-de-fluxo-sanguineo.jpeg 640w, https:\/\/s2-g1.glbimg.com\/w0oKGT4wAwbJD92MFytUVCeP52Y=\/0x0:800x450\/600x0\/smart\/filters:strip_icc()\/i.s3.glbimg.com\/v1\/AUTH_59edd422c0c84a879bd37670ae4f538a\/internal_photos\/bs\/2025\/I\/R\/BkAZfYTVuIqX0b8fBUlg\/um-ultrassom-dos-labios-de-um-paciente-mostra-a-ausencia-de-fluxo-sanguineo.jpeg 600w\" alt=\"Um ultrassom dos l\u00e1bios de um paciente mostra a aus\u00eancia de fluxo sangu\u00edneo \u2014 Foto: Rosa Sigrist e RSNA\" \/><\/figure>\n<\/div>\n<p class=\"content-media__description  \">Um ultrassom dos l\u00e1bios de um paciente mostra a aus\u00eancia de fluxo sangu\u00edneo \u2014 Foto: Rosa Sigrist e RSNA<\/p>\n<\/div>\n<\/div>\n<\/div>\n<div id=\"chunk-23p63\">\n<div class=\"mc-column content-text active-extra-styles \" data-block-type=\"unstyled\" data-block-weight=\"19\" data-block-id=\"19\">\n<p class=\" content-text__container \" data-track-category=\"Link no Texto\" data-track-links=\"\" data-mrf-recirculation=\"Mat\u00e9ria - Links no Texto\">Para evitar complica\u00e7\u00f5es, ela aconselha que as cl\u00ednicas realizem ultrassonografias para planejar onde o produto vai ser injetado.<\/p>\n<\/div>\n<\/div>\n<div id=\"chunk-8la62\">\n<div class=\"mc-column content-text active-extra-styles \" data-block-type=\"unstyled\" data-block-weight=\"10\" data-block-id=\"20\">\n<p class=\" content-text__container \" data-track-category=\"Link no Texto\" data-track-links=\"\" data-mrf-recirculation=\"Mat\u00e9ria - Links no Texto\">Se complica\u00e7\u00f5es aparecerem, a ultrassonografia pode guiar o tratamento.<\/p>\n<\/div>\n<\/div>\n<div id=\"chunk-44lf0\">\n<div class=\"mc-column content-text active-extra-styles\" data-block-type=\"raw\" data-block-weight=\"27\" data-block-id=\"21\">\n<blockquote class=\"content-blockquote theme-border-color-primary-before\"><p>&#8220;Se os preenchimentos n\u00e3o forem guiados por ultrassonografias, o tratamento \u00e9 feito apenas com base nos sinais cl\u00ednicos e o produto \u00e9 injetado \u00e0s cegas&#8221;, afirma Sigrist.<\/p><\/blockquote>\n<\/div>\n<\/div>\n<div id=\"chunk-bu9cu\">\n<div class=\"mc-column content-text active-extra-styles \" data-block-type=\"unstyled\" data-block-weight=\"15\" data-block-id=\"23\">\n<p class=\" content-text__container \" data-track-category=\"Link no Texto\" data-track-links=\"\" data-mrf-recirculation=\"Mat\u00e9ria - Links no Texto\">&#8220;Mas se n\u00f3s temos o ultrassom, podemos tratar o local exato onde as obstru\u00e7\u00f5es ocorrem.&#8221;<\/p>\n<\/div>\n<\/div>\n<div id=\"chunk-3d61f\">\n<div class=\"mc-column content-text active-extra-styles \" data-block-type=\"unstyled\" data-block-weight=\"33\" data-block-id=\"24\">\n<p class=\" content-text__container \" data-track-category=\"Link no Texto\" data-track-links=\"\" data-mrf-recirculation=\"Mat\u00e9ria - Links no Texto\">Assim, em vez de inundar a \u00e1rea com um medicamento chamado hialuronidase para dissolver o preenchimento, os m\u00e9dicos podem realizar inje\u00e7\u00f5es guiadas que utilizam menos hialuronidase e proporcionam melhores resultados de tratamento, afirma.<\/p>\n<\/div>\n<\/div>\n<div id=\"chunk-57ugg\">\n<div class=\"mc-column content-text active-extra-styles \" data-block-type=\"unstyled\" data-block-weight=\"29\" data-block-id=\"25\">\n<p class=\" content-text__container \" data-track-category=\"Link no Texto\" data-track-links=\"\" data-mrf-recirculation=\"Mat\u00e9ria - Links no Texto\">A Associa\u00e7\u00e3o Brit\u00e2nica de Cirurgi\u00f5es Pl\u00e1sticos Est\u00e9ticos diz que o uso de ultrassons est\u00e1 aumentando, mas ainda n\u00e3o faz parte da rotina ou \u00e9 um padr\u00e3o nos cuidados m\u00e9dicos.<\/p>\n<\/div>\n<\/div>\n<div id=\"chunk-h6ni\">\n<div class=\"mc-column content-text active-extra-styles \" data-block-type=\"unstyled\" data-block-weight=\"17\" data-block-id=\"26\">\n<p class=\" content-text__container \" data-track-category=\"Link no Texto\" data-track-links=\"\" data-mrf-recirculation=\"Mat\u00e9ria - Links no Texto\">Os ultrassons s\u00e3o m\u00e9todos n\u00e3o invasivos, n\u00e3o usam radia\u00e7\u00e3o inonizante e n\u00e3o apresentam efeitos nocivos conhecidos.<\/p>\n<\/div>\n<\/div>\n<div id=\"chunk-8vtc2\">\n<div class=\"mc-column content-text active-extra-styles \" data-block-type=\"unstyled\" data-block-weight=\"24\" data-block-id=\"27\">\n<p class=\" content-text__container \" data-track-category=\"Link no Texto\" data-track-links=\"\" data-mrf-recirculation=\"Mat\u00e9ria - Links no Texto\">Nora Nugent, presidente do BAAPS, disse que o ultrassom est\u00e1 se mostrando muito \u00fatil em muitas \u00e1reas de cirurgias e procedimentos m\u00e9dicos est\u00e9ticos.<\/p>\n<\/div>\n<\/div>\n<div id=\"chunk-dp5p\">\n<div class=\"mc-column content-text active-extra-styles \" data-block-type=\"unstyled\" data-block-weight=\"52\" data-block-id=\"28\">\n<p class=\" content-text__container \" data-track-category=\"Link no Texto\" data-track-links=\"\" data-mrf-recirculation=\"Mat\u00e9ria - Links no Texto\">&#8220;Mapear a localiza\u00e7\u00e3o dos vasos sangu\u00edneos, sem d\u00favida, fornece informa\u00e7\u00f5es valiosas antes do tratamento. Riscos como esses, decorrentes de preenchimentos, s\u00e3o um dos muitos motivos pelos quais temos feito campanha h\u00e1 muito tempo por maior regulamenta\u00e7\u00e3o dos procedimentos est\u00e9ticos e pela restri\u00e7\u00e3o da aplica\u00e7\u00e3o desses tratamentos injet\u00e1veis \u00e0queles que possuem forma\u00e7\u00e3o m\u00e9dica.&#8221;<\/p>\n<\/div>\n<\/div>\n<div id=\"chunk-amnad\">\n<div class=\"mc-column content-text active-extra-styles \" data-block-type=\"unstyled\" data-block-weight=\"13\" data-block-id=\"29\">\n<p class=\" content-text__container \" data-track-category=\"Link no Texto\" data-track-links=\"\" data-mrf-recirculation=\"Mat\u00e9ria - Links no Texto\">O governo do Reino Unido, por exemplo, planeja introduzir restri\u00e7\u00f5es para procedimentos.<\/p>\n<\/div>\n<\/div>\n<div id=\"chunk-aem6u\">\n<div class=\"mc-column content-text active-extra-styles \" data-block-type=\"unstyled\" data-block-weight=\"25\" data-block-id=\"30\">\n<p class=\" content-text__container \" data-track-category=\"Link no Texto\" data-track-links=\"\" data-mrf-recirculation=\"Mat\u00e9ria - Links no Texto\">De acordo com as propostas j\u00e1 apresentadas, apenas profissionais de sa\u00fade &#8220;devidamente qualificados&#8221; poder\u00e3o realizar procedimentos de alto risco, como o lifting de bumbum<\/p>\n<\/div>\n<\/div>\n<div id=\"chunk-eh07g\">\n<div class=\"mc-column content-text active-extra-styles \" data-block-type=\"unstyled\" data-block-weight=\"15\" data-block-id=\"32\">\n<p class=\" content-text__container \" data-track-category=\"Link no Texto\" data-track-links=\"\" data-mrf-recirculation=\"Mat\u00e9ria - Links no Texto\">Cl\u00ednicas que aplicam preenchimentos e botox precisar\u00e3o atender a padr\u00f5es rigorosos para obter uma licen\u00e7a.<\/p>\n<\/div>\n<\/div>\n<div id=\"chunk-58gl8\">\n<div class=\"mc-column content-text active-extra-styles \" data-block-type=\"unstyled\" data-block-weight=\"31\" data-block-id=\"33\">\n<p class=\" content-text__container \" data-track-category=\"Link no Texto\" data-track-links=\"\" data-mrf-recirculation=\"Mat\u00e9ria - Links no Texto\">Uma consulta p\u00fablica ser\u00e1 feita no in\u00edcio de 2026, com opini\u00f5es sobre a diversidade de procedimentos que devem ser abrangidos pelas novas restri\u00e7\u00f5es. O Parlamento decidir\u00e1 ent\u00e3o o que ser\u00e1 introduzido.<\/p>\n<\/div>\n<\/div>\n<p data-track-category=\"Link no Texto\" data-track-links=\"\" data-mrf-recirculation=\"Mat\u00e9ria - Links no Texto\">\n<p data-track-category=\"Link no Texto\" data-track-links=\"\" data-mrf-recirculation=\"Mat\u00e9ria - Links no Texto\">Fonte: Portal G1.<br \/>\nConfira esta e outras mat\u00e9rias na \u00edntegra pelo link: https:\/\/g1.globo.com\/saude\/noticia\/2025\/12\/04\/o-novo-alerta-sobre-perigos-da-harmonizacao-facial-e-outros-preenchimentos-e-como-se-proteger.ghtml<\/p>\n<\/div>\n","protected":false},"excerpt":{"rendered":"<p>Se aplicados incorretamente, os preenchimentos podem danificar tecidos pr\u00f3ximos, levando \u00e0 perda de pele e at\u00e9 mesmo \u00e0 cegueira &nbsp; O novo alerta sobre perigos da harmoniza\u00e7\u00e3o facial e outros preenchimentos \u2014 e como se proteger \u2014 Foto: Getty Images via BBC Especialistas afirmam que pessoas que fazem preenchimento no rosto devem ser alertadas sobre [&hellip;]<\/p>\n","protected":false},"author":3,"featured_media":13834,"comment_status":"open","ping_status":"open","sticky":false,"template":"","format":"standard","meta":{"om_disable_all_campaigns":false,"_monsterinsights_skip_tracking":false,"_monsterinsights_sitenote_active":false,"_monsterinsights_sitenote_note":"","_monsterinsights_sitenote_category":0,"footnotes":""},"categories":[42],"tags":[],"class_list":["post-13833","post","type-post","status-publish","format-standard","has-post-thumbnail","hentry","category-saude"],"jetpack_featured_media_url":"https:\/\/fatoelado.com\/wp-content\/uploads\/2025\/12\/perigos-da-harmonizacao-facial.avif","_links":{"self":[{"href":"https:\/\/fatoelado.com\/index.php?rest_route=\/wp\/v2\/posts\/13833","targetHints":{"allow":["GET"]}}],"collection":[{"href":"https:\/\/fatoelado.com\/index.php?rest_route=\/wp\/v2\/posts"}],"about":[{"href":"https:\/\/fatoelado.com\/index.php?rest_route=\/wp\/v2\/types\/post"}],"author":[{"embeddable":true,"href":"https:\/\/fatoelado.com\/index.php?rest_route=\/wp\/v2\/users\/3"}],"replies":[{"embeddable":true,"href":"https:\/\/fatoelado.com\/index.php?rest_route=%2Fwp%2Fv2%2Fcomments&post=13833"}],"version-history":[{"count":1,"href":"https:\/\/fatoelado.com\/index.php?rest_route=\/wp\/v2\/posts\/13833\/revisions"}],"predecessor-version":[{"id":13835,"href":"https:\/\/fatoelado.com\/index.php?rest_route=\/wp\/v2\/posts\/13833\/revisions\/13835"}],"wp:featuredmedia":[{"embeddable":true,"href":"https:\/\/fatoelado.com\/index.php?rest_route=\/wp\/v2\/media\/13834"}],"wp:attachment":[{"href":"https:\/\/fatoelado.com\/index.php?rest_route=%2Fwp%2Fv2%2Fmedia&parent=13833"}],"wp:term":[{"taxonomy":"category","embeddable":true,"href":"https:\/\/fatoelado.com\/index.php?rest_route=%2Fwp%2Fv2%2Fcategories&post=13833"},{"taxonomy":"post_tag","embeddable":true,"href":"https:\/\/fatoelado.com\/index.php?rest_route=%2Fwp%2Fv2%2Ftags&post=13833"}],"curies":[{"name":"wp","href":"https:\/\/api.w.org\/{rel}","templated":true}]}}