{"id":13830,"date":"2025-12-04T10:53:35","date_gmt":"2025-12-04T13:53:35","guid":{"rendered":"https:\/\/fatoelado.com\/?p=13830"},"modified":"2025-12-04T10:53:35","modified_gmt":"2025-12-04T13:53:35","slug":"flamengo-ganha-do-psg-jornalistas-projetam-final-do-intercontinental","status":"publish","type":"post","link":"https:\/\/fatoelado.com\/?p=13830","title":{"rendered":"Flamengo ganha do PSG? Jornalistas projetam final do Intercontinental"},"content":{"rendered":"<div class=\"flex w-full flex-col gap-2 pb-2 md:gap-4 md:mt-6 md:mb-4\">\n<h2 class=\"font-krub text-base leading-normal font-normal text-start text-[#4D5156] w-full\" style=\"text-align: center;\">Rubro-Negro se sagrou tetracampe\u00e3o da Libertadores<\/h2>\n<\/div>\n<figure class=\"relative w-full overflow-hidden tab-m:w-screen tab-m:max-w-screen-md md:-mt-4 tab-m:-mx-4 tab-m:rounded-b-none rounded-b-2xl max-h-[355px] desk-news:max-h-[501px]\">\n<div class=\"w-full rounded-[20px] h-20 -z-10 -mb-[75px] tab:w-screen mx-auto\"><\/div>\n<div class=\"relative max-h-[350px] desk-news:max-h-[496px] bg-transparent h-full max-h-[350px]\"><img loading=\"lazy\" decoding=\"async\" class=\"rounded-lg object-cover object-top tab-m:rounded-t-2xl tab-m:rounded-b-none rounded-b-2xl max-h-[350px] h-[350px] desk-news:h-full desk-news:max-h-[496px] flex-shrink-0 w-full\" src=\"https:\/\/lncimg.lance.com.br\/cdn-cgi\/image\/width=950,quality=75,fit=pad,format=webp\/uploads\/2025\/12\/Tecnico-do-PSG-Luis-Enrique-durante-coletiva-no-Mundial-de-Clubes-scaled-aspect-ratio-512-320.jpg\" srcset=\"https:\/\/lncimg.lance.com.br\/cdn-cgi\/image\/width=950,quality=75,fit=pad,format=webp\/uploads\/2025\/12\/Tecnico-do-PSG-Luis-Enrique-durante-coletiva-no-Mundial-de-Clubes-scaled-aspect-ratio-512-320.jpg 1x\" alt=\"T\u00e9cnico do PSG, Luis Enrique durante coletiva no Mundial de Clubes\" width=\"850\" height=\"350\" data-nimg=\"1\" \/><\/div>\n<\/figure>\n<div>\n<p class=\"w-full text-lg font-krub text-gray-500 leading-30\">O Flamengo vai disputar o Intercontinental mais uma vez depois de conquistar sua quarta Libertadores da Am\u00e9rica em 2025. O Rubro-Negro pode enfrentar o PSG na grande final, e jornalistas do SBT projetaram uma poss\u00edvel decis\u00e3o.<\/p>\n<p class=\"w-full text-lg font-krub text-gray-500 leading-30\">Durante o programa &#8220;Arena SBT&#8221;, a mesa debateu sobre o destino do Flamengo no Intercontinental. Para Mauro Beting, o Rubro-Negro tem chance, mas o PSG \u00e9 favorito em uma poss\u00edvel decis\u00e3o.<\/p>\n<blockquote>\n<p class=\"w-full text-lg font-krub text-gray-500 leading-30\">&#8211; O problema \u00e9 que s\u00e3o tr\u00eas jogos, como \u00e9 desde o ano pasado. O Flamengo vem em um desgaste monstro, ent\u00e3o Paris Saint Germain \u00e9 favorito. Agora, o Chelsea era favorito e o Flamengo fez aquela partida fant\u00e1stica. Chega muito vivo &#8211; analisou Mauro Beting.<\/p>\n<\/blockquote>\n<div class=\"w-full border-b-[1px] border-solid border-b-[#DFE4EA] h-max min-h-[250px] py-1 bg-table-white flex items-center justify-center\"><\/div>\n<figure class=\"relative\"><img loading=\"lazy\" decoding=\"async\" class=\"w-full rounded-lg \" src=\"https:\/\/lncimg.lance.com.br\/cdn-cgi\/image\/width=850,quality=75,format=webp\/uploads\/2025\/09\/marquinhos-1920x1280.jpg\" alt=\"PSG pode enfrentar o Flamengo no Intercontinental (Foto: FRANCK FIFE \/ AFP)\" width=\"850\" height=\"530\" data-nimg=\"1\" \/><figcaption class=\"font-krub font-normal not-italic text-[12px] leading-5 text-[#808080] flex items-center justify-start mt-2\">PSG pode enfrentar o Flamengo no Intercontinental (Foto: FRANCK FIFE \/ AFP)<\/figcaption><\/figure>\n<div class=\"w-full font-krub not-italic font-normal text-start\">\n<h2 class=\"font-bold text-3xl tab-m:text-xl\">Saiba a programa\u00e7\u00e3o do Flamengo para a Copa Intercontinental<\/h2>\n<\/div>\n<p class=\"w-full text-lg font-krub text-gray-500 leading-30\">Horas depois de confirmar o t\u00edtulo do\u00a0Campeonato Brasileiro\u00a0nesta quarta-feira (3), o\u00a0Flamengo\u00a0come\u00e7ou a ajustar o foco para o pr\u00f3ximo grande desafio da temporada: a Copa Intercontinental. A competi\u00e7\u00e3o, que re\u00fane campe\u00f5es continentais, ser\u00e1 realizada no Catar e tem in\u00edcio marcado para a pr\u00f3xima semana. Para chegar ao torneio com o elenco em plena condi\u00e7\u00e3o f\u00edsica e mental, a comiss\u00e3o t\u00e9cnica rubro-negra definiu uma programa\u00e7\u00e3o especial para os pr\u00f3ximos dias.<\/p>\n<p class=\"w-full text-lg font-krub text-gray-500 leading-30\">No s\u00e1bado, a rotina no Ninho do Urubu ser\u00e1 retomada. A reapresenta\u00e7\u00e3o da delega\u00e7\u00e3o est\u00e1 marcada para o per\u00edodo da manh\u00e3, com atividades previstas no CT que servir\u00e3o como in\u00edcio da adapta\u00e7\u00e3o ao planejamento espec\u00edfico do Flamengo para a Copa Intercontinental.<\/p>\n<p class=\"w-full text-lg font-krub text-gray-500 leading-30\">Ainda no s\u00e1bado, \u00e0s 15h, o elenco embarca para o Catar, sede do torneio. A viagem longa exigir\u00e1 cuidados adicionais com log\u00edstica e programa\u00e7\u00e3o de descanso, e o departamento de fisiologia j\u00e1 estruturou protocolos de hidrata\u00e7\u00e3o, alimenta\u00e7\u00e3o e sono para minimizar os efeitos do desgaste antes da estreia do Flamengo no Intercontinental.<\/p>\n<p class=\"w-full text-lg font-krub text-gray-500 leading-30\">A estreia do Flamengo na competi\u00e7\u00e3o ser\u00e1 no dia 10, contra o Cruz Azul, do M\u00e9xico, \u00e0s 14h (de Bras\u00edlia). Caso avance, o Rubro-Negro ter\u00e1 pela frente o Pyramids, do Egito, em confronto que decidir\u00e1 a vaga na grande final, contra o Paris Saint-Germain.\u00a0Esse pode ser o destino do Flamengo no Intercontinental.<\/p>\n<\/div>\n<p>&nbsp;<\/p>\n<p>Fonte: Portal Lance.<br \/>\nConfira esta e outras mat\u00e9rias na \u00edntegra pelo link: https:\/\/www.lance.com.br\/fora-de-campo\/flamengo-ganha-do-psg-jornalistas-projetam-final-do-intercontinental.html<\/p>\n","protected":false},"excerpt":{"rendered":"<p>Rubro-Negro se sagrou tetracampe\u00e3o da Libertadores O Flamengo vai disputar o Intercontinental mais uma vez depois de conquistar sua quarta Libertadores da Am\u00e9rica em 2025. O Rubro-Negro pode enfrentar o PSG na grande final, e jornalistas do SBT projetaram uma poss\u00edvel decis\u00e3o. Durante o programa &#8220;Arena SBT&#8221;, a mesa debateu sobre o destino do Flamengo [&hellip;]<\/p>\n","protected":false},"author":3,"featured_media":13831,"comment_status":"open","ping_status":"open","sticky":false,"template":"","format":"standard","meta":{"om_disable_all_campaigns":false,"_monsterinsights_skip_tracking":false,"_monsterinsights_sitenote_active":false,"_monsterinsights_sitenote_note":"","_monsterinsights_sitenote_category":0,"footnotes":""},"categories":[48],"tags":[],"class_list":["post-13830","post","type-post","status-publish","format-standard","has-post-thumbnail","hentry","category-esportes"],"jetpack_featured_media_url":"https:\/\/fatoelado.com\/wp-content\/uploads\/2025\/12\/Tecnico-do-PSG-Luis-Enrique-durante-coletiva-no-Mundial-de-Clubes-scaled-aspect-ratio-512-320.webp","_links":{"self":[{"href":"https:\/\/fatoelado.com\/index.php?rest_route=\/wp\/v2\/posts\/13830","targetHints":{"allow":["GET"]}}],"collection":[{"href":"https:\/\/fatoelado.com\/index.php?rest_route=\/wp\/v2\/posts"}],"about":[{"href":"https:\/\/fatoelado.com\/index.php?rest_route=\/wp\/v2\/types\/post"}],"author":[{"embeddable":true,"href":"https:\/\/fatoelado.com\/index.php?rest_route=\/wp\/v2\/users\/3"}],"replies":[{"embeddable":true,"href":"https:\/\/fatoelado.com\/index.php?rest_route=%2Fwp%2Fv2%2Fcomments&post=13830"}],"version-history":[{"count":1,"href":"https:\/\/fatoelado.com\/index.php?rest_route=\/wp\/v2\/posts\/13830\/revisions"}],"predecessor-version":[{"id":13832,"href":"https:\/\/fatoelado.com\/index.php?rest_route=\/wp\/v2\/posts\/13830\/revisions\/13832"}],"wp:featuredmedia":[{"embeddable":true,"href":"https:\/\/fatoelado.com\/index.php?rest_route=\/wp\/v2\/media\/13831"}],"wp:attachment":[{"href":"https:\/\/fatoelado.com\/index.php?rest_route=%2Fwp%2Fv2%2Fmedia&parent=13830"}],"wp:term":[{"taxonomy":"category","embeddable":true,"href":"https:\/\/fatoelado.com\/index.php?rest_route=%2Fwp%2Fv2%2Fcategories&post=13830"},{"taxonomy":"post_tag","embeddable":true,"href":"https:\/\/fatoelado.com\/index.php?rest_route=%2Fwp%2Fv2%2Ftags&post=13830"}],"curies":[{"name":"wp","href":"https:\/\/api.w.org\/{rel}","templated":true}]}}