{"id":13827,"date":"2025-12-04T10:52:10","date_gmt":"2025-12-04T13:52:10","guid":{"rendered":"https:\/\/fatoelado.com\/?p=13827"},"modified":"2025-12-04T10:52:10","modified_gmt":"2025-12-04T13:52:10","slug":"flamengo-filipe-luis-revela-quem-quebrou-a-taca-da-libertadores","status":"publish","type":"post","link":"https:\/\/fatoelado.com\/?p=13827","title":{"rendered":"Flamengo: Filipe Lu\u00eds revela quem quebrou a ta\u00e7a da Libertadores"},"content":{"rendered":"<div class=\"flex w-full flex-col gap-2 pb-2 md:gap-4 md:mt-6 md:mb-4\">\n<h2 class=\"font-krub text-base leading-normal font-normal text-start text-[#4D5156] w-full\" style=\"text-align: center;\">T\u00e9cnico rubro-negro explica situa\u00e7\u00e3o inusitada com o trof\u00e9u da competi\u00e7\u00e3o continental<\/h2>\n<\/div>\n<figure class=\"relative w-full overflow-hidden tab-m:w-screen tab-m:max-w-screen-md md:-mt-4 tab-m:-mx-4 tab-m:rounded-b-none rounded-b-2xl max-h-[355px] desk-news:max-h-[501px]\">\n<div class=\"w-full rounded-[20px] h-20 -z-10 -mb-[75px] tab:w-screen mx-auto\"><\/div>\n<div class=\"relative max-h-[350px] desk-news:max-h-[496px] bg-transparent h-full max-h-[350px]\"><img loading=\"lazy\" decoding=\"async\" class=\"rounded-lg object-cover object-top tab-m:rounded-t-2xl tab-m:rounded-b-none rounded-b-2xl max-h-[350px] h-[350px] desk-news:h-full desk-news:max-h-[496px] flex-shrink-0 w-full\" src=\"https:\/\/lncimg.lance.com.br\/cdn-cgi\/image\/width=950,quality=75,fit=pad,format=webp\/uploads\/2025\/12\/libertadores-festa-3-scaled-aspect-ratio-512-320.jpg\" srcset=\"https:\/\/lncimg.lance.com.br\/cdn-cgi\/image\/width=950,quality=75,fit=pad,format=webp\/uploads\/2025\/12\/libertadores-festa-3-scaled-aspect-ratio-512-320.jpg 1x\" alt=\"Filipe Lu\u00eds ergue trof\u00e9u da Libertadores no trio do Tetra\" width=\"850\" height=\"350\" data-nimg=\"1\" \/><\/div>\n<\/figure>\n<div>\n<div class=\"w-full desk-news:max-w-[714px] mx-auto flex flex-col gap-6 md:gap-8\">\n<p class=\"w-full text-lg font-krub text-gray-500 leading-30\">Filipe Lu\u00eds esclareceu como a ta\u00e7a da\u00a0<strong class=\"font-bold\">Libertadores<\/strong>, conquistada pelo\u00a0<strong>Flamengo\u00a0<\/strong>no \u00faltimo s\u00e1bado (29), foi danificada. O trof\u00e9u apareceu remendado com uma fita durante o desfile de comemora\u00e7\u00e3o no domingo (30), no Centro do Rio de Janeiro.<\/p>\n<p class=\"w-full text-lg font-krub text-gray-500 leading-30\">Em coletiva ap\u00f3s a vit\u00f3ria por 1 a 0 sobre o Cear\u00e1 e a conquista do Campeonato Brasileiro na quarta-feira (3), o t\u00e9cnico rubro-negro explicou que a ta\u00e7a quebrou ainda em Lima, no Peru, quando o motorista do \u00f4nibus freou bruscamente, fazendo o trof\u00e9u se deslocar e bater no topo, danificando o &#8220;bonequinho&#8221;.<\/p>\n<blockquote>\n<p class=\"w-full text-lg font-krub text-gray-500 leading-30\">\u2014 As condu\u00e7\u00f5es dos motoristas dos \u00f4nibus em Lima eram complicadas (risos). Parece que a ta\u00e7a estava em um banco com os jogadores, ele freou bruscamente e a ta\u00e7a foi para frente, bateu o bonequinho. Eu quase tive que tomar um rem\u00e9dio para n\u00e3o vomitar no trajeto. Foi duro, mas est\u00e1 arrumada \u2014 disse o treinador, em tom bem-humorado.<\/p>\n<\/blockquote>\n<p class=\"w-full text-lg font-krub text-gray-500 leading-30\">O incidente veio \u00e0 tona durante a celebra\u00e7\u00e3o do t\u00edtulo no \u00faltimo domingo (30), quando a ta\u00e7a remendada foi vista pelos torcedores. Apesar do contratempo, o Flamengo coroou a semana com a vit\u00f3ria sobre o Cear\u00e1 e a conquista do Brasileir\u00e3o.<\/p>\n<figure class=\"relative\"><img loading=\"lazy\" decoding=\"async\" class=\"w-full rounded-lg \" src=\"https:\/\/lncimg.lance.com.br\/cdn-cgi\/image\/width=850,quality=75,format=webp\/uploads\/2025\/11\/AFP__20251130__86MB8CA__v2__HighRes__TopshotFblLibertadoresFlamengoCelebration-1920x1280.jpg\" alt=\"Filipe Lu\u00eds ergue a ta\u00e7a da Libertadores diante da torcida do Flamengo na comemora\u00e7\u00e3o no Centro do Rio (Foto: PORCIUNCULA \/ AFP)\" width=\"850\" height=\"530\" data-nimg=\"1\" \/><figcaption class=\"font-krub font-normal not-italic text-[12px] leading-5 text-[#808080] flex items-center justify-start mt-2\">Filipe Lu\u00eds ergue a ta\u00e7a da Libertadores diante da torcida do Flamengo na comemora\u00e7\u00e3o no Centro do Rio (Foto: PORCIUNCULA \/ AFP)<\/figcaption><\/figure>\n<\/div>\n<div class=\"mt-8 w-full flex flex-col text-[#767676] pt-4 pb-6 px-0 border-[#DFE4EA] border-y border-solid font-krub\"><\/div>\n<\/div>\n<div>Fonte: Portal Lance.<br \/>\nConfira esta e outras mat\u00e9rias na \u00edntegra pelo link: https:\/\/www.lance.com.br\/flamengo\/flamengo-filipe-luis-revela-quem-quebrou-a-taca-da-libertadores.html<\/div>\n","protected":false},"excerpt":{"rendered":"<p>T\u00e9cnico rubro-negro explica situa\u00e7\u00e3o inusitada com o trof\u00e9u da competi\u00e7\u00e3o continental Filipe Lu\u00eds esclareceu como a ta\u00e7a da\u00a0Libertadores, conquistada pelo\u00a0Flamengo\u00a0no \u00faltimo s\u00e1bado (29), foi danificada. O trof\u00e9u apareceu remendado com uma fita durante o desfile de comemora\u00e7\u00e3o no domingo (30), no Centro do Rio de Janeiro. Em coletiva ap\u00f3s a vit\u00f3ria por 1 a 0 [&hellip;]<\/p>\n","protected":false},"author":3,"featured_media":13828,"comment_status":"open","ping_status":"open","sticky":false,"template":"","format":"standard","meta":{"om_disable_all_campaigns":false,"_monsterinsights_skip_tracking":false,"_monsterinsights_sitenote_active":false,"_monsterinsights_sitenote_note":"","_monsterinsights_sitenote_category":0,"footnotes":""},"categories":[48],"tags":[],"class_list":["post-13827","post","type-post","status-publish","format-standard","has-post-thumbnail","hentry","category-esportes"],"jetpack_featured_media_url":"https:\/\/fatoelado.com\/wp-content\/uploads\/2025\/12\/libertadores-festa-3-scaled-aspect-ratio-512-320.webp","_links":{"self":[{"href":"https:\/\/fatoelado.com\/index.php?rest_route=\/wp\/v2\/posts\/13827","targetHints":{"allow":["GET"]}}],"collection":[{"href":"https:\/\/fatoelado.com\/index.php?rest_route=\/wp\/v2\/posts"}],"about":[{"href":"https:\/\/fatoelado.com\/index.php?rest_route=\/wp\/v2\/types\/post"}],"author":[{"embeddable":true,"href":"https:\/\/fatoelado.com\/index.php?rest_route=\/wp\/v2\/users\/3"}],"replies":[{"embeddable":true,"href":"https:\/\/fatoelado.com\/index.php?rest_route=%2Fwp%2Fv2%2Fcomments&post=13827"}],"version-history":[{"count":1,"href":"https:\/\/fatoelado.com\/index.php?rest_route=\/wp\/v2\/posts\/13827\/revisions"}],"predecessor-version":[{"id":13829,"href":"https:\/\/fatoelado.com\/index.php?rest_route=\/wp\/v2\/posts\/13827\/revisions\/13829"}],"wp:featuredmedia":[{"embeddable":true,"href":"https:\/\/fatoelado.com\/index.php?rest_route=\/wp\/v2\/media\/13828"}],"wp:attachment":[{"href":"https:\/\/fatoelado.com\/index.php?rest_route=%2Fwp%2Fv2%2Fmedia&parent=13827"}],"wp:term":[{"taxonomy":"category","embeddable":true,"href":"https:\/\/fatoelado.com\/index.php?rest_route=%2Fwp%2Fv2%2Fcategories&post=13827"},{"taxonomy":"post_tag","embeddable":true,"href":"https:\/\/fatoelado.com\/index.php?rest_route=%2Fwp%2Fv2%2Ftags&post=13827"}],"curies":[{"name":"wp","href":"https:\/\/api.w.org\/{rel}","templated":true}]}}