{"id":13818,"date":"2025-12-04T10:48:06","date_gmt":"2025-12-04T13:48:06","guid":{"rendered":"https:\/\/fatoelado.com\/?p=13818"},"modified":"2025-12-04T10:48:06","modified_gmt":"2025-12-04T13:48:06","slug":"apos-conquista-do-brasileirao-bruno-henrique-revela-quando-pretende-se-aposentar","status":"publish","type":"post","link":"https:\/\/fatoelado.com\/?p=13818","title":{"rendered":"Ap\u00f3s conquista do Brasileir\u00e3o, Bruno Henrique revela quando pretende se aposentar"},"content":{"rendered":"<h2 class=\"article-subtitle\" style=\"text-align: center;\">A declara\u00e7\u00e3o foi dada ainda no gramado do Maracan\u00e3, logo ap\u00f3s a vit\u00f3ria por 1 a 0 sobre o Cear\u00e1, quando o atacante destacou o desejo de encerrar a carreira vestindo rubro-negro.<\/h2>\n<p>&nbsp;<\/p>\n<div class=\"article-image-featured\"><img decoding=\"async\" class=\"i-amphtml-fill-content i-amphtml-replaced-content\" src=\"https:\/\/www.meionews.com\/uploads\/imagens\/2025\/12\/4\/bruno-henrique-jogador-do-flamengo-comemora-seu-gol-durante-partida-contra-o-sport-no-estadio-maracana--eb54ee17904fe806.jpg\" alt=\"Bruno Henrique jogador do Flamengo comemora seu gol durante partida contra o Sport no est\u00e1dio Maracan\u00e3 | Thiago Ribeiro\/AGIF\" data-amp-loading=\"lazy\" \/><small>Bruno Henrique jogador do Flamengo comemora seu gol durante partida contra o Sport no est\u00e1dio Maracan\u00e3 | Foto: Thiago Ribeiro\/AGIF<\/small><\/div>\n<div class=\"g-news\"><\/div>\n<div class=\"article-html\">\n<div class=\"article-html-more\">\n<p>A poss\u00edvel despedida de um dos maiores\u00a0<strong>\u00eddolos recentes do Flamengo ganhou for\u00e7a no mesmo dia em que o clube levantou mais um trof\u00e9u nacional.\u00a0<\/strong>Em meio \u00e0 festa pelo t\u00edtulo do Brasileir\u00e3o,<strong>\u00a0Bruno Henrique voltou a falar sobre aposentadoria e indicou que 2026 pode ser o ano em que vai encerrar a carreira.<\/strong><\/p>\n<p>A declara\u00e7\u00e3o foi dada ainda no gramado do Maracan\u00e3,\u00a0<strong>logo ap\u00f3s a vit\u00f3ria por 1 a 0 sobre o Cear\u00e1<\/strong>,\u00a0<strong>quando o atacante destacou o desejo de encerrar a carreira vestindo rubro-negro.\u00a0<\/strong>Segundo ele, a ideia \u00e9 disputar sua \u00faltima temporada pelo clube e, ent\u00e3o, finalizar seu ciclo como profissional.<\/p>\n<p>O contrato do camisa 27 vai at\u00e9 o fim de 2026, exatamente no per\u00edodo em que afirma querer se aposentar. Prestes a completar 35 anos no dia 30, o atacante chegar\u00e1 aos 36 quando o v\u00ednculo terminar. Para muitos torcedores, o an\u00fancio simboliza um fechamento de era para um jogador que marcou profundamente a\u00a0<strong>hist\u00f3ria recente do clube.<\/strong><\/p>\n<p>A noite de comemora\u00e7\u00e3o tamb\u00e9m serviu para refor\u00e7ar a dimens\u00e3o da idolatria constru\u00edda por Bruno Henrique e Arrascaeta desde 2019.\u00a0<strong>A dupla ampliou o recorde de t\u00edtulos com a camisa rubro-negra<\/strong>\u00a0ao alcan\u00e7ar a impressionante marca de 17 conquistas, n\u00famero consolidado ap\u00f3s a soma do Brasileir\u00e3o desta quarta-feira e da Libertadores conquistada no \u00faltimo s\u00e1bado. Ambos se tornaram protagonistas incontest\u00e1veis da\u00a0<strong>fase mais vitoriosa da hist\u00f3ria moderna do Flamengo.<\/strong><\/p>\n<p>Al\u00e9m das duas ta\u00e7as erguidas nesta semana, os dois foram essenciais nas campanhas que\u00a0<strong>garantiram Supercopa do Brasil, Campeonato Carioca, Copa Libertadores e Campeonato Brasileiro nesta temporada.\u00a0<\/strong>A lista refor\u00e7a o impacto da dupla em praticamente todas as competi\u00e7\u00f5es de relev\u00e2ncia disputadas pelo clube nos \u00faltimos anos.<\/p>\n<p>Com o novo t\u00edtulo, o ranking de maiores campe\u00f5es da hist\u00f3ria do Flamengo ganha atualiza\u00e7\u00e3o e destaca Arrascaeta e Bruno Henrique no topo, com 17 trof\u00e9us cada. Em seguida, aparecem nomes hist\u00f3ricos e contempor\u00e2neos como Zico, Junior, Gabigol e L\u00e9o Pereira, todos com 13 conquistas. Logo abaixo est\u00e3o Cantarele, Diego Ribas, Willian Ar\u00e3o e C\u00e9sar, com 12; Leandro, Everton Ribeiro, Rodrigo Caio, Diego Alves e Vitinho, com 11; e Ad\u00edlio, Andrade, Filipe Lu\u00eds e Ren\u00ea, com 10. A lista ajuda a dimensionar o lugar ocupado por Bruno Henrique dentro da galeria dos grandes \u00eddolos do clube carioca.<\/p>\n<div class=\"article-share_buttons2 article-share\">\n<div class=\"share_buttons\">\n<p>&nbsp;<\/p>\n<p>Fonte: Portal MeioNews.<br \/>\nConfira esta e outras mat\u00e9rias na \u00edntegra pelo link: https:\/\/www.meionews.com\/esportes\/apos-conquista-do-brasileirao-bruno-henrique-revela-quando-pretende-se-aposentar-548766<\/p>\n<\/div>\n<\/div>\n<\/div>\n<\/div>\n","protected":false},"excerpt":{"rendered":"<p>A declara\u00e7\u00e3o foi dada ainda no gramado do Maracan\u00e3, logo ap\u00f3s a vit\u00f3ria por 1 a 0 sobre o Cear\u00e1, quando o atacante destacou o desejo de encerrar a carreira vestindo rubro-negro. &nbsp; Bruno Henrique jogador do Flamengo comemora seu gol durante partida contra o Sport no est\u00e1dio Maracan\u00e3 | Foto: Thiago Ribeiro\/AGIF A poss\u00edvel [&hellip;]<\/p>\n","protected":false},"author":3,"featured_media":13819,"comment_status":"open","ping_status":"open","sticky":false,"template":"","format":"standard","meta":{"om_disable_all_campaigns":false,"_monsterinsights_skip_tracking":false,"_monsterinsights_sitenote_active":false,"_monsterinsights_sitenote_note":"","_monsterinsights_sitenote_category":0,"footnotes":""},"categories":[48],"tags":[],"class_list":["post-13818","post","type-post","status-publish","format-standard","has-post-thumbnail","hentry","category-esportes"],"jetpack_featured_media_url":"https:\/\/fatoelado.com\/wp-content\/uploads\/2025\/12\/bruno-henrique-jogador-do-flamengo-comemora-seu-gol-durante-partida-contra-o-sport-no-estadio-maracana-eb54ee17904fe806.jpg","_links":{"self":[{"href":"https:\/\/fatoelado.com\/index.php?rest_route=\/wp\/v2\/posts\/13818","targetHints":{"allow":["GET"]}}],"collection":[{"href":"https:\/\/fatoelado.com\/index.php?rest_route=\/wp\/v2\/posts"}],"about":[{"href":"https:\/\/fatoelado.com\/index.php?rest_route=\/wp\/v2\/types\/post"}],"author":[{"embeddable":true,"href":"https:\/\/fatoelado.com\/index.php?rest_route=\/wp\/v2\/users\/3"}],"replies":[{"embeddable":true,"href":"https:\/\/fatoelado.com\/index.php?rest_route=%2Fwp%2Fv2%2Fcomments&post=13818"}],"version-history":[{"count":1,"href":"https:\/\/fatoelado.com\/index.php?rest_route=\/wp\/v2\/posts\/13818\/revisions"}],"predecessor-version":[{"id":13820,"href":"https:\/\/fatoelado.com\/index.php?rest_route=\/wp\/v2\/posts\/13818\/revisions\/13820"}],"wp:featuredmedia":[{"embeddable":true,"href":"https:\/\/fatoelado.com\/index.php?rest_route=\/wp\/v2\/media\/13819"}],"wp:attachment":[{"href":"https:\/\/fatoelado.com\/index.php?rest_route=%2Fwp%2Fv2%2Fmedia&parent=13818"}],"wp:term":[{"taxonomy":"category","embeddable":true,"href":"https:\/\/fatoelado.com\/index.php?rest_route=%2Fwp%2Fv2%2Fcategories&post=13818"},{"taxonomy":"post_tag","embeddable":true,"href":"https:\/\/fatoelado.com\/index.php?rest_route=%2Fwp%2Fv2%2Ftags&post=13818"}],"curies":[{"name":"wp","href":"https:\/\/api.w.org\/{rel}","templated":true}]}}