{"id":13815,"date":"2025-12-04T10:46:53","date_gmt":"2025-12-04T13:46:53","guid":{"rendered":"https:\/\/fatoelado.com\/?p=13815"},"modified":"2025-12-04T10:46:53","modified_gmt":"2025-12-04T13:46:53","slug":"vai-ter-greve-dos-caminhoneiros-o-que-se-sabe-ate-agora-sobre-a-mobilizacao","status":"publish","type":"post","link":"https:\/\/fatoelado.com\/?p=13815","title":{"rendered":"Vai ter greve dos caminhoneiros? O que se sabe at\u00e9 agora sobre a mobiliza\u00e7\u00e3o"},"content":{"rendered":"<h2 class=\"article-subtitle\" style=\"text-align: center;\">A UBC afirma que cerca de 20% dos caminhoneiros podem aderir \u00e0 etapa inicial da greve e diz ter amparo jur\u00eddico para o ato.<\/h2>\n<p>&nbsp;<\/p>\n<div class=\"article-image-featured\"><img decoding=\"async\" class=\"i-amphtml-fill-content i-amphtml-replaced-content\" src=\"https:\/\/www.meionews.com\/uploads\/imagens\/2025\/12\/4\/em-2018-greve-dos-caminhoneiros-gerou-paralisacao-nacional--79bc8590ee3d198b.jpg\" alt=\"Em 2018, greve dos caminhoneiros gerou paralisa\u00e7\u00e3o nacional | Valter Campanato\/Ag\u00eancia Brasil\" data-amp-loading=\"lazy\" \/><small>Em 2018, greve dos caminhoneiros gerou paralisa\u00e7\u00e3o nacional | Foto: Valter Campanato\/Ag\u00eancia Brasil<\/small><\/div>\n<div class=\"g-news\"><\/div>\n<div class=\"article-html\">\n<div class=\"article-html-more\">\n<p>Uma\u00a0<strong>poss\u00edvel greve nacional de caminhoneiros<\/strong>\u00a0voltou ao centro do debate nesta quinta-feira, mas\u00a0<strong>o cen\u00e1rio ainda \u00e9 incerto.<\/strong>\u00a0<strong>A mobiliza\u00e7\u00e3o \u00e9 liderada pela Uni\u00e3o Brasileira dos Caminhoneiros, que afirma ter organizado um movimento de alcance nacional.<\/strong>\u00a0Mesmo assim, a maior parte da categoria n\u00e3o endossa a paralisa\u00e7\u00e3o e demonstra preocupa\u00e7\u00e3o com uma poss\u00edvel instrumentaliza\u00e7\u00e3o pol\u00edtica do ato.<\/p>\n<p>As principais entidades que representam motoristas aut\u00f4nomos rejeitam ades\u00e3o formal e apontam que\u00a0<strong>parte das pautas apresentadas pela UBC inclui pedidos de anistia relacionados aos atos de 8 de janeiro<\/strong>, o que, segundo elas, descaracteriza a legitimidade de uma greve setorial. Para essas organiza\u00e7\u00f5es, a categoria n\u00e3o deve ser usada como massa de manobra em disputas pol\u00edticas.<\/p>\n<p><strong>A UBC, por\u00e9m, insiste que a mobiliza\u00e7\u00e3o tem base jur\u00eddica e estima que cerca de 20% dos caminhoneiros podem aderir ao primeiro dia de paralisa\u00e7\u00e3o.<\/strong>\u00a0O representante da entidade, Francisco Burgardt, conhecido como Chic\u00e3o Caminhoneiro, afirmou ao Broadcast Agro que o movimento \u00e9 aberto aos cerca de 1,2 milh\u00e3o de motoristas aut\u00f4nomos do Pa\u00eds e que cada caminhoneiro \u00e9 livre para decidir se vai participar.<\/p>\n<h2>O QUE A CATEGORIA PEDE<\/h2>\n<p>A entidade protocolou uma peti\u00e7\u00e3o no Pal\u00e1cio do Planalto com uma lista de 18 reivindica\u00e7\u00f5es, que v\u00e3o desde estabilidade contratual, atualiza\u00e7\u00e3o do piso m\u00ednimo do frete e linha de cr\u00e9dito para caminhoneiros at\u00e9 aposentadoria especial e medidas administrativas para regularizar a situa\u00e7\u00e3o de motoristas envolvidos em mobiliza\u00e7\u00f5es anteriores.<\/p>\n<h2>LIGA\u00c7\u00c3O COM PAUTAS POL\u00cdTICAS<\/h2>\n<p>Entre as discuss\u00f5es que cercam o movimento est\u00e1 a suspeita de liga\u00e7\u00e3o com pautas pol\u00edticas, como anistia a envolvidos nos atos de 8 de janeiro e a pris\u00e3o do ex-presidente Jair Bolsonaro. O representante da UBC, Francisco Burgardt, o Chic\u00e3o Caminhoneiro, nega qualquer motiva\u00e7\u00e3o partid\u00e1ria e afirma que o termo \u201canistia\u201d presente na peti\u00e7\u00e3o se refere a penalidades aplicadas a caminhoneiros em greves anteriores. Segundo ele,\u00a0<strong>os pedidos apresentados tratam exclusivamente das condi\u00e7\u00f5es de trabalho no transporte rodovi\u00e1rio de cargas.<\/strong><\/p>\n<p>A Associa\u00e7\u00e3o Brasileira de Condutores de Ve\u00edculos Automotores e a Confedera\u00e7\u00e3o Nacional dos Trabalhadores em Transportes e Log\u00edstica afirmam que o movimento tem car\u00e1ter pol\u00edtico e que n\u00e3o ir\u00e3o apoiar paralisa\u00e7\u00f5es que possam ser usadas para ampliar agendas partid\u00e1rias. Para l\u00edderes dessas entidades, h\u00e1 risco de caminhoneiros serem induzidos a parar o Pa\u00eds por motivos que n\u00e3o correspondem \u00e0s pautas reais da categoria.<\/p>\n<p>Embora rejeitem o movimento articulado pela UBC, dirigentes admitem que lideran\u00e7as regionais e grupos mais radicais podem tentar promover atos pontuais. Caminhoneiros foram protagonistas de mobiliza\u00e7\u00f5es de grande impacto nacional nos \u00faltimos anos e continuam sendo considerados um segmento de forte engajamento pol\u00edtico.<\/p>\n<div class=\"article-share_buttons2 article-share\">\n<p>&nbsp;<\/p>\n<p>Fonte: Portal MeioNews.<br \/>\nConfira esta e outras mat\u00e9rias na \u00edntegra pelo link: https:\/\/www.meionews.com\/noticias\/vai-ter-greve-dos-caminhoneiros-o-que-se-sabe-ate-agora-sobre-a-mobilizacao-548776<\/p>\n<\/div>\n<\/div>\n<\/div>\n","protected":false},"excerpt":{"rendered":"<p>A UBC afirma que cerca de 20% dos caminhoneiros podem aderir \u00e0 etapa inicial da greve e diz ter amparo jur\u00eddico para o ato. &nbsp; Em 2018, greve dos caminhoneiros gerou paralisa\u00e7\u00e3o nacional | Foto: Valter Campanato\/Ag\u00eancia Brasil Uma\u00a0poss\u00edvel greve nacional de caminhoneiros\u00a0voltou ao centro do debate nesta quinta-feira, mas\u00a0o cen\u00e1rio ainda \u00e9 incerto.\u00a0A mobiliza\u00e7\u00e3o [&hellip;]<\/p>\n","protected":false},"author":3,"featured_media":13816,"comment_status":"open","ping_status":"open","sticky":false,"template":"","format":"standard","meta":{"om_disable_all_campaigns":false,"_monsterinsights_skip_tracking":false,"_monsterinsights_sitenote_active":false,"_monsterinsights_sitenote_note":"","_monsterinsights_sitenote_category":0,"footnotes":""},"categories":[47],"tags":[],"class_list":["post-13815","post","type-post","status-publish","format-standard","has-post-thumbnail","hentry","category-nacionais"],"jetpack_featured_media_url":"https:\/\/fatoelado.com\/wp-content\/uploads\/2025\/12\/em-2018-greve-dos-caminhoneiros-gerou-paralisacao-nacional-79bc8590ee3d198b.jpg","_links":{"self":[{"href":"https:\/\/fatoelado.com\/index.php?rest_route=\/wp\/v2\/posts\/13815","targetHints":{"allow":["GET"]}}],"collection":[{"href":"https:\/\/fatoelado.com\/index.php?rest_route=\/wp\/v2\/posts"}],"about":[{"href":"https:\/\/fatoelado.com\/index.php?rest_route=\/wp\/v2\/types\/post"}],"author":[{"embeddable":true,"href":"https:\/\/fatoelado.com\/index.php?rest_route=\/wp\/v2\/users\/3"}],"replies":[{"embeddable":true,"href":"https:\/\/fatoelado.com\/index.php?rest_route=%2Fwp%2Fv2%2Fcomments&post=13815"}],"version-history":[{"count":1,"href":"https:\/\/fatoelado.com\/index.php?rest_route=\/wp\/v2\/posts\/13815\/revisions"}],"predecessor-version":[{"id":13817,"href":"https:\/\/fatoelado.com\/index.php?rest_route=\/wp\/v2\/posts\/13815\/revisions\/13817"}],"wp:featuredmedia":[{"embeddable":true,"href":"https:\/\/fatoelado.com\/index.php?rest_route=\/wp\/v2\/media\/13816"}],"wp:attachment":[{"href":"https:\/\/fatoelado.com\/index.php?rest_route=%2Fwp%2Fv2%2Fmedia&parent=13815"}],"wp:term":[{"taxonomy":"category","embeddable":true,"href":"https:\/\/fatoelado.com\/index.php?rest_route=%2Fwp%2Fv2%2Fcategories&post=13815"},{"taxonomy":"post_tag","embeddable":true,"href":"https:\/\/fatoelado.com\/index.php?rest_route=%2Fwp%2Fv2%2Ftags&post=13815"}],"curies":[{"name":"wp","href":"https:\/\/api.w.org\/{rel}","templated":true}]}}