{"id":13812,"date":"2025-12-04T10:45:42","date_gmt":"2025-12-04T13:45:42","guid":{"rendered":"https:\/\/fatoelado.com\/?p=13812"},"modified":"2025-12-04T10:45:42","modified_gmt":"2025-12-04T13:45:42","slug":"general-motors-abre-no-ceara-sua-primeira-unidade-dedicada-a-carros-eletricos","status":"publish","type":"post","link":"https:\/\/fatoelado.com\/?p=13812","title":{"rendered":"General Motors abre no Cear\u00e1 sua primeira unidade dedicada a carros el\u00e9tricos"},"content":{"rendered":"<h2 class=\"article-subtitle\" style=\"text-align: center;\">Com investimento de R$ 400 mi at\u00e9 2026, o primeiro modelo fabricado ser\u00e1 o Chevrolet Spark EUV, utilit\u00e1rio el\u00e9trico com 35% de conte\u00fado nacional<\/h2>\n<p>&nbsp;<\/p>\n<div class=\"article-image-featured\"><img decoding=\"async\" class=\"i-amphtml-fill-content i-amphtml-replaced-content\" src=\"https:\/\/www.meionews.com\/uploads\/imagens\/2025\/12\/4\/general-motors-abre-no-ceara-sua-primeira-unidade-dedicada-a-carros-eletricos--7a974c2882f339a2.jpg\" alt=\"General Motors abre no Cear\u00e1 sua primeira unidade dedicada a carros el\u00e9tricos | Valdenio Vieira \/ SEAUD-PR\" data-amp-loading=\"lazy\" \/><small>General Motors abre no Cear\u00e1 sua primeira unidade dedicada a carros el\u00e9tricos | Foto: Valdenio Vieira \/ SEAUD-PR<\/small><\/div>\n<div class=\"g-news\"><\/div>\n<div class=\"article-html\">\n<div class=\"article-html-more\">\n<p>O presidente\u00a0<strong data-end=\"111\" data-start=\"82\">Luiz In\u00e1cio Lula da Silva<\/strong>\u00a0participou na quarta-feira (3) do in\u00edcio da produ\u00e7\u00e3o de\u00a0<strong data-end=\"199\" data-start=\"171\">ve\u00edculos el\u00e9tricos da GM<\/strong>\u00a0no Brasil. A cerim\u00f4nia ocorreu em\u00a0<strong data-end=\"252\" data-start=\"234\">Horizonte (CE)<\/strong>, onde est\u00e1 o\u00a0<strong data-end=\"294\" data-start=\"266\">Polo Automotivo do Cear\u00e1<\/strong>, que ser\u00e1 o centro de fabrica\u00e7\u00e3o dos modelos eletrificados da montadora.<\/p>\n<p>O primeiro modelo a entrar em produ\u00e7\u00e3o local \u00e9 o\u00a0<strong data-end=\"441\" data-start=\"418\">Chevrolet Spark EUV<\/strong>, lan\u00e7ado neste ano no pa\u00eds. Segundo o governo, a iniciativa fortalece a\u00a0<strong data-end=\"544\" data-start=\"514\">cadeia automotiva nacional<\/strong>, incentiva a\u00a0<strong data-end=\"584\" data-start=\"558\">mobilidade sustent\u00e1vel<\/strong>\u00a0e amplia a produ\u00e7\u00e3o de\u00a0<strong data-end=\"630\" data-start=\"608\">ve\u00edculos el\u00e9tricos<\/strong>\u00a0no Brasil.<\/p>\n<div class=\"dimg\"><img decoding=\"async\" class=\"i-amphtml-intrinsic-sizer\" role=\"presentation\" src=\"data:;base64,<svg height=\"675px\" width=\"1200px\" xmlns=\"http:\/\/www.w3.org\/2000\/svg\" version=\"1.1\"\/>&#8221; alt=&#8221;&#8221; aria-hidden=&#8221;true&#8221; \/><img decoding=\"async\" class=\"i-amphtml-fill-content i-amphtml-replaced-content\" src=\"https:\/\/www.meionews.com\/uploads\/imagens\/2025\/12\/4\/general-motors-abre-no-ceara-sua-primeira-unidade-dedicada-a-carros-eletricos--22bdcd1349905547.jpg\" alt=\"O presidente Lula visitou a linha de produ\u00e7\u00e3o do Polo Automotivo do Cear\u00e1 - Foto: Ricardo Stuckert\/PR\" data-amp-loading=\"lazy\" \/><\/div>\n<p><span class=\"fr-inner\">O presidente Lula visitou a linha de produ\u00e7\u00e3o do Polo Automotivo do Cear\u00e1 &#8211; Foto: Ricardo Stuckert\/PR<\/span>&nbsp;<\/p>\n<h2>GERALDO ALCKMIN DESTACA RETOMADA DA IND\u00daSTRIA AUTOMOTIVA<\/h2>\n<p>O\u00a0<strong data-end=\"234\" data-start=\"215\">vice-presidente<\/strong>\u00a0e ministro do Desenvolvimento, Ind\u00fastria, Com\u00e9rcio e Servi\u00e7os,\u00a0<strong data-end=\"317\" data-start=\"298\">Geraldo Alckmin<\/strong>, destacou a\u00a0<strong data-end=\"403\" data-start=\"356\">retomada da ind\u00fastria automotiva brasileira<\/strong>\u00a0durante o lan\u00e7amento do\u00a0<strong data-end=\"479\" data-start=\"428\">primeiro carro el\u00e9trico da GM montado no Brasil<\/strong>, em\u00a0<strong data-end=\"502\" data-start=\"484\">Horizonte (CE)<\/strong>.<\/p>\n<p>Segundo o ministro, \u201cquando o presidente Lula assumiu [em 2023], a ind\u00fastria automotiva estava em crise, com f\u00e1bricas fechadas e alta ociosidade\u201d. Alckmin ressaltou que a NIB \u2013 Nova Ind\u00fastria Brasil representa uma pol\u00edtica voltada para uma ind\u00fastria inovadora, sustent\u00e1vel e exportadora.<\/p>\n<h2 data-end=\"873\" data-start=\"815\">\u00a0<strong data-end=\"873\" data-start=\"821\">Acordos internacionais e est\u00edmulo \u00e0s exporta\u00e7\u00f5es<\/strong><\/h2>\n<p>Alckmin tamb\u00e9m destacou a import\u00e2ncia dos acordos comerciais firmados pelo Brasil. \u201cQueremos que voc\u00eas exportem para o mundo inteiro: Am\u00e9rica Latina, \u00c1frica&#8230; O presidente Lula fechou os acordos Mercosul\u2013Singapura, Mercosul\u2013EFTA e, em breve, o Mercosul\u2013Uni\u00e3o Europeia. Al\u00e9m disso, recuperou o acordo automotivo com a Col\u00f4mbia, fundamental para a regi\u00e3o\u201d, afirmou.<\/p>\n<p>Presente \u00e0 cerim\u00f4nia, Lula refor\u00e7ou o papel da NIB no avan\u00e7o das exporta\u00e7\u00f5es industriais brasileiras: \u201cO Brasil tem um mercado interno forte. Precisamos produzir carro para os brasileiros e exportar o excedente\u201d, declarou.<\/p>\n<p>&nbsp;<\/p>\n<h2 data-end=\"1558\" data-start=\"1509\">\u00a0<strong data-end=\"1558\" data-start=\"1515\">Produ\u00e7\u00e3o em SKD e metas da nova f\u00e1brica<\/strong><\/h2>\n<p>A opera\u00e7\u00e3o da GM no Cear\u00e1 come\u00e7a no modelo SKD (Semi Knock-Down), em que os ve\u00edculos chegam em kits para montagem final, calibra\u00e7\u00e3o e testes de qualidade na planta.<\/p>\n<p>A expectativa \u00e9 que a unidade monte 8,8 mil ve\u00edculos em 2026, com possibilidade de alcan\u00e7ar 80 mil unidades por ano e gerar at\u00e9 9 mil empregos. A GM tamb\u00e9m planeja, futuramente, produzir o ve\u00edculo integralmente no Brasil.<\/p>\n<p class=\"ads\">\n<div class=\"article-share_buttons2 article-share\">\n<div class=\"share_buttons\">\n<div class=\"buttons\">\n<p>Fonte: Portal MeioNews.<br \/>\nConfira esta e outras mat\u00e9rias na \u00edntegra pelo link: https:\/\/www.meionews.com\/noticias\/economia\/general-motors-abre-no-ceara-sua-primeira-unidade-dedicada-a-carros-eletricos-548756<\/p>\n<\/div>\n<\/div>\n<\/div>\n<\/div>\n<\/div>\n","protected":false},"excerpt":{"rendered":"<p>Com investimento de R$ 400 mi at\u00e9 2026, o primeiro modelo fabricado ser\u00e1 o Chevrolet Spark EUV, utilit\u00e1rio el\u00e9trico com 35% de conte\u00fado nacional &nbsp; General Motors abre no Cear\u00e1 sua primeira unidade dedicada a carros el\u00e9tricos | Foto: Valdenio Vieira \/ SEAUD-PR O presidente\u00a0Luiz In\u00e1cio Lula da Silva\u00a0participou na quarta-feira (3) do in\u00edcio da [&hellip;]<\/p>\n","protected":false},"author":3,"featured_media":13813,"comment_status":"open","ping_status":"open","sticky":false,"template":"","format":"standard","meta":{"om_disable_all_campaigns":false,"_monsterinsights_skip_tracking":false,"_monsterinsights_sitenote_active":false,"_monsterinsights_sitenote_note":"","_monsterinsights_sitenote_category":0,"footnotes":""},"categories":[47],"tags":[],"class_list":["post-13812","post","type-post","status-publish","format-standard","has-post-thumbnail","hentry","category-nacionais"],"jetpack_featured_media_url":"https:\/\/fatoelado.com\/wp-content\/uploads\/2025\/12\/general-motors-abre-no-ceara-sua-primeira-unidade-dedicada-a-carros-eletricos-7a974c2882f339a2.jpg","_links":{"self":[{"href":"https:\/\/fatoelado.com\/index.php?rest_route=\/wp\/v2\/posts\/13812","targetHints":{"allow":["GET"]}}],"collection":[{"href":"https:\/\/fatoelado.com\/index.php?rest_route=\/wp\/v2\/posts"}],"about":[{"href":"https:\/\/fatoelado.com\/index.php?rest_route=\/wp\/v2\/types\/post"}],"author":[{"embeddable":true,"href":"https:\/\/fatoelado.com\/index.php?rest_route=\/wp\/v2\/users\/3"}],"replies":[{"embeddable":true,"href":"https:\/\/fatoelado.com\/index.php?rest_route=%2Fwp%2Fv2%2Fcomments&post=13812"}],"version-history":[{"count":1,"href":"https:\/\/fatoelado.com\/index.php?rest_route=\/wp\/v2\/posts\/13812\/revisions"}],"predecessor-version":[{"id":13814,"href":"https:\/\/fatoelado.com\/index.php?rest_route=\/wp\/v2\/posts\/13812\/revisions\/13814"}],"wp:featuredmedia":[{"embeddable":true,"href":"https:\/\/fatoelado.com\/index.php?rest_route=\/wp\/v2\/media\/13813"}],"wp:attachment":[{"href":"https:\/\/fatoelado.com\/index.php?rest_route=%2Fwp%2Fv2%2Fmedia&parent=13812"}],"wp:term":[{"taxonomy":"category","embeddable":true,"href":"https:\/\/fatoelado.com\/index.php?rest_route=%2Fwp%2Fv2%2Fcategories&post=13812"},{"taxonomy":"post_tag","embeddable":true,"href":"https:\/\/fatoelado.com\/index.php?rest_route=%2Fwp%2Fv2%2Ftags&post=13812"}],"curies":[{"name":"wp","href":"https:\/\/api.w.org\/{rel}","templated":true}]}}