{"id":13783,"date":"2025-12-03T10:36:29","date_gmt":"2025-12-03T13:36:29","guid":{"rendered":"https:\/\/fatoelado.com\/?p=13783"},"modified":"2025-12-03T10:36:29","modified_gmt":"2025-12-03T13:36:29","slug":"piaui-lidera-na-geracao-empregos-reduz-homicidios-e-entrega-obras-estrategicas","status":"publish","type":"post","link":"https:\/\/fatoelado.com\/?p=13783","title":{"rendered":"Piau\u00ed lidera na gera\u00e7\u00e3o empregos, reduz homic\u00eddios e entrega obras estrat\u00e9gicas"},"content":{"rendered":"<div class=\"elementor-element elementor-element-282adc7 elementor-widget elementor-widget-heading\" data-id=\"282adc7\" data-element_type=\"widget\" data-widget_type=\"heading.default\">\n<div class=\"elementor-widget-container\">\n<h2 class=\"elementor-heading-title elementor-size-default\" style=\"text-align: center;\">No m\u00eas de novembro, os resultados foram expressivos, refor\u00e7ando o ritmo de desenvolvimento do estado.<\/h2>\n<\/div>\n<\/div>\n<div class=\"elementor-element elementor-element-fe86f93 e-con-full e-flex e-con e-child\" data-id=\"fe86f93\" data-element_type=\"container\">\n<div class=\"elementor-element elementor-element-4781e67 e-con-full e-flex e-con e-child\" data-id=\"4781e67\" data-element_type=\"container\">\n<div id=\"decrease-font\" class=\"elementor-element elementor-element-b907b64 elementor-widget elementor-widget-button\" data-id=\"b907b64\" data-element_type=\"widget\" data-widget_type=\"button.default\">\n<div class=\"elementor-widget-container\">\n<div class=\"elementor-button-wrapper\"><\/div>\n<\/div>\n<\/div>\n<div id=\"increase-font\" class=\"elementor-element elementor-element-a6d49a7 elementor-widget elementor-widget-button\" data-id=\"a6d49a7\" data-element_type=\"widget\" data-widget_type=\"button.default\">\n<div class=\"elementor-widget-container\">\n<div class=\"elementor-button-wrapper\"><\/div>\n<\/div>\n<\/div>\n<\/div>\n<\/div>\n<div class=\"elementor-element elementor-element-e94e84e elementor-widget elementor-widget-html\" data-id=\"e94e84e\" data-element_type=\"widget\" data-widget_type=\"html.default\">\n<div class=\"elementor-widget-container\">\n<p>De forma estrat\u00e9gica e transversal, o Piau\u00ed vem adotando um conjunto de a\u00e7\u00f5es estruturantes que refor\u00e7am a capacidade de avan\u00e7ar em \u00e1reas essenciais como educa\u00e7\u00e3o, seguran\u00e7a p\u00fablica, inova\u00e7\u00e3o, infraestrutura, sa\u00fade, inclus\u00e3o social, meio ambiente e desenvolvimento econ\u00f4mico. Dados apresentados por diferentes secretarias demostram resultados expressivos alcan\u00e7ados no m\u00eas de novembro e pol\u00edticas p\u00fablicas que t\u00eam ampliado oportunidades e melhorado a qualidade de vida dos piauienses.<\/p>\n<p>O direcionamento dessas a\u00e7\u00f5es est\u00e1 gerando oportunidades e garantindo que a economia ande em paralelo com o social, dotando o estado da infraestrutura necess\u00e1ria e a forma\u00e7\u00e3o de m\u00e3o de obra capaz de suprir as necessidades do mercado, permitindo que a nova gera\u00e7\u00e3o de jovens possa ser inserida nesse processo de desenvolvimento.<\/p>\n<p><img loading=\"lazy\" decoding=\"async\" class=\"alignnone size-full wp-image-74330\" src=\"https:\/\/www.pi.gov.br\/wp-content\/uploads\/2025\/08\/carteira_de_trabalho_07122000711.jpg\" sizes=\"auto, (max-width: 1600px) 100vw, 1600px\" srcset=\"https:\/\/www.pi.gov.br\/wp-content\/uploads\/2025\/08\/carteira_de_trabalho_07122000711.jpg 1600w, https:\/\/www.pi.gov.br\/wp-content\/uploads\/2025\/08\/carteira_de_trabalho_07122000711-300x150.jpg 300w, https:\/\/www.pi.gov.br\/wp-content\/uploads\/2025\/08\/carteira_de_trabalho_07122000711-1024x512.jpg 1024w, https:\/\/www.pi.gov.br\/wp-content\/uploads\/2025\/08\/carteira_de_trabalho_07122000711-768x384.jpg 768w, https:\/\/www.pi.gov.br\/wp-content\/uploads\/2025\/08\/carteira_de_trabalho_07122000711-1536x768.jpg 1536w\" alt=\"\" width=\"1600\" height=\"800\" \/><\/p>\n<p><strong>Piau\u00ed \u00e9 o primeiro do Nordeste e o segundo do Brasil no crescimento de empregos<\/strong><\/p>\n<p>Do ponto de vista econ\u00f4mico, o estado tem apresentado n\u00fameros robustos. O Caged (Cadastro Geral de Empregados e Desempregados) apontou que o Piau\u00ed foi o primeiro do Nordeste e o segundo do Brasil no crescimento de empregos formais em 2025, enquanto as exporta\u00e7\u00f5es cresceram 33,8% em outubro.<\/p>\n<p><img loading=\"lazy\" decoding=\"async\" class=\"alignnone size-full wp-image-60251\" src=\"https:\/\/www.pi.gov.br\/wp-content\/uploads\/2025\/06\/Complexo-Industrial-Nutriza-7-scaled.jpeg\" sizes=\"auto, (max-width: 2560px) 100vw, 2560px\" srcset=\"https:\/\/www.pi.gov.br\/wp-content\/uploads\/2025\/06\/Complexo-Industrial-Nutriza-7-scaled.jpeg 2560w, https:\/\/www.pi.gov.br\/wp-content\/uploads\/2025\/06\/Complexo-Industrial-Nutriza-7-300x200.jpeg 300w, https:\/\/www.pi.gov.br\/wp-content\/uploads\/2025\/06\/Complexo-Industrial-Nutriza-7-1024x683.jpeg 1024w, https:\/\/www.pi.gov.br\/wp-content\/uploads\/2025\/06\/Complexo-Industrial-Nutriza-7-768x512.jpeg 768w, https:\/\/www.pi.gov.br\/wp-content\/uploads\/2025\/06\/Complexo-Industrial-Nutriza-7-1536x1024.jpeg 1536w, https:\/\/www.pi.gov.br\/wp-content\/uploads\/2025\/06\/Complexo-Industrial-Nutriza-7-2048x1366.jpeg 2048w\" alt=\"\" width=\"2560\" height=\"1707\" \/><\/p>\n<p>A Badespi (Ag\u00eancia de Fomento e Desenvolvimento do Piau\u00ed) liberou R$ 8 milh\u00f5es em investimentos para o setor industrial e, na regi\u00e3o sul do estado, a concess\u00e3o do Aeroporto Internacional Serra da Capivara, agora administrado pela GRU Airports, deve atrair mais de R$ 50 milh\u00f5es em investimentos privados.<\/p>\n<p>Para estimular a economia, o Governo do Estado tamb\u00e9m anunciou que vai injetar R$ 1,12 bilh\u00e3o com o pagamento das folhas de novembro e dezembro e do 13\u00ba sal\u00e1rio dos servidores.<\/p>\n<p><strong>Redu\u00e7\u00e3o de 80% nos homic\u00eddios<\/strong><\/p>\n<p>Na seguran\u00e7a p\u00fablica, os indicadores mostram um dos melhores cen\u00e1rios da hist\u00f3ria recente. Teresina registrou redu\u00e7\u00e3o de 80% nos homic\u00eddios, alcan\u00e7ando o menor n\u00famero para o m\u00eas de novembro desde o in\u00edcio da s\u00e9rie hist\u00f3rica. O estado tamb\u00e9m teve quatro dias consecutivos sem homic\u00eddios, resultado apontado pelo governo como fruto da integra\u00e7\u00e3o das for\u00e7as de seguran\u00e7a e do fortalecimento da intelig\u00eancia policial. A Secretaria de Seguran\u00e7a P\u00fablica ainda deflagrou a Opera\u00e7\u00e3o Carbono Oculto 86, que desarticulou um esquema de lavagem de dinheiro ligado ao PCC.<\/p>\n<p><img loading=\"lazy\" decoding=\"async\" class=\"alignnone size-full wp-image-78183\" src=\"https:\/\/www.pi.gov.br\/wp-content\/uploads\/2025\/08\/formatura-policiais-Thiago-Amaral20-scaled.jpeg\" sizes=\"auto, (max-width: 2560px) 100vw, 2560px\" srcset=\"https:\/\/www.pi.gov.br\/wp-content\/uploads\/2025\/08\/formatura-policiais-Thiago-Amaral20-scaled.jpeg 2560w, https:\/\/www.pi.gov.br\/wp-content\/uploads\/2025\/08\/formatura-policiais-Thiago-Amaral20-300x200.jpeg 300w, https:\/\/www.pi.gov.br\/wp-content\/uploads\/2025\/08\/formatura-policiais-Thiago-Amaral20-1024x683.jpeg 1024w, https:\/\/www.pi.gov.br\/wp-content\/uploads\/2025\/08\/formatura-policiais-Thiago-Amaral20-768x512.jpeg 768w, https:\/\/www.pi.gov.br\/wp-content\/uploads\/2025\/08\/formatura-policiais-Thiago-Amaral20-1536x1024.jpeg 1536w, https:\/\/www.pi.gov.br\/wp-content\/uploads\/2025\/08\/formatura-policiais-Thiago-Amaral20-2048x1365.jpeg 2048w\" alt=\"\" width=\"2560\" height=\"1706\" \/><\/p>\n<p><strong>Mais de 1,5 milh\u00e3o de emiss\u00f5es da nova CIN<\/strong><\/p>\n<p>O Piau\u00ed tamb\u00e9m ampliou sua lideran\u00e7a nacional na emiss\u00e3o da Carteira de Identidade Nacional (CIN), ultrapassando 1,5 milh\u00e3o de documentos emitidos \u2014 o equivalente a cerca de 45% da popula\u00e7\u00e3o. A digitaliza\u00e7\u00e3o dos servi\u00e7os p\u00fablicos segue avan\u00e7ando: a plataforma Gov.pi Cidad\u00e3o ultrapassou 1,3 milh\u00e3o de usu\u00e1rios e j\u00e1 concentra quase 400 servi\u00e7os digitais do governo.<\/p>\n<p><img loading=\"lazy\" decoding=\"async\" class=\"alignnone size-full wp-image-102803\" src=\"https:\/\/www.pi.gov.br\/wp-content\/uploads\/2025\/12\/9ea2b737-51ca-4fa3-99f7-d06f167c5dfc.jpeg\" sizes=\"auto, (max-width: 1280px) 100vw, 1280px\" srcset=\"https:\/\/www.pi.gov.br\/wp-content\/uploads\/2025\/12\/9ea2b737-51ca-4fa3-99f7-d06f167c5dfc.jpeg 1280w, https:\/\/www.pi.gov.br\/wp-content\/uploads\/2025\/12\/9ea2b737-51ca-4fa3-99f7-d06f167c5dfc-300x200.jpeg 300w, https:\/\/www.pi.gov.br\/wp-content\/uploads\/2025\/12\/9ea2b737-51ca-4fa3-99f7-d06f167c5dfc-1024x683.jpeg 1024w, https:\/\/www.pi.gov.br\/wp-content\/uploads\/2025\/12\/9ea2b737-51ca-4fa3-99f7-d06f167c5dfc-768x512.jpeg 768w\" alt=\"\" width=\"1280\" height=\"854\" \/><\/p>\n<p><strong>Obras estruturantes que geram desenvolvimento<\/strong><\/p>\n<p>O investimento em infraestrutura teve novos avan\u00e7os, com destaque para os 71 quil\u00f4metros entregues na rodovia Transcerrados, que agora soma 320 quil\u00f4metros pavimentados. A obra \u00e9 considerada uma das mais importantes da hist\u00f3ria do estado e essencial para o escoamento da produ\u00e7\u00e3o agr\u00edcola. Outras interven\u00e7\u00f5es vi\u00e1rias, como pavimenta\u00e7\u00f5es, pontes e acessos urbanos, tamb\u00e9m foram alvo de investimento em diferentes regi\u00f5es do Piau\u00ed.<\/p>\n<p><img loading=\"lazy\" decoding=\"async\" class=\"alignnone size-full wp-image-97067\" src=\"https:\/\/www.pi.gov.br\/wp-content\/uploads\/2025\/11\/Trecho-da-PI-397-Transcerrados-.jpeg\" sizes=\"auto, (max-width: 1284px) 100vw, 1284px\" srcset=\"https:\/\/www.pi.gov.br\/wp-content\/uploads\/2025\/11\/Trecho-da-PI-397-Transcerrados-.jpeg 1284w, https:\/\/www.pi.gov.br\/wp-content\/uploads\/2025\/11\/Trecho-da-PI-397-Transcerrados--300x177.jpeg 300w, https:\/\/www.pi.gov.br\/wp-content\/uploads\/2025\/11\/Trecho-da-PI-397-Transcerrados--1024x604.jpeg 1024w, https:\/\/www.pi.gov.br\/wp-content\/uploads\/2025\/11\/Trecho-da-PI-397-Transcerrados--768x453.jpeg 768w\" alt=\"\" width=\"1284\" height=\"757\" \/><\/p>\n<p><strong>Tecnologia e educa\u00e7\u00e3o caminhando juntas<\/strong><\/p>\n<p>Projetos nas \u00e1reas de educa\u00e7\u00e3o inova\u00e7\u00e3o, est\u00e3o reposicionando o Piau\u00ed no cen\u00e1rio nacional da tecnologia. O governo firmou protocolo para implanta\u00e7\u00e3o do Impa Tech Nordeste, o primeiro campus regional do instituto fora do Sudeste, que contar\u00e1 com investimento inicial de R$ 17,9 milh\u00f5es.<\/p>\n<p><img loading=\"lazy\" decoding=\"async\" class=\"alignnone size-full wp-image-102805\" src=\"https:\/\/www.pi.gov.br\/wp-content\/uploads\/2025\/12\/IMG_0224.jpeg\" sizes=\"auto, (max-width: 1290px) 100vw, 1290px\" srcset=\"https:\/\/www.pi.gov.br\/wp-content\/uploads\/2025\/12\/IMG_0224.jpeg 1290w, https:\/\/www.pi.gov.br\/wp-content\/uploads\/2025\/12\/IMG_0224-300x170.jpeg 300w, https:\/\/www.pi.gov.br\/wp-content\/uploads\/2025\/12\/IMG_0224-1024x582.jpeg 1024w, https:\/\/www.pi.gov.br\/wp-content\/uploads\/2025\/12\/IMG_0224-768x436.jpeg 768w\" alt=\"\" width=\"1290\" height=\"733\" \/><\/p>\n<p>O estado tamb\u00e9m inaugurou o primeiro N\u00facleo da Rede de Inova\u00e7\u00e3o para Educa\u00e7\u00e3o H\u00edbrida (RIEH) no Norte e instalou o primeiro Laborat\u00f3rio de Intelig\u00eancia Artificial do interior, em Oeiras. Al\u00e9m disso, mais de 57 mil professores da rede estadual come\u00e7aram a receber a Carteira Nacional do Docente, que garantir\u00e1 identifica\u00e7\u00e3o oficial e benef\u00edcios em todo o pa\u00eds.<\/p>\n<p><strong>A sa\u00fade chega cada vez mais perto da popula\u00e7\u00e3o<\/strong><\/p>\n<p>O Piau\u00ed Sa\u00fade Digital ultrapassou a marca de 1 milh\u00e3o de atendimentos, consolidando o estado como refer\u00eancia nacional em telemedicina. J\u00e1 o programa Medicamento em Casa completou um ano atendendo cerca de 2,3 mil pessoas por m\u00eas.<\/p>\n<p><img loading=\"lazy\" decoding=\"async\" class=\"alignnone size-full wp-image-77176\" src=\"https:\/\/www.pi.gov.br\/wp-content\/uploads\/2025\/08\/Central-de-Diagnostico-de-Picos-realiza-treinamento-sobre-o-manuseio-do-Programa-Piaui-Saude-Digital-1.jpeg\" sizes=\"auto, (max-width: 1280px) 100vw, 1280px\" srcset=\"https:\/\/www.pi.gov.br\/wp-content\/uploads\/2025\/08\/Central-de-Diagnostico-de-Picos-realiza-treinamento-sobre-o-manuseio-do-Programa-Piaui-Saude-Digital-1.jpeg 1280w, https:\/\/www.pi.gov.br\/wp-content\/uploads\/2025\/08\/Central-de-Diagnostico-de-Picos-realiza-treinamento-sobre-o-manuseio-do-Programa-Piaui-Saude-Digital-1-300x169.jpeg 300w, https:\/\/www.pi.gov.br\/wp-content\/uploads\/2025\/08\/Central-de-Diagnostico-de-Picos-realiza-treinamento-sobre-o-manuseio-do-Programa-Piaui-Saude-Digital-1-1024x576.jpeg 1024w, https:\/\/www.pi.gov.br\/wp-content\/uploads\/2025\/08\/Central-de-Diagnostico-de-Picos-realiza-treinamento-sobre-o-manuseio-do-Programa-Piaui-Saude-Digital-1-768x432.jpeg 768w\" alt=\"\" width=\"1280\" height=\"720\" \/><\/p>\n<p>A Sesapi (Secretaria da Sa\u00fade do Piau\u00ed) tamb\u00e9m se prepara para lan\u00e7ar um concurso p\u00fablico com mil vagas para refor\u00e7o da rede estadual.<\/p>\n<p><strong>O social fazendo a diferen\u00e7a na vida das pessoas<\/strong><\/p>\n<p>As pol\u00edticas sociais ganharam destaque com a amplia\u00e7\u00e3o da Inclus\u00e3o Itinerante, que j\u00e1 realizou mais de 2.700 atendimentos. A Secretaria da Agricultura Familiar construiu mais de 1.000 cisternas em 2025 e distribuiu 4,7 toneladas de alimentos a fam\u00edlias em vulnerabilidade. Dados recentes tamb\u00e9m mostram que o Piau\u00ed segue como o estado que mais reduz a pobreza no Nordeste.<\/p>\n<figure id=\"attachment_82749\" class=\"wp-caption alignnone\" aria-describedby=\"caption-attachment-82749\"><img loading=\"lazy\" decoding=\"async\" class=\"size-full wp-image-82749\" src=\"https:\/\/www.pi.gov.br\/wp-content\/uploads\/2025\/09\/Cisternas.jpeg\" sizes=\"auto, (max-width: 1600px) 100vw, 1600px\" srcset=\"https:\/\/www.pi.gov.br\/wp-content\/uploads\/2025\/09\/Cisternas.jpeg 1600w, https:\/\/www.pi.gov.br\/wp-content\/uploads\/2025\/09\/Cisternas-300x200.jpeg 300w, https:\/\/www.pi.gov.br\/wp-content\/uploads\/2025\/09\/Cisternas-1024x682.jpeg 1024w, https:\/\/www.pi.gov.br\/wp-content\/uploads\/2025\/09\/Cisternas-768x512.jpeg 768w, https:\/\/www.pi.gov.br\/wp-content\/uploads\/2025\/09\/Cisternas-1536x1023.jpeg 1536w\" alt=\"\" width=\"1600\" height=\"1066\" \/><figcaption id=\"caption-attachment-82749\" class=\"wp-caption-text\">Foto: Geirlys Silva<\/figcaption><\/figure>\n<p><strong>Piau\u00ed \u00e9 destaque na COP30 e avan\u00e7a nas parcerias<\/strong><\/p>\n<p>No campo ambiental e energ\u00e9tico, o Piau\u00ed se destacou ao licenciar os primeiros sistemas de armazenamento de energia por baterias (BESS) do pa\u00eds.<\/p>\n<p>Na COP30, o principal evento sobre sustentabilidade do planeta, o governador Rafael Fonteles apresentou, como presidente do Cons\u00f3rcio Nordeste, o Plano Brasil Nordeste de Transforma\u00e7\u00e3o Ecol\u00f3gica, com 47 propostas estruturantes e 324 a\u00e7\u00f5es sustent\u00e1veis. O estado tamb\u00e9m anunciou, em parceria com o BNB (Banco do Nordeste) e o BNDES (Banco Nacional de Desenvolvimento Econ\u00f4mico e Social), o investimento de R$ 100 milh\u00f5es na preserva\u00e7\u00e3o da Caatinga.<\/p>\n<p><img loading=\"lazy\" decoding=\"async\" class=\"alignnone size-full wp-image-98629\" src=\"https:\/\/www.pi.gov.br\/wp-content\/uploads\/2025\/11\/COP30-Memorando-de-Entendimento-7.jpeg\" sizes=\"auto, (max-width: 1280px) 100vw, 1280px\" srcset=\"https:\/\/www.pi.gov.br\/wp-content\/uploads\/2025\/11\/COP30-Memorando-de-Entendimento-7.jpeg 1280w, https:\/\/www.pi.gov.br\/wp-content\/uploads\/2025\/11\/COP30-Memorando-de-Entendimento-7-300x225.jpeg 300w, https:\/\/www.pi.gov.br\/wp-content\/uploads\/2025\/11\/COP30-Memorando-de-Entendimento-7-1024x768.jpeg 1024w, https:\/\/www.pi.gov.br\/wp-content\/uploads\/2025\/11\/COP30-Memorando-de-Entendimento-7-768x576.jpeg 768w\" alt=\"\" width=\"1280\" height=\"960\" \/><\/p>\n<p><strong>Natal com programa\u00e7\u00e3o especial no centro de Teresina<\/strong><\/p>\n<p>A cultura movimentou Teresina com o lan\u00e7amento do Natal de Sonho &amp; Luz, que iluminou o Centro da capital. O Coral das Mil Vozes, reunindo estudantes da rede p\u00fablica, emocionou o p\u00fablico com seu retorno ap\u00f3s sete anos. Uma programa\u00e7\u00e3o intensa segue pelo m\u00eas de dezembro, proporcionando alegria \u00e0s fam\u00edlias e visitantes.<\/p>\n<p><img loading=\"lazy\" decoding=\"async\" class=\"alignnone size-full wp-image-102806\" src=\"https:\/\/www.pi.gov.br\/wp-content\/uploads\/2025\/12\/833ebae9-5ab3-45fb-996f-8abe9d2b5c19.jpeg\" sizes=\"auto, (max-width: 1280px) 100vw, 1280px\" srcset=\"https:\/\/www.pi.gov.br\/wp-content\/uploads\/2025\/12\/833ebae9-5ab3-45fb-996f-8abe9d2b5c19.jpeg 1280w, https:\/\/www.pi.gov.br\/wp-content\/uploads\/2025\/12\/833ebae9-5ab3-45fb-996f-8abe9d2b5c19-300x200.jpeg 300w, https:\/\/www.pi.gov.br\/wp-content\/uploads\/2025\/12\/833ebae9-5ab3-45fb-996f-8abe9d2b5c19-1024x683.jpeg 1024w, https:\/\/www.pi.gov.br\/wp-content\/uploads\/2025\/12\/833ebae9-5ab3-45fb-996f-8abe9d2b5c19-768x512.jpeg 768w\" alt=\"\" width=\"1280\" height=\"854\" \/><\/p>\n<p><strong>Turismo em foco<\/strong><\/p>\n<p>As praias do litoral piauiense tamb\u00e9m est\u00e3o nos holofotes nacionais, com o an\u00fancio de que Cajueiro da Praia est\u00e1 entre os destinos mais promissores do Brasil para 2026, segundo a Booking.com.<\/p>\n<figure id=\"attachment_65715\" class=\"wp-caption alignnone\" aria-describedby=\"caption-attachment-65715\"><img loading=\"lazy\" decoding=\"async\" class=\"size-full wp-image-65715\" src=\"https:\/\/www.pi.gov.br\/wp-content\/uploads\/2025\/07\/fe743a59-127c-4647-8ec0-1c2516b547cd-scaled.jpeg\" sizes=\"auto, (max-width: 2560px) 100vw, 2560px\" srcset=\"https:\/\/www.pi.gov.br\/wp-content\/uploads\/2025\/07\/fe743a59-127c-4647-8ec0-1c2516b547cd-scaled.jpeg 2560w, https:\/\/www.pi.gov.br\/wp-content\/uploads\/2025\/07\/fe743a59-127c-4647-8ec0-1c2516b547cd-300x210.jpeg 300w, https:\/\/www.pi.gov.br\/wp-content\/uploads\/2025\/07\/fe743a59-127c-4647-8ec0-1c2516b547cd-1024x717.jpeg 1024w, https:\/\/www.pi.gov.br\/wp-content\/uploads\/2025\/07\/fe743a59-127c-4647-8ec0-1c2516b547cd-768x538.jpeg 768w, https:\/\/www.pi.gov.br\/wp-content\/uploads\/2025\/07\/fe743a59-127c-4647-8ec0-1c2516b547cd-1536x1075.jpeg 1536w, https:\/\/www.pi.gov.br\/wp-content\/uploads\/2025\/07\/fe743a59-127c-4647-8ec0-1c2516b547cd-2048x1434.jpeg 2048w\" alt=\"\" width=\"2560\" height=\"1792\" \/><figcaption id=\"caption-attachment-65715\" class=\"wp-caption-text\">Kitesurfe em Cajueiro da Praia (Foto: Thiago Amaral)<\/p>\n<p>Fonte: Portal pi.Gov<br \/>\nConfira esta e outras mat\u00e9rias na \u00edntegra pelo link: https:\/\/www.pi.gov.br\/piaui-lidera-na-geracao-empregos-reduz-homicidios-e-entrega-obras-estrategicas\/<\/figcaption><\/figure>\n<\/div>\n<\/div>\n","protected":false},"excerpt":{"rendered":"<p>No m\u00eas de novembro, os resultados foram expressivos, refor\u00e7ando o ritmo de desenvolvimento do estado. De forma estrat\u00e9gica e transversal, o Piau\u00ed vem adotando um conjunto de a\u00e7\u00f5es estruturantes que refor\u00e7am a capacidade de avan\u00e7ar em \u00e1reas essenciais como educa\u00e7\u00e3o, seguran\u00e7a p\u00fablica, inova\u00e7\u00e3o, infraestrutura, sa\u00fade, inclus\u00e3o social, meio ambiente e desenvolvimento econ\u00f4mico. Dados apresentados por [&hellip;]<\/p>\n","protected":false},"author":3,"featured_media":13784,"comment_status":"open","ping_status":"open","sticky":false,"template":"","format":"standard","meta":{"om_disable_all_campaigns":false,"_monsterinsights_skip_tracking":false,"_monsterinsights_sitenote_active":false,"_monsterinsights_sitenote_note":"","_monsterinsights_sitenote_category":0,"footnotes":""},"categories":[33],"tags":[],"class_list":["post-13783","post","type-post","status-publish","format-standard","has-post-thumbnail","hentry","category-piaui"],"jetpack_featured_media_url":"https:\/\/fatoelado.com\/wp-content\/uploads\/2025\/12\/carteira_de_trabalho_07122000711.jpg","_links":{"self":[{"href":"https:\/\/fatoelado.com\/index.php?rest_route=\/wp\/v2\/posts\/13783","targetHints":{"allow":["GET"]}}],"collection":[{"href":"https:\/\/fatoelado.com\/index.php?rest_route=\/wp\/v2\/posts"}],"about":[{"href":"https:\/\/fatoelado.com\/index.php?rest_route=\/wp\/v2\/types\/post"}],"author":[{"embeddable":true,"href":"https:\/\/fatoelado.com\/index.php?rest_route=\/wp\/v2\/users\/3"}],"replies":[{"embeddable":true,"href":"https:\/\/fatoelado.com\/index.php?rest_route=%2Fwp%2Fv2%2Fcomments&post=13783"}],"version-history":[{"count":1,"href":"https:\/\/fatoelado.com\/index.php?rest_route=\/wp\/v2\/posts\/13783\/revisions"}],"predecessor-version":[{"id":13785,"href":"https:\/\/fatoelado.com\/index.php?rest_route=\/wp\/v2\/posts\/13783\/revisions\/13785"}],"wp:featuredmedia":[{"embeddable":true,"href":"https:\/\/fatoelado.com\/index.php?rest_route=\/wp\/v2\/media\/13784"}],"wp:attachment":[{"href":"https:\/\/fatoelado.com\/index.php?rest_route=%2Fwp%2Fv2%2Fmedia&parent=13783"}],"wp:term":[{"taxonomy":"category","embeddable":true,"href":"https:\/\/fatoelado.com\/index.php?rest_route=%2Fwp%2Fv2%2Fcategories&post=13783"},{"taxonomy":"post_tag","embeddable":true,"href":"https:\/\/fatoelado.com\/index.php?rest_route=%2Fwp%2Fv2%2Ftags&post=13783"}],"curies":[{"name":"wp","href":"https:\/\/api.w.org\/{rel}","templated":true}]}}