{"id":13780,"date":"2025-12-03T10:35:27","date_gmt":"2025-12-03T13:35:27","guid":{"rendered":"https:\/\/fatoelado.com\/?p=13780"},"modified":"2025-12-03T10:35:27","modified_gmt":"2025-12-03T13:35:27","slug":"sesapi-reforca-rede-de-imunizacao-com-capacitacao-sobre-a-nova-vacina-contra-a-dengue","status":"publish","type":"post","link":"https:\/\/fatoelado.com\/?p=13780","title":{"rendered":"Sesapi refor\u00e7a rede de imuniza\u00e7\u00e3o com capacita\u00e7\u00e3o sobre a nova vacina contra a dengue"},"content":{"rendered":"<h2 class=\"elementor-heading-title elementor-size-default\" style=\"text-align: center;\">O imunizante protege contra os quatro sorotipos do v\u00edrus e ser\u00e1 aplicado em dose \u00fanica, uma diferen\u00e7a importante em rela\u00e7\u00e3o a outras vacinas dispon\u00edveis no mundo.<\/h2>\n<p>&nbsp;<\/p>\n<p>A Secretaria da Sa\u00fade do Piau\u00ed (Sesapi), por meio da Coordena\u00e7\u00e3o Estadual de Imuniza\u00e7\u00f5es, realizou, nessa ter\u00e7a-feira (2), uma reuni\u00e3o online destinada a coordenadores municipais de imuniza\u00e7\u00e3o, profissionais da Aten\u00e7\u00e3o Prim\u00e1ria \u00e0 Sa\u00fade (APS), vacinadores e demais trabalhadores da sa\u00fade. O encontro teve como objetivo repassar orienta\u00e7\u00f5es pr\u00e1ticas sobre o manuseio, a aplica\u00e7\u00e3o e o registro da nova vacina contra a dengue, de v\u00edrus atenuado.<\/p>\n<p>A reuni\u00e3o tamb\u00e9m abordou a recente aprova\u00e7\u00e3o da vacina pelo Instituto Butantan. No fim de novembro, a Anvisa emitiu parecer favor\u00e1vel quanto \u00e0 sua seguran\u00e7a e efic\u00e1cia. O imunizante, desenvolvido integralmente no Brasil, protege contra os quatro sorotipos do v\u00edrus e ser\u00e1 aplicado em dose \u00fanica, uma diferen\u00e7a importante em rela\u00e7\u00e3o a outras vacinas dispon\u00edveis no mundo.<\/p>\n<p><img loading=\"lazy\" decoding=\"async\" class=\"alignnone size-full wp-image-102870\" src=\"https:\/\/www.pi.gov.br\/wp-content\/uploads\/2025\/12\/WhatsApp-Image-2025-12-03-at-09.44.31.jpeg\" sizes=\"auto, (max-width: 1280px) 100vw, 1280px\" srcset=\"https:\/\/www.pi.gov.br\/wp-content\/uploads\/2025\/12\/WhatsApp-Image-2025-12-03-at-09.44.31.jpeg 1280w, https:\/\/www.pi.gov.br\/wp-content\/uploads\/2025\/12\/WhatsApp-Image-2025-12-03-at-09.44.31-300x200.jpeg 300w, https:\/\/www.pi.gov.br\/wp-content\/uploads\/2025\/12\/WhatsApp-Image-2025-12-03-at-09.44.31-1024x682.jpeg 1024w, https:\/\/www.pi.gov.br\/wp-content\/uploads\/2025\/12\/WhatsApp-Image-2025-12-03-at-09.44.31-768x512.jpeg 768w\" alt=\"\" width=\"1280\" height=\"853\" \/><\/p>\n<p>De acordo com a coordenadora Estadual de Imuniza\u00e7\u00e3o, B\u00e1rbara Pinheiro, o encontro refor\u00e7ou cuidados essenciais para garantir a efic\u00e1cia do imunizante.\u00a0\u201cForam repassadas informa\u00e7\u00f5es primordiais para a conserva\u00e7\u00e3o e aplica\u00e7\u00e3o da vacina. O aplicador deve armazenar em condi\u00e7\u00f5es espec\u00edficas de refrigera\u00e7\u00e3o, entre 2\u00b0C e 8\u00b0C, conforme as normas do Programa Nacional de Imuniza\u00e7\u00f5es (PNI). Todas as doses aplicadas devem ser registradas nos sistemas de informa\u00e7\u00e3o do Minist\u00e9rio da Sa\u00fade. A recomenda\u00e7\u00e3o \u00e9 que a vacina seja aplicada em adolescentes de 10 a 14 anos\u201d, destacou a gestora.<\/p>\n<p>Somente este ano, o Piau\u00ed j\u00e1 contabiliza 6.899 casos de dengue, dos quais 46 evolu\u00edram para a forma grave, al\u00e9m de 11 \u00f3bitos confirmados.<\/p>\n<p>&nbsp;<\/p>\n<p>Fonte: Portal pi.Gov<br \/>\nConfira esta e outras mat\u00e9rias na \u00edntegra pelo link: https:\/\/www.pi.gov.br\/sesapi-reforca-rede-de-imunizacao-com-capacitacao-sobre-a-nova-vacina-contra-a-dengue\/<\/p>\n","protected":false},"excerpt":{"rendered":"<p>O imunizante protege contra os quatro sorotipos do v\u00edrus e ser\u00e1 aplicado em dose \u00fanica, uma diferen\u00e7a importante em rela\u00e7\u00e3o a outras vacinas dispon\u00edveis no mundo. &nbsp; A Secretaria da Sa\u00fade do Piau\u00ed (Sesapi), por meio da Coordena\u00e7\u00e3o Estadual de Imuniza\u00e7\u00f5es, realizou, nessa ter\u00e7a-feira (2), uma reuni\u00e3o online destinada a coordenadores municipais de imuniza\u00e7\u00e3o, profissionais [&hellip;]<\/p>\n","protected":false},"author":3,"featured_media":13781,"comment_status":"open","ping_status":"open","sticky":false,"template":"","format":"standard","meta":{"om_disable_all_campaigns":false,"_monsterinsights_skip_tracking":false,"_monsterinsights_sitenote_active":false,"_monsterinsights_sitenote_note":"","_monsterinsights_sitenote_category":0,"footnotes":""},"categories":[33,42],"tags":[],"class_list":["post-13780","post","type-post","status-publish","format-standard","has-post-thumbnail","hentry","category-piaui","category-saude"],"jetpack_featured_media_url":"https:\/\/fatoelado.com\/wp-content\/uploads\/2025\/12\/WhatsApp-Image-2025-12-03-at-09.44.31.jpeg","_links":{"self":[{"href":"https:\/\/fatoelado.com\/index.php?rest_route=\/wp\/v2\/posts\/13780","targetHints":{"allow":["GET"]}}],"collection":[{"href":"https:\/\/fatoelado.com\/index.php?rest_route=\/wp\/v2\/posts"}],"about":[{"href":"https:\/\/fatoelado.com\/index.php?rest_route=\/wp\/v2\/types\/post"}],"author":[{"embeddable":true,"href":"https:\/\/fatoelado.com\/index.php?rest_route=\/wp\/v2\/users\/3"}],"replies":[{"embeddable":true,"href":"https:\/\/fatoelado.com\/index.php?rest_route=%2Fwp%2Fv2%2Fcomments&post=13780"}],"version-history":[{"count":1,"href":"https:\/\/fatoelado.com\/index.php?rest_route=\/wp\/v2\/posts\/13780\/revisions"}],"predecessor-version":[{"id":13782,"href":"https:\/\/fatoelado.com\/index.php?rest_route=\/wp\/v2\/posts\/13780\/revisions\/13782"}],"wp:featuredmedia":[{"embeddable":true,"href":"https:\/\/fatoelado.com\/index.php?rest_route=\/wp\/v2\/media\/13781"}],"wp:attachment":[{"href":"https:\/\/fatoelado.com\/index.php?rest_route=%2Fwp%2Fv2%2Fmedia&parent=13780"}],"wp:term":[{"taxonomy":"category","embeddable":true,"href":"https:\/\/fatoelado.com\/index.php?rest_route=%2Fwp%2Fv2%2Fcategories&post=13780"},{"taxonomy":"post_tag","embeddable":true,"href":"https:\/\/fatoelado.com\/index.php?rest_route=%2Fwp%2Fv2%2Ftags&post=13780"}],"curies":[{"name":"wp","href":"https:\/\/api.w.org\/{rel}","templated":true}]}}