{"id":13726,"date":"2025-12-02T10:47:02","date_gmt":"2025-12-02T13:47:02","guid":{"rendered":"https:\/\/fatoelado.com\/?p=13726"},"modified":"2025-12-02T10:47:02","modified_gmt":"2025-12-02T13:47:02","slug":"saf-inicia-capacitacao-de-tecnicos-que-vao-atuar-em-cooperativas-da-agricultura-familiar-do-piaui","status":"publish","type":"post","link":"https:\/\/fatoelado.com\/?p=13726","title":{"rendered":"SAF inicia capacita\u00e7\u00e3o de t\u00e9cnicos que v\u00e3o atuar em cooperativas da agricultura familiar do Piau\u00ed"},"content":{"rendered":"<h2 class=\"elementor-heading-title elementor-size-default\" style=\"text-align: center;\">Bolsistas do programa Mais Gest\u00e3o, realizado em parceria com o IFPI e MDA, v\u00e3o atuar para fortalecer gest\u00e3o de cooperativas.<\/h2>\n<p>&nbsp;<\/p>\n<p>A Secretaria da Agricultura Familiar (SAF) realizou a contrata\u00e7\u00e3o de t\u00e9cnicos que atuar\u00e3o diretamente dentro de cooperativas, aplicando a metodologia do\u00a0Programa de Fortalecimento das Cooperativas da Agricultura Familiar do Piau\u00ed (Redecoopi) e acompanhando processos essenciais de gest\u00e3o, log\u00edstica, fideliza\u00e7\u00e3o dos cooperados e estrutura\u00e7\u00e3o produtiva. Ao todo, 32 organiza\u00e7\u00f5es entre associa\u00e7\u00f5es e cooperativas ser\u00e3o atendidas.<\/p>\n<p>A contrata\u00e7\u00e3o foi anunciada, nessa segunda-feira (1\u00ba), durante o semin\u00e1rio inaugural do Programa Mais Gest\u00e3o, que \u00e9 desenvolvido em parceria com o Instituto Federal do Piau\u00ed (IFPI) e o Minist\u00e9rio do Desenvolvimento Agr\u00e1rio (MDA), e tem como foco aprimorar a gest\u00e3o, fortalecer a comercializa\u00e7\u00e3o e ampliar a capacidade organizativa das cooperativas e associa\u00e7\u00f5es atendidas pelo Redecoopi.<\/p>\n<figure id=\"attachment_102527\" class=\"wp-caption aligncenter\" aria-describedby=\"caption-attachment-102527\"><img loading=\"lazy\" decoding=\"async\" class=\"wp-image-102527 size-full\" src=\"https:\/\/www.pi.gov.br\/wp-content\/uploads\/2025\/12\/WhatsApp-Image-2025-12-01-at-11.16.31.jpeg\" sizes=\"auto, (max-width: 1280px) 100vw, 1280px\" srcset=\"https:\/\/www.pi.gov.br\/wp-content\/uploads\/2025\/12\/WhatsApp-Image-2025-12-01-at-11.16.31.jpeg 1280w, https:\/\/www.pi.gov.br\/wp-content\/uploads\/2025\/12\/WhatsApp-Image-2025-12-01-at-11.16.31-300x171.jpeg 300w, https:\/\/www.pi.gov.br\/wp-content\/uploads\/2025\/12\/WhatsApp-Image-2025-12-01-at-11.16.31-1024x583.jpeg 1024w, https:\/\/www.pi.gov.br\/wp-content\/uploads\/2025\/12\/WhatsApp-Image-2025-12-01-at-11.16.31-768x437.jpeg 768w\" alt=\"\" width=\"1280\" height=\"729\" \/><figcaption id=\"caption-attachment-102527\" class=\"wp-caption-text\">Semin\u00e1rio inaugural do Programa Mais Gest\u00e3o (Foto: Geirlys Silva \/ SAF)<\/figcaption><\/figure>\n<p>A secret\u00e1ria da Agricultura Familiar, Rejane Tavares, destacou que o Mais Gest\u00e3o \u2013 RedeCoopi, representa um avan\u00e7o decisivo para o cooperativismo no Estado. \u201cA ideia \u00e9 contratar t\u00e9cnicos que estar\u00e3o diretamente vinculados a essas cooperativas, executando exatamente a metodologia da RedeCoopi e apoiando todo o processo de gest\u00e3o, de comercializa\u00e7\u00e3o e de fideliza\u00e7\u00e3o dos cooperados\u201d, explicou.<\/p>\n<figure id=\"attachment_102528\" class=\"wp-caption aligncenter\" aria-describedby=\"caption-attachment-102528\"><img loading=\"lazy\" decoding=\"async\" class=\"wp-image-102528 size-full\" src=\"https:\/\/www.pi.gov.br\/wp-content\/uploads\/2025\/12\/WhatsApp-Image-2025-12-01-at-11.12.28.jpeg\" sizes=\"auto, (max-width: 1280px) 100vw, 1280px\" srcset=\"https:\/\/www.pi.gov.br\/wp-content\/uploads\/2025\/12\/WhatsApp-Image-2025-12-01-at-11.12.28.jpeg 1280w, https:\/\/www.pi.gov.br\/wp-content\/uploads\/2025\/12\/WhatsApp-Image-2025-12-01-at-11.12.28-300x200.jpeg 300w, https:\/\/www.pi.gov.br\/wp-content\/uploads\/2025\/12\/WhatsApp-Image-2025-12-01-at-11.12.28-1024x683.jpeg 1024w, https:\/\/www.pi.gov.br\/wp-content\/uploads\/2025\/12\/WhatsApp-Image-2025-12-01-at-11.12.28-768x512.jpeg 768w\" alt=\"\" width=\"1280\" height=\"854\" \/><figcaption id=\"caption-attachment-102528\" class=\"wp-caption-text\">Secret\u00e1ria Rejane Tavares (Foto: Geirlys Silva \/ SAF)<\/figcaption><\/figure>\n<p>Durante o semin\u00e1rio inaugural, realizado em Teresina, o coordenador do projeto RedeCoopi \u2013 Mais Gest\u00e3o no \u00e2mbito do IFPI, Thiago Soares, destacou a import\u00e2ncia da prepara\u00e7\u00e3o dos profissionais envolvidos. \u201cO objetivo \u00e9 iniciar o semin\u00e1rio inaugural com a capacita\u00e7\u00e3o e prepara\u00e7\u00e3o dos t\u00e9cnicos para que eles possam iniciar o trabalho junto \u00e0s organiza\u00e7\u00f5es que ser\u00e3o atendidas, que s\u00e3o 32 ao todo, entre associa\u00e7\u00f5es e cooperativas. Esse \u00e9 o grande objetivo: garantir que eles estejam preparados para atuar diretamente junto \u00e0s organiza\u00e7\u00f5es da agricultura familiar aqui do Piau\u00ed\u201d, destacou.<\/p>\n<figure id=\"attachment_102530\" class=\"wp-caption aligncenter\" aria-describedby=\"caption-attachment-102530\"><img loading=\"lazy\" decoding=\"async\" class=\"wp-image-102530 size-full\" src=\"https:\/\/www.pi.gov.br\/wp-content\/uploads\/2025\/12\/WhatsApp-Image-2025-12-01-at-11.12.28-1.jpeg\" sizes=\"auto, (max-width: 1280px) 100vw, 1280px\" srcset=\"https:\/\/www.pi.gov.br\/wp-content\/uploads\/2025\/12\/WhatsApp-Image-2025-12-01-at-11.12.28-1.jpeg 1280w, https:\/\/www.pi.gov.br\/wp-content\/uploads\/2025\/12\/WhatsApp-Image-2025-12-01-at-11.12.28-1-300x200.jpeg 300w, https:\/\/www.pi.gov.br\/wp-content\/uploads\/2025\/12\/WhatsApp-Image-2025-12-01-at-11.12.28-1-1024x683.jpeg 1024w, https:\/\/www.pi.gov.br\/wp-content\/uploads\/2025\/12\/WhatsApp-Image-2025-12-01-at-11.12.28-1-768x512.jpeg 768w\" alt=\"\" width=\"1280\" height=\"854\" \/><figcaption id=\"caption-attachment-102530\" class=\"wp-caption-text\">Foto: Geirlys Silva \/ SAF<\/figcaption><\/figure>\n<p>A Uni\u00e3o Nacional das Cooperativas da Agricultura Familiar e Economia Solid\u00e1ria (Unicafes Piau\u00ed) tamb\u00e9m esteve presente. A presidente da entidade, Emanuela Pereira, do munic\u00edpio de Piripiri, refor\u00e7ou que a iniciativa chega em um momento importante para as cooperativas do estado. \u201cHoje estou aqui representando a nossa cooperativa da agricultura familiar, que \u00e9 contemplada pelo programa de gest\u00e3o do Estado. E tamb\u00e9m estou presidente da Unicafes Piau\u00ed, formalizada este ano. Estamos aqui para participar, pleitear e contribuir\u201d, disse.<\/p>\n<p>Entre os profissionais selecionados para atuar diretamente nas organiza\u00e7\u00f5es est\u00e1 Neuriv\u00e2nia Santos Oliveira, graduada em Administra\u00e7\u00e3o e mestre em Comunica\u00e7\u00e3o pela UFPI. Ela compartilhou sua expectativa para o trabalho no campo. \u201cAcredito que o projeto tem muito a agregar no sentido de expans\u00e3o, de comprometimento e de fortalecimento da gest\u00e3o. Minha expectativa \u00e9 dar o meu melhor e apoiar essas fam\u00edlias para que elas tenham melhores condi\u00e7\u00f5es de desenvolvimento\u201d, destacou.<\/p>\n<p>&nbsp;<\/p>\n<p>Fonte: Portal pi.Gov<br \/>\nConfira esta e outras mat\u00e9rias na \u00edntegra pelo link: https:\/\/www.pi.gov.br\/saf-inicia-capacitacao-de-tecnicos-que-vao-atuar-em-cooperativas-da-agricultura-familiar-do-piaui\/<\/p>\n","protected":false},"excerpt":{"rendered":"<p>Bolsistas do programa Mais Gest\u00e3o, realizado em parceria com o IFPI e MDA, v\u00e3o atuar para fortalecer gest\u00e3o de cooperativas. &nbsp; A Secretaria da Agricultura Familiar (SAF) realizou a contrata\u00e7\u00e3o de t\u00e9cnicos que atuar\u00e3o diretamente dentro de cooperativas, aplicando a metodologia do\u00a0Programa de Fortalecimento das Cooperativas da Agricultura Familiar do Piau\u00ed (Redecoopi) e acompanhando processos [&hellip;]<\/p>\n","protected":false},"author":3,"featured_media":13727,"comment_status":"open","ping_status":"open","sticky":false,"template":"","format":"standard","meta":{"om_disable_all_campaigns":false,"_monsterinsights_skip_tracking":false,"_monsterinsights_sitenote_active":false,"_monsterinsights_sitenote_note":"","_monsterinsights_sitenote_category":0,"footnotes":""},"categories":[33],"tags":[],"class_list":["post-13726","post","type-post","status-publish","format-standard","has-post-thumbnail","hentry","category-piaui"],"jetpack_featured_media_url":"https:\/\/fatoelado.com\/wp-content\/uploads\/2025\/12\/WhatsApp-Image-2025-12-01-at-11.16.31.jpeg","_links":{"self":[{"href":"https:\/\/fatoelado.com\/index.php?rest_route=\/wp\/v2\/posts\/13726","targetHints":{"allow":["GET"]}}],"collection":[{"href":"https:\/\/fatoelado.com\/index.php?rest_route=\/wp\/v2\/posts"}],"about":[{"href":"https:\/\/fatoelado.com\/index.php?rest_route=\/wp\/v2\/types\/post"}],"author":[{"embeddable":true,"href":"https:\/\/fatoelado.com\/index.php?rest_route=\/wp\/v2\/users\/3"}],"replies":[{"embeddable":true,"href":"https:\/\/fatoelado.com\/index.php?rest_route=%2Fwp%2Fv2%2Fcomments&post=13726"}],"version-history":[{"count":1,"href":"https:\/\/fatoelado.com\/index.php?rest_route=\/wp\/v2\/posts\/13726\/revisions"}],"predecessor-version":[{"id":13728,"href":"https:\/\/fatoelado.com\/index.php?rest_route=\/wp\/v2\/posts\/13726\/revisions\/13728"}],"wp:featuredmedia":[{"embeddable":true,"href":"https:\/\/fatoelado.com\/index.php?rest_route=\/wp\/v2\/media\/13727"}],"wp:attachment":[{"href":"https:\/\/fatoelado.com\/index.php?rest_route=%2Fwp%2Fv2%2Fmedia&parent=13726"}],"wp:term":[{"taxonomy":"category","embeddable":true,"href":"https:\/\/fatoelado.com\/index.php?rest_route=%2Fwp%2Fv2%2Fcategories&post=13726"},{"taxonomy":"post_tag","embeddable":true,"href":"https:\/\/fatoelado.com\/index.php?rest_route=%2Fwp%2Fv2%2Ftags&post=13726"}],"curies":[{"name":"wp","href":"https:\/\/api.w.org\/{rel}","templated":true}]}}