{"id":13723,"date":"2025-12-02T10:45:37","date_gmt":"2025-12-02T13:45:37","guid":{"rendered":"https:\/\/fatoelado.com\/?p=13723"},"modified":"2025-12-02T10:45:37","modified_gmt":"2025-12-02T13:45:37","slug":"congresso-cientifico-do-interpi-consolida-referencia-nacional-do-piaui-em-regularizacao-fundiaria-e-desenvolvimento-territorial","status":"publish","type":"post","link":"https:\/\/fatoelado.com\/?p=13723","title":{"rendered":"Congresso Cient\u00edfico do Interpi consolida refer\u00eancia nacional do Piau\u00ed em regulariza\u00e7\u00e3o fundi\u00e1ria e desenvolvimento territorial"},"content":{"rendered":"<h2 class=\"elementor-heading-title elementor-size-default\" style=\"text-align: center;\">Evento in\u00e9dito no estado que marca um novo cap\u00edtulo na rela\u00e7\u00e3o entre pesquisa acad\u00eamica, produ\u00e7\u00e3o cient\u00edfica e pol\u00edticas p\u00fablicas de regulariza\u00e7\u00e3o fundi\u00e1ria<\/h2>\n<p>&nbsp;<\/p>\n<p>O Instituto de Terras do Piau\u00ed (Interpi) realiza nesta ter\u00e7a e quarta-feira, 2 e 3 de dezembro, o I Congresso Cient\u00edfico do Interpi (Cinterpi), um evento in\u00e9dito no estado que marca um novo cap\u00edtulo na rela\u00e7\u00e3o entre pesquisa acad\u00eamica, produ\u00e7\u00e3o cient\u00edfica e pol\u00edticas p\u00fablicas de regulariza\u00e7\u00e3o fundi\u00e1ria. Com o tema \u201cAvan\u00e7os e Desafios da Regulariza\u00e7\u00e3o Fundi\u00e1ria\u201d, o congresso inaugura um espa\u00e7o permanente de reflex\u00e3o, troca de conhecimento e fortalecimento das pr\u00e1ticas que sustentam o desenvolvimento territorial do Piau\u00ed. A programa\u00e7\u00e3o acontece no audit\u00f3rio do Centro de Tecnologia da Universidade Federal do Piau\u00ed (UFPI), em Teresina.<\/p>\n<p>A iniciativa pioneira do Governo do Estado, conta tamb\u00e9m com o apoio da Funda\u00e7\u00e3o de Amparo \u00e0 Pesquisa do Estado do Piau\u00ed\u00a0(Fapepi) e da Funda\u00e7\u00e3o Cultural e de Fomento \u00e0 Pesquisa, Ensino, Extens\u00e3o e Inova\u00e7\u00e3o (Fadex), e patroc\u00ednio do Banco Interamericano de Desenvolvimento (BID) e do Fundo Internacional de Desenvolvimento Agr\u00edcola (FIDA), reunindo pesquisadores, estudantes, gestores e profissionais da \u00e1rea em um ambiente h\u00edbrido, com participa\u00e7\u00e3o presencial e acesso remoto para todo o pa\u00eds.<\/p>\n<p>De acordo o Interpi, a realiza\u00e7\u00e3o do evento evidencia o n\u00edvel de maturidade institucional do \u00f3rg\u00e3o, que nos \u00faltimos anos deixou de ser apenas executor de a\u00e7\u00f5es administrativas para se tornar objeto de estudo em diversas universidades brasileiras, devido aos avan\u00e7os t\u00e9cnicos, metodol\u00f3gicos e tecnol\u00f3gicos aplicados \u00e0 pol\u00edtica fundi\u00e1ria do Piau\u00ed.<img loading=\"lazy\" decoding=\"async\" class=\"aligncenter wp-image-102494 size-full\" src=\"https:\/\/www.pi.gov.br\/wp-content\/uploads\/2025\/12\/WhatsApp-Image-2025-11-28-at-18.58.45.jpeg\" sizes=\"auto, (max-width: 720px) 100vw, 720px\" srcset=\"https:\/\/www.pi.gov.br\/wp-content\/uploads\/2025\/12\/WhatsApp-Image-2025-11-28-at-18.58.45.jpeg 720w, https:\/\/www.pi.gov.br\/wp-content\/uploads\/2025\/12\/WhatsApp-Image-2025-11-28-at-18.58.45-300x117.jpeg 300w\" alt=\"\" width=\"720\" height=\"280\" \/><\/p>\n<p>&nbsp;<\/p>\n<p>A comiss\u00e3o cient\u00edfica, coordenada pelo diretor de Sistemas e Intelig\u00eancia Geoespacial do Interpi, Rhubens Ribeiro, recebeu 60 trabalhos submetidos, dos quais 54 foram aprovados e 6 ser\u00e3o premiados como destaques. Toda a produ\u00e7\u00e3o ser\u00e1 publicada nos anais do congresso e em um livro cient\u00edfico, consolidando o evento como referencial documental e acad\u00eamico sobre regulariza\u00e7\u00e3o fundi\u00e1ria no Brasil.<\/p>\n<p>Para Rhubens Ribeiro, o impacto do congresso \u00e9 estrutural: \u201cO volume e a qualidade dos trabalhos recebidos mostram que o Interpi entrou definitivamente na agenda acad\u00eamica do pa\u00eds. Este congresso n\u00e3o \u00e9 apenas um encontro, \u00e9 a abertura de um ciclo de produ\u00e7\u00e3o cient\u00edfica que influenciar\u00e1 pesquisas em geotecnologias, gest\u00e3o territorial, povos e comunidades tradicionais, meio ambiente e pol\u00edticas p\u00fablicas de regulariza\u00e7\u00e3o fundi\u00e1ria nos pr\u00f3ximos anos\u201d, destaca o coordenador.<\/p>\n<p>O diretor-geral do Interpi, Rodrigo Cavalcante, refor\u00e7a que o evento atende a uma demanda hist\u00f3rica por um espa\u00e7o cient\u00edfico institucionalizado. \u201cO Cinterpi representa um marco para a pesquisa e o desenvolvimento da regulariza\u00e7\u00e3o fundi\u00e1ria no estado. \u00c9 uma oportunidade \u00fanica para que pesquisadores e estudantes compartilhem conhecimento, discutam desafios e avancem na produ\u00e7\u00e3o cient\u00edfica que impacta diretamente a vida das pessoas e a gest\u00e3o territorial do Piau\u00ed. Estamos institucionalizando a ci\u00eancia como ferramenta de transforma\u00e7\u00e3o e aprimoramento da pol\u00edtica fundi\u00e1ria\u201d, argumenta o diretor.<\/p>\n<p>O congresso conta tamb\u00e9m com uma exposi\u00e7\u00e3o comemorativa pelos 45 anos do Interpi, reunindo documentos, mapas, fotografias e marcos institucionais que narram a trajet\u00f3ria do \u00f3rg\u00e3o e seu papel no ordenamento territorial do estado.<\/p>\n<hr data-start=\"3275\" data-end=\"3278\" \/>\n<h3 data-start=\"3280\" data-end=\"3299\"><strong data-start=\"3284\" data-end=\"3299\">Programa\u00e7\u00e3o<\/strong><\/h3>\n<p data-start=\"3301\" data-end=\"3645\"><strong data-start=\"3301\" data-end=\"3325\">2 de dezembro \u2013 ter\u00e7a-feira<\/strong><br data-start=\"3325\" data-end=\"3328\" \/>\u2022 15h \u2013\u00a0<em data-start=\"3336\" data-end=\"3352\">Palestra Magna<\/em>: \u201cRegulariza\u00e7\u00e3o Fundi\u00e1ria como Alicerce ao Desenvolvimento Sustent\u00e1vel\u201d, com o Prof. Dr. Fonseca Neto<br data-start=\"3454\" data-end=\"3457\" \/>\u2022 17h \u2013\u00a0<em data-start=\"3465\" data-end=\"3475\">Painel 1<\/em>: Perspectivas Jur\u00eddicas para a Regulariza\u00e7\u00e3o Fundi\u00e1ria no Piau\u00ed<br data-start=\"3539\" data-end=\"3542\" \/>\u2022 18h30 \u2013\u00a0<em data-start=\"3552\" data-end=\"3562\">Painel 2<\/em>: Desenvolvimento Social, Agricultura Familiar e Povos e Comunidades Tradicionais<\/p>\n<p data-start=\"3647\" data-end=\"4071\"><strong data-start=\"3647\" data-end=\"3673\">3 de dezembro \u2013 quarta-feira<\/strong><br data-start=\"3673\" data-end=\"3676\" \/>\u2022 14h \u2013\u00a0<em data-start=\"3684\" data-end=\"3694\">Painel 3<\/em>: Impactos do Financiamento a Projetos de Regulariza\u00e7\u00e3o Fundi\u00e1ria e aspectos ambientais e sociais nas regi\u00f5es do semi\u00e1rido, meio-norte e cerrado<br data-start=\"3838\" data-end=\"3841\" \/>\u2022 15h30 \u2013\u00a0<em data-start=\"3851\" data-end=\"3861\">Painel 4<\/em>: Economia, Meio Ambiente e o Setor Produtivo no Piau\u00ed<br data-start=\"3915\" data-end=\"3918\" \/>\u2022 17h30 \u2013\u00a0<em data-start=\"3928\" data-end=\"3938\">Painel 5<\/em>: Efici\u00eancia, Tecnologias, Gest\u00e3o e Engenharias na Regulariza\u00e7\u00e3o Fundi\u00e1ria<br data-start=\"4012\" data-end=\"4015\" \/>\u2022 Encerramento \u2013 Premia\u00e7\u00e3o dos 6 trabalhos de destaque<\/p>\n<p data-start=\"3647\" data-end=\"4071\">\n<p data-start=\"3647\" data-end=\"4071\">Fonte: Portal pi.Gov<br \/>\nConfira esta e outras mat\u00e9rias na \u00edntegra pelo link: https:\/\/www.pi.gov.br\/congresso-cientifico-do-interpi-consolida-referencia-nacional-do-piaui-em-regularizacao-fundiaria-e-desenvolvimento-territorial\/<\/p>\n","protected":false},"excerpt":{"rendered":"<p>Evento in\u00e9dito no estado que marca um novo cap\u00edtulo na rela\u00e7\u00e3o entre pesquisa acad\u00eamica, produ\u00e7\u00e3o cient\u00edfica e pol\u00edticas p\u00fablicas de regulariza\u00e7\u00e3o fundi\u00e1ria &nbsp; O Instituto de Terras do Piau\u00ed (Interpi) realiza nesta ter\u00e7a e quarta-feira, 2 e 3 de dezembro, o I Congresso Cient\u00edfico do Interpi (Cinterpi), um evento in\u00e9dito no estado que marca um [&hellip;]<\/p>\n","protected":false},"author":3,"featured_media":13724,"comment_status":"open","ping_status":"open","sticky":false,"template":"","format":"standard","meta":{"om_disable_all_campaigns":false,"_monsterinsights_skip_tracking":false,"_monsterinsights_sitenote_active":false,"_monsterinsights_sitenote_note":"","_monsterinsights_sitenote_category":0,"footnotes":""},"categories":[33],"tags":[],"class_list":["post-13723","post","type-post","status-publish","format-standard","has-post-thumbnail","hentry","category-piaui"],"jetpack_featured_media_url":"https:\/\/fatoelado.com\/wp-content\/uploads\/2025\/12\/WhatsApp-Image-2025-11-28-at-18.58.45.jpeg","_links":{"self":[{"href":"https:\/\/fatoelado.com\/index.php?rest_route=\/wp\/v2\/posts\/13723","targetHints":{"allow":["GET"]}}],"collection":[{"href":"https:\/\/fatoelado.com\/index.php?rest_route=\/wp\/v2\/posts"}],"about":[{"href":"https:\/\/fatoelado.com\/index.php?rest_route=\/wp\/v2\/types\/post"}],"author":[{"embeddable":true,"href":"https:\/\/fatoelado.com\/index.php?rest_route=\/wp\/v2\/users\/3"}],"replies":[{"embeddable":true,"href":"https:\/\/fatoelado.com\/index.php?rest_route=%2Fwp%2Fv2%2Fcomments&post=13723"}],"version-history":[{"count":1,"href":"https:\/\/fatoelado.com\/index.php?rest_route=\/wp\/v2\/posts\/13723\/revisions"}],"predecessor-version":[{"id":13725,"href":"https:\/\/fatoelado.com\/index.php?rest_route=\/wp\/v2\/posts\/13723\/revisions\/13725"}],"wp:featuredmedia":[{"embeddable":true,"href":"https:\/\/fatoelado.com\/index.php?rest_route=\/wp\/v2\/media\/13724"}],"wp:attachment":[{"href":"https:\/\/fatoelado.com\/index.php?rest_route=%2Fwp%2Fv2%2Fmedia&parent=13723"}],"wp:term":[{"taxonomy":"category","embeddable":true,"href":"https:\/\/fatoelado.com\/index.php?rest_route=%2Fwp%2Fv2%2Fcategories&post=13723"},{"taxonomy":"post_tag","embeddable":true,"href":"https:\/\/fatoelado.com\/index.php?rest_route=%2Fwp%2Fv2%2Ftags&post=13723"}],"curies":[{"name":"wp","href":"https:\/\/api.w.org\/{rel}","templated":true}]}}