{"id":13720,"date":"2025-12-02T10:43:20","date_gmt":"2025-12-02T13:43:20","guid":{"rendered":"https:\/\/fatoelado.com\/?p=13720"},"modified":"2025-12-02T10:43:20","modified_gmt":"2025-12-02T13:43:20","slug":"o-que-acontece-no-corpo-quando-voce-corta-o-acucar-e-por-que-carboidratos-sao-aliados-nao-viloes","status":"publish","type":"post","link":"https:\/\/fatoelado.com\/?p=13720","title":{"rendered":"O que acontece no corpo quando voc\u00ea corta o a\u00e7\u00facar \u2014 e por que carboidratos s\u00e3o aliados, n\u00e3o vil\u00f5es"},"content":{"rendered":"<h2 class=\"content-head__subtitle\" style=\"text-align: center;\">Redu\u00e7\u00e3o de gordura, melhora do humor e do sono aparecem r\u00e1pido \u2014 mas especialistas alertam: eliminar carboidratos \u00e9 perigoso e n\u00e3o h\u00e1 vida sem glicose.<\/h2>\n<p>&nbsp;<\/p>\n<div id=\"chunk-fauk9\">\n<div class=\"mc-column content-text active-extra-styles \" data-block-type=\"unstyled\" data-block-weight=\"32\" data-block-id=\"2\">\n<p class=\" content-text__container \" data-track-category=\"Link no Texto\" data-track-links=\"\" data-mrf-recirculation=\"Mat\u00e9ria - Links no Texto\">Eliminar o a\u00e7\u00facar adicionado \u2014 aquele presente em\u00a0<strong>doces, refrigerantes, sucos industrializados, ultraprocessados e ado\u00e7antes naturais como mel e xarope\u00a0<\/strong>\u2014 provoca\u00a0<span class=\"highlight highlighted\">uma s\u00e9rie de mudan\u00e7as r\u00e1pidas e mensur\u00e1veis no organismo.<\/span><\/p>\n<\/div>\n<\/div>\n<div class=\"wall protected-content\">\n<div id=\"chunk-2lcvc\">\n<div class=\"mc-column content-text active-extra-styles \" data-block-type=\"unstyled\" data-block-weight=\"44\" data-block-id=\"4\">\n<p class=\" content-text__container \" data-track-category=\"Link no Texto\" data-track-links=\"\" data-mrf-recirculation=\"Mat\u00e9ria - Links no Texto\">Do peso ao humor, passando pela inflama\u00e7\u00e3o e pelo risco de doen\u00e7as cr\u00f4nicas, os benef\u00edcios s\u00e3o amplos. Mas h\u00e1 um ponto essencial: a<strong> glicose \u00e9 indispens\u00e1vel para a vida, e o corpo continua precisando de carboidratos, mesmo quando o a\u00e7\u00facar artificial sai de cena.<\/strong><\/p>\n<\/div>\n<\/div>\n<div id=\"chunk-17si7\">\n<div class=\"mc-column content-text active-extra-styles\" data-block-type=\"raw\" data-block-weight=\"37\" data-block-id=\"5\">\n<blockquote class=\"content-blockquote theme-border-color-primary-before\"><p>\u201cAo parar de consumir a\u00e7\u00facar artificial, a massa gordurosa \u00e9 reduzida. A inflama\u00e7\u00e3o tamb\u00e9m cai, e a digest\u00e3o melhora\u201d, explica o m\u00e9dico gastroenterologista e especialista em Terapia Nutricional Juliano Antunes Machado, da Rede Mater Dei de Sa\u00fade.<\/p><\/blockquote>\n<p>&nbsp;<\/p>\n<\/div>\n<\/div>\n<div id=\"chunk-879rp\">\n<div class=\"mc-column content-text active-extra-styles\" data-block-type=\"raw\" data-block-weight=\"7\" data-block-id=\"7\">\n<div class=\"content-intertitle\">\n<h2>As mudan\u00e7as dentro e fora do corpo<\/h2>\n<\/div>\n<\/div>\n<\/div>\n<div id=\"chunk-5l7qp\">\n<div class=\"mc-column content-text active-extra-styles \" data-block-type=\"unstyled\" data-block-weight=\"40\" data-block-id=\"8\">\n<p class=\" content-text__container \" data-track-category=\"Link no Texto\" data-track-links=\"\" data-mrf-recirculation=\"Mat\u00e9ria - Links no Texto\"><strong>Redu\u00e7\u00e3o da gordura corporal e visceral<\/strong>. O a\u00e7\u00facar adicionado \u00e9 rapidamente absorvido e tende a ser estocado como gordura. Cort\u00e1-lo reduz o ac\u00famulo, especialmente na regi\u00e3o visceral \u2014 aquela gordura que envolve \u00f3rg\u00e3os e aumenta o risco de doen\u00e7as metab\u00f3licas.<\/p>\n<\/div>\n<\/div>\n<div id=\"chunk-2g3e9\">\n<div class=\"mc-column content-text active-extra-styles \" data-block-type=\"unstyled\" data-block-weight=\"42\" data-block-id=\"9\">\n<p class=\" content-text__container \" data-track-category=\"Link no Texto\" data-track-links=\"\" data-mrf-recirculation=\"Mat\u00e9ria - Links no Texto\"><strong>Mais disposi\u00e7\u00e3o (depois de alguns dias)<\/strong>. Os primeiros dias podem trazer cansa\u00e7o, irritabilidade e \u201cfome de doce\u201d. O c\u00e9rebro sente a queda na dopamina, liberada quando ingerimos a\u00e7\u00facar. Com a adapta\u00e7\u00e3o, a energia sobe \u2014 desde que outros carboidratos n\u00e3o sejam cortados.<\/p>\n<\/div>\n<\/div>\n<div id=\"chunk-16hsr\">\n<div class=\"mc-column content-text active-extra-styles \" data-block-type=\"unstyled\" data-block-weight=\"30\" data-block-id=\"10\">\n<p class=\" content-text__container \" data-track-category=\"Link no Texto\" data-track-links=\"\" data-mrf-recirculation=\"Mat\u00e9ria - Links no Texto\"><strong>Melhora do humor<\/strong>. Ap\u00f3s o per\u00edodo inicial de abstin\u00eancia, o humor tende a estabilizar. \u201cO a\u00e7\u00facar ativa nosso circuito de recompensa. Quando retiramos, o c\u00e9rebro precisa se ajustar\u201d, explica Machado.<\/p>\n<\/div>\n<\/div>\n<div id=\"chunk-eblfp\">\n<div class=\"mc-column content-text active-extra-styles \" data-block-type=\"unstyled\" data-block-weight=\"25\" data-block-id=\"11\">\n<p class=\" content-text__container \" data-track-category=\"Link no Texto\" data-track-links=\"\" data-mrf-recirculation=\"Mat\u00e9ria - Links no Texto\"><strong>Menos inflama\u00e7\u00e3o<\/strong>. Dietas ricas em a\u00e7\u00facar est\u00e3o associadas a inflama\u00e7\u00e3o cr\u00f4nica. Reduzir o consumo ajuda no controle de processos inflamat\u00f3rios e melhora a sa\u00fade metab\u00f3lica.<\/p>\n<\/div>\n<\/div>\n<div id=\"chunk-8otd8\">\n<div class=\"mc-column content-text active-extra-styles \" data-block-type=\"unstyled\" data-block-weight=\"32\" data-block-id=\"12\">\n<p class=\" content-text__container \" data-track-category=\"Link no Texto\" data-track-links=\"\" data-mrf-recirculation=\"Mat\u00e9ria - Links no Texto\"><strong>Sensibilidade \u00e0 insulina melhora<\/strong>. Isso diminui o risco de diabetes tipo 2, obesidade, doen\u00e7a hep\u00e1tica gordurosa e problemas cardiovasculares. Em pessoas que j\u00e1 t\u00eam diabetes, cortar a\u00e7\u00facar facilita o controle da glicemia.<\/p>\n<\/div>\n<\/div>\n<div id=\"chunk-8idd0\">\n<div class=\"mc-column content-text active-extra-styles \" data-block-type=\"unstyled\" data-block-weight=\"25\" data-block-id=\"13\">\n<p class=\" content-text__container \" data-track-category=\"Link no Texto\" data-track-links=\"\" data-mrf-recirculation=\"Mat\u00e9ria - Links no Texto\"><strong>Sono mais regular<\/strong>. Oscila\u00e7\u00f5es bruscas de glicose relacionadas ao a\u00e7\u00facar afetam o ciclo do sono. A retirada melhora a estabilidade energ\u00e9tica ao longo do dia.<\/p>\n<\/div>\n<\/div>\n<div id=\"chunk-9d307\">\n<div class=\"content-ads\" data-block-type=\"ads\" data-block-id=\"14\"><\/div>\n<\/div>\n<div id=\"chunk-1rtoe\">\n<div class=\"row medium-uncollapsed content-media content-photo\" data-block-type=\"backstage-photo\" data-block-id=\"15\">\n<div class=\" mc-column  content-media__container\">\n<div class=\"content-media-container glb-skeleton-box\">\n<figure class=\"content-media-figure\"><img decoding=\"async\" class=\"i-amphtml-fill-content i-amphtml-replaced-content\" src=\"https:\/\/s2-g1.glbimg.com\/GStiRrEbqLFogMQYVYhFYejzPBc=\/0x0:2000x1333\/984x0\/smart\/filters:strip_icc()\/i.s3.glbimg.com\/v1\/AUTH_59edd422c0c84a879bd37670ae4f538a\/internal_photos\/bs\/2025\/6\/t\/NgnhrBQTCjxfsoKdrDXw\/124361.jpg\" sizes=\"(max-width: 1266px) 648px, 100vw\" srcset=\"https:\/\/s2-g1.glbimg.com\/-v6OGlGeSwD-aF_NUaKsMGuKWGc=\/0x0:2000x1333\/1000x0\/smart\/filters:strip_icc()\/i.s3.glbimg.com\/v1\/AUTH_59edd422c0c84a879bd37670ae4f538a\/internal_photos\/bs\/2025\/6\/t\/NgnhrBQTCjxfsoKdrDXw\/124361.jpg 1000w, https:\/\/s2-g1.glbimg.com\/GStiRrEbqLFogMQYVYhFYejzPBc=\/0x0:2000x1333\/984x0\/smart\/filters:strip_icc()\/i.s3.glbimg.com\/v1\/AUTH_59edd422c0c84a879bd37670ae4f538a\/internal_photos\/bs\/2025\/6\/t\/NgnhrBQTCjxfsoKdrDXw\/124361.jpg 984w, https:\/\/s2-g1.glbimg.com\/7WTt1ilSwSxYvTZG5VKPPxs16Cw=\/0x0:2000x1333\/640x0\/smart\/filters:strip_icc()\/i.s3.glbimg.com\/v1\/AUTH_59edd422c0c84a879bd37670ae4f538a\/internal_photos\/bs\/2025\/6\/t\/NgnhrBQTCjxfsoKdrDXw\/124361.jpg 640w, https:\/\/s2-g1.glbimg.com\/S7ONw9E-Lx0XmVUJNdbSCTEZJL0=\/0x0:2000x1333\/600x0\/smart\/filters:strip_icc()\/i.s3.glbimg.com\/v1\/AUTH_59edd422c0c84a879bd37670ae4f538a\/internal_photos\/bs\/2025\/6\/t\/NgnhrBQTCjxfsoKdrDXw\/124361.jpg 600w\" alt=\"Uma alimenta\u00e7\u00e3o saud\u00e1vel \u00e9 essencial para prevenir les\u00f5es. \u2014 Foto: Freepik\" \/>Uma alimenta\u00e7\u00e3o saud\u00e1vel \u00e9 essencial para prevenir les\u00f5es. \u2014 Foto: Freepik<\/figure>\n<\/div>\n<\/div>\n<\/div>\n<\/div>\n<div id=\"chunk-6h68t\">\n<div class=\"mc-column content-text active-extra-styles\" data-block-type=\"raw\" data-block-weight=\"11\" data-block-id=\"16\">\n<p class=\"content-text__container\" data-mrf-recirculation=\"Mat\u00e9ria - Links no Texto\">\n<div class=\"content-intertitle\">\n<h2>Carboidrato n\u00e3o \u00e9 vil\u00e3o: eliminar totalmente n\u00e3o funciona e traz riscos<\/h2>\n<\/div>\n<\/div>\n<\/div>\n<div id=\"chunk-furc9\">\n<div class=\"mc-column content-text active-extra-styles \" data-block-type=\"unstyled\" data-block-weight=\"15\" data-block-id=\"17\">\n<p class=\" content-text__container \" data-track-category=\"Link no Texto\" data-track-links=\"\" data-mrf-recirculation=\"Mat\u00e9ria - Links no Texto\">A confus\u00e3o comum \u00e9 achar que\u00a0<strong>\u201ccortar a\u00e7\u00facar\u201d \u00e9 igual a \u201ccortar carboidrato\u201d<\/strong>. N\u00e3o \u00e9.<\/p>\n<\/div>\n<\/div>\n<div id=\"chunk-554dt\">\n<div class=\"mc-column content-text active-extra-styles \" data-block-type=\"unstyled\" data-block-weight=\"23\" data-block-id=\"18\">\n<p class=\" content-text__container \" data-track-category=\"Link no Texto\" data-track-links=\"\" data-mrf-recirculation=\"Mat\u00e9ria - Links no Texto\"><span class=\"highlight highlighted\">Carboidratos s\u00e3o a principal fonte de energia do corpo e est\u00e3o em praticamente tudo \u2014 de frutas a tub\u00e9rculos, de arroz a legumes<\/span>.<\/p>\n<\/div>\n<\/div>\n<div id=\"chunk-d09qi\">\n<div class=\"mc-column content-text active-extra-styles\" data-block-type=\"raw\" data-block-weight=\"28\" data-block-id=\"19\">\n<blockquote class=\"content-blockquote theme-border-color-primary-before\"><p>\u201cO sistema nervoso central usa quase exclusivamente glicose como fonte de energia\u201d, explica o endocrinologista Bruno Geloneze, pesquisador em obesidade e diabetes na Universidade Estadual de Campinas (Unicamp).<\/p><\/blockquote>\n<\/div>\n<\/div>\n<div id=\"chunk-7suuh\">\n<div class=\"mc-column content-text active-extra-styles \" data-block-type=\"unstyled\" data-block-weight=\"25\" data-block-id=\"20\">\n<p class=\" content-text__container \" data-track-category=\"Link no Texto\" data-track-links=\"\" data-mrf-recirculation=\"Mat\u00e9ria - Links no Texto\">Segundo ele, excluir carboidratos n\u00e3o tem respaldo cient\u00edfico como estrat\u00e9gia de emagrecimento sustent\u00e1vel. Nutr\u00f3logo e professor da Associa\u00e7\u00e3o Brasileira de Nutrologia (Abran), Fabiano Robert concorda:<\/p>\n<\/div>\n<\/div>\n<div id=\"chunk-e6o1a\">\n<div class=\"mc-column content-text active-extra-styles \" data-block-type=\"unstyled\" data-block-weight=\"19\" data-block-id=\"22\">\n<blockquote>\n<p class=\" content-text__container \" data-track-category=\"Link no Texto\" data-track-links=\"\" data-mrf-recirculation=\"Mat\u00e9ria - Links no Texto\">\u201cEliminar carboidratos n\u00e3o encontra base na literatura atual, tanto pelos riscos em longo prazo quanto pela baixa ades\u00e3o\u201d, afirma.<\/p>\n<\/blockquote>\n<\/div>\n<\/div>\n<div id=\"chunk-58fgu\">\n<div class=\"mc-column content-text active-extra-styles\" data-block-type=\"raw\" data-block-weight=\"9\" data-block-id=\"23\">\n<p class=\"content-text__container\" data-mrf-recirculation=\"Mat\u00e9ria - Links no Texto\">\n<div class=\"content-intertitle\">\n<h2>De onde vem a glicose da qual realmente precisamos<\/h2>\n<\/div>\n<\/div>\n<\/div>\n<div id=\"chunk-6h5oo\">\n<div class=\"mc-column content-text active-extra-styles \" data-block-type=\"unstyled\" data-block-weight=\"11\" data-block-id=\"24\">\n<p class=\" content-text__container \" data-track-category=\"Link no Texto\" data-track-links=\"\" data-mrf-recirculation=\"Mat\u00e9ria - Links no Texto\">Mesmo sem a\u00e7\u00facar adicionado,\u00a0<strong>o corpo obt\u00e9m glicose a partir de<\/strong>:<\/p>\n<\/div>\n<\/div>\n<div id=\"chunk-dcb1v\">\n<div class=\"mc-column content-text active-extra-styles\" data-block-type=\"raw\" data-block-weight=\"36\" data-block-id=\"25\">\n<ul class=\"content-unordered-list\" data-mrf-recirculation=\"Mat\u00e9ria - Leia Tamb\u00e9m (Lista)\">\n<li><strong>Carboidratos complexos<\/strong>: arroz integral, feij\u00e3o, lentilha, gr\u00e3o-de-bico, batata, mandioca, milho.<\/li>\n<li><strong>Lactose (a\u00e7\u00facar do leite)<\/strong>: essencial principalmente para a sa\u00fade \u00f3ssea.<\/li>\n<li><strong>Vegetais<\/strong>: fornecem pequenas quantidades de glicose e muitos micronutrientes.<\/li>\n<li><strong>Frutas<\/strong>: oferecem frutose, fibras, vitaminas e antioxidantes.<\/li>\n<\/ul>\n<\/div>\n<\/div>\n<div id=\"chunk-f1gel\">\n<div class=\"mc-column content-text active-extra-styles \" data-block-type=\"unstyled\" data-block-weight=\"26\" data-block-id=\"26\">\n<p class=\" content-text__container \" data-track-category=\"Link no Texto\" data-track-links=\"\" data-mrf-recirculation=\"Mat\u00e9ria - Links no Texto\"><span class=\"highlight highlighted\">Cerca de 50% das calorias di\u00e1rias devem vir dos carboidratos<\/span>\u00a0\u2014 preferencialmente os complexos.\u00a0<strong>O restante se divide em 30% de gorduras e 20% de prote\u00ednas.<\/strong><\/p>\n<\/div>\n<\/div>\n<div id=\"chunk-2l84e\">\n<div class=\"row medium-uncollapsed content-media content-photo\" data-block-type=\"backstage-photo\" data-block-id=\"27\">\n<div class=\" mc-column  content-media__container\">\n<div class=\"content-media-container glb-skeleton-box\">\n<figure class=\"content-media-figure\"><img decoding=\"async\" class=\"i-amphtml-fill-content i-amphtml-replaced-content\" src=\"https:\/\/s2-g1.glbimg.com\/oa66zaVk3clernVocRATJvn_jHs=\/0x0:2000x1333\/984x0\/smart\/filters:strip_icc()\/i.s3.glbimg.com\/v1\/AUTH_59edd422c0c84a879bd37670ae4f538a\/internal_photos\/bs\/2025\/D\/1\/P9bisKRw6rrDQ11kuyHw\/65675.jpg\" sizes=\"(max-width: 1266px) 648px, 100vw\" srcset=\"https:\/\/s2-g1.glbimg.com\/lUqu2Gs27seiEI5HpeL3Bb8jOFM=\/0x0:2000x1333\/1000x0\/smart\/filters:strip_icc()\/i.s3.glbimg.com\/v1\/AUTH_59edd422c0c84a879bd37670ae4f538a\/internal_photos\/bs\/2025\/D\/1\/P9bisKRw6rrDQ11kuyHw\/65675.jpg 1000w, https:\/\/s2-g1.glbimg.com\/oa66zaVk3clernVocRATJvn_jHs=\/0x0:2000x1333\/984x0\/smart\/filters:strip_icc()\/i.s3.glbimg.com\/v1\/AUTH_59edd422c0c84a879bd37670ae4f538a\/internal_photos\/bs\/2025\/D\/1\/P9bisKRw6rrDQ11kuyHw\/65675.jpg 984w, https:\/\/s2-g1.glbimg.com\/LqfVQaq_eS-w5xsM2xexWGCmE9k=\/0x0:2000x1333\/640x0\/smart\/filters:strip_icc()\/i.s3.glbimg.com\/v1\/AUTH_59edd422c0c84a879bd37670ae4f538a\/internal_photos\/bs\/2025\/D\/1\/P9bisKRw6rrDQ11kuyHw\/65675.jpg 640w, https:\/\/s2-g1.glbimg.com\/U-9foEeFARYb43B7QXlKS-MiGrE=\/0x0:2000x1333\/600x0\/smart\/filters:strip_icc()\/i.s3.glbimg.com\/v1\/AUTH_59edd422c0c84a879bd37670ae4f538a\/internal_photos\/bs\/2025\/D\/1\/P9bisKRw6rrDQ11kuyHw\/65675.jpg 600w\" alt=\"Consumo m\u00e9dio entre americanos de a\u00e7\u00facar adicionado \u00e9 de 17 colheres de ch\u00e1 por dia \u2014 Foto: Freepik\" \/>Consumo m\u00e9dio entre americanos de a\u00e7\u00facar adicionado \u00e9 de 17 colheres de ch\u00e1 por dia \u2014 Foto: Freepik<\/figure>\n<\/div>\n<\/div>\n<\/div>\n<\/div>\n<div id=\"chunk-1rrj0\">\n<div class=\"content-ads content-ads--reveal\" data-block-type=\"ads\" data-block-id=\"28\">\n<div id=\"banner_materia__837e1d04-9d87-49a2-a6ff-552cf03a6aaf\" class=\"tag-manager-publicidade-container tag-manager-publicidade-banner_materia__837e1d04-9d87-49a2-a6ff-552cf03a6aaf tag-manager-publicidade-container--carregado tag-manager-publicidade-container--visivel\" data-google-query-id=\"CK3d1omEn5EDFeNV3QIdrFYYCA\">\n<div id=\"google_ads_iframe_\/95377733\/tvg_G1\/Saude_7__container__\"><\/div>\n<\/div>\n<\/div>\n<\/div>\n<div id=\"chunk-3tasf\">\n<div class=\"mc-column content-text active-extra-styles\" data-block-type=\"raw\" data-block-weight=\"6\" data-block-id=\"29\">\n<div class=\"content-intertitle\">\n<h2>Por que exageramos tanto no a\u00e7\u00facar?<\/h2>\n<\/div>\n<\/div>\n<\/div>\n<div id=\"chunk-5bql5\">\n<div class=\"mc-column content-text active-extra-styles \" data-block-type=\"unstyled\" data-block-weight=\"35\" data-block-id=\"30\">\n<p class=\" content-text__container \" data-track-category=\"Link no Texto\" data-track-links=\"\" data-mrf-recirculation=\"Mat\u00e9ria - Links no Texto\">A ind\u00fastria aliment\u00edcia concentrou carboidratos simples em produtos baratos e altamente palat\u00e1veis. \u201cCom o processamento dos carboidratos, a oferta de glicose aumentou muito. Isso explica parte do avan\u00e7o da obesidade nas \u00faltimas d\u00e9cadas\u201d, explica Machado.<\/p>\n<\/div>\n<\/div>\n<div id=\"chunk-842ur\">\n<div class=\"mc-column content-text active-extra-styles \" data-block-type=\"unstyled\" data-block-weight=\"27\" data-block-id=\"31\">\n<p class=\" content-text__container \" data-track-category=\"Link no Texto\" data-track-links=\"\" data-mrf-recirculation=\"Mat\u00e9ria - Links no Texto\">Alimentos com alto \u00edndice glic\u00eamico elevam a glicose no sangue rapidamente e sobrecarregam o p\u00e2ncreas, o que aumenta o risco de diabetes, f\u00edgado gorduroso e doen\u00e7as cardiovasculares.<\/p>\n<\/div>\n<\/div>\n<div id=\"chunk-3kkfv\">\n<div class=\"mc-column content-text active-extra-styles\" data-block-type=\"raw\" data-block-weight=\"7\" data-block-id=\"32\">\n<p class=\"content-text__container\" data-mrf-recirculation=\"Mat\u00e9ria - Links no Texto\">\n<div class=\"content-intertitle\">\n<h2>Quanto a\u00e7\u00facar livre podemos consumir por dia?<\/h2>\n<\/div>\n<\/div>\n<\/div>\n<div id=\"chunk-6m493\">\n<div class=\"mc-column content-text active-extra-styles \" data-block-type=\"unstyled\" data-block-weight=\"7\" data-block-id=\"33\">\n<p class=\" content-text__container \" data-track-category=\"Link no Texto\" data-track-links=\"\" data-mrf-recirculation=\"Mat\u00e9ria - Links no Texto\">A Organiza\u00e7\u00e3o Mundial da Sa\u00fade (OMS) recomenda:<\/p>\n<\/div>\n<\/div>\n<div id=\"chunk-51fug\">\n<div class=\"mc-column content-text active-extra-styles\" data-block-type=\"raw\" data-block-weight=\"24\" data-block-id=\"34\">\n<ul class=\"content-unordered-list\" data-mrf-recirculation=\"Mat\u00e9ria - Leia Tamb\u00e9m (Lista)\">\n<li>At\u00e9 10% das calorias di\u00e1rias de a\u00e7\u00facares livres.<\/li>\n<li>Para benef\u00edcios extras: reduzir para 5% (aprox. 25 g por dia, ou 6 colheres de ch\u00e1).<\/li>\n<\/ul>\n<\/div>\n<\/div>\n<div id=\"chunk-3m7ts\">\n<div class=\"mc-column content-text active-extra-styles \" data-block-type=\"unstyled\" data-block-weight=\"8\" data-block-id=\"35\">\n<p class=\" content-text__container \" data-track-category=\"Link no Texto\" data-track-links=\"\" data-mrf-recirculation=\"Mat\u00e9ria - Links no Texto\">A American Heart Association \u00e9 ainda mais r\u00edgida:<\/p>\n<\/div>\n<\/div>\n<div id=\"chunk-e4h90\">\n<div class=\"mc-column content-text active-extra-styles\" data-block-type=\"raw\" data-block-weight=\"8\" data-block-id=\"36\">\n<ul class=\"content-unordered-list\" data-mrf-recirculation=\"Mat\u00e9ria - Leia Tamb\u00e9m (Lista)\">\n<li>Homens: at\u00e9 36 g\/dia<\/li>\n<li>Mulheres: at\u00e9 25 g\/dia<\/li>\n<\/ul>\n<\/div>\n<\/div>\n<div id=\"chunk-8rugm\">\n<div class=\"mc-column content-text active-extra-styles \" data-block-type=\"unstyled\" data-block-weight=\"11\" data-block-id=\"37\">\n<p class=\" content-text__container \" data-track-category=\"Link no Texto\" data-track-links=\"\" data-mrf-recirculation=\"Mat\u00e9ria - Links no Texto\">A dose ideal em termos de sa\u00fade \u00e9:\u00a0<strong>quanto menos, melhor.<\/strong><\/p>\n<\/div>\n<\/div>\n<div id=\"chunk-dqdkn\">\n<div class=\"content-ads content-ads--reveal\" data-block-type=\"ads\" data-block-id=\"39\">\n<div id=\"banner_materia__15acbb5e-d835-4d22-af41-54fb37b3817d\" class=\"tag-manager-publicidade-container tag-manager-publicidade-banner_materia__15acbb5e-d835-4d22-af41-54fb37b3817d tag-manager-publicidade-container--carregado tag-manager-publicidade-container--visivel\" data-google-query-id=\"CILigouEn5EDFbSuYQYdcoAinA\">\n<div id=\"google_ads_iframe_\/95377733\/tvg_G1\/Saude_8__container__\"><\/div>\n<\/div>\n<\/div>\n<\/div>\n<div id=\"chunk-85dkp\">\n<div class=\"mc-column content-text active-extra-styles\" data-block-type=\"raw\" data-block-weight=\"8\" data-block-id=\"40\">\n<div class=\"content-intertitle\">\n<h2>O que o excesso de a\u00e7\u00facar pode causar<\/h2>\n<\/div>\n<\/div>\n<\/div>\n<div id=\"chunk-808bl\">\n<div class=\"mc-column content-text active-extra-styles \" data-block-type=\"unstyled\" data-block-weight=\"9\" data-block-id=\"41\">\n<p class=\" content-text__container \" data-track-category=\"Link no Texto\" data-track-links=\"\" data-mrf-recirculation=\"Mat\u00e9ria - Links no Texto\">O consumo frequente de a\u00e7\u00facar adicionado est\u00e1 associado a:<\/p>\n<\/div>\n<\/div>\n<div id=\"chunk-atm41\">\n<div class=\"mc-column content-text active-extra-styles\" data-block-type=\"raw\" data-block-weight=\"39\" data-block-id=\"42\">\n<ul class=\"content-unordered-list\" data-mrf-recirculation=\"Mat\u00e9ria - Leia Tamb\u00e9m (Lista)\">\n<li>Obesidade.<\/li>\n<li>Diabetes tipo 2.<\/li>\n<li>Doen\u00e7a hep\u00e1tica gordurosa.<\/li>\n<li>C\u00e1ries.<\/li>\n<li>S\u00edndrome metab\u00f3lica.<\/li>\n<li>Hipertens\u00e3o.<\/li>\n<li>Doen\u00e7as cardiovasculares.<\/li>\n<li>Inflama\u00e7\u00e3o cr\u00f4nica.<\/li>\n<li>Dermatites e acne.<\/li>\n<li>Dist\u00farbios digestivos e disbiose.<\/li>\n<li>Aumento de risco para alguns tipos de c\u00e2ncer.<\/li>\n<li>Altera\u00e7\u00f5es de humor, ansiedade e depress\u00e3o.<\/li>\n<li>Cirrose hep\u00e1tica metab\u00f3lica.<\/li>\n<\/ul>\n<\/div>\n<\/div>\n<div id=\"chunk-b2nde\">\n<div class=\"mc-column content-text active-extra-styles\" data-block-type=\"raw\" data-block-weight=\"23\" data-block-id=\"43\">\n<blockquote class=\"content-blockquote theme-border-color-primary-before\"><p>\u201cO a\u00e7\u00facar de adi\u00e7\u00e3o \u00e9 relativamente recente na nossa hist\u00f3ria. Por milhares de anos, a \u00fanica fonte relevante era o mel\u201d, relembra Geloneze.<\/p><\/blockquote>\n<\/div>\n<\/div>\n<div id=\"chunk-6l8md\">\n<div class=\"row medium-uncollapsed content-media content-photo\" data-block-type=\"backstage-photo\" data-block-id=\"44\">\n<div class=\" mc-column  content-media__container\">\n<div class=\"content-media-container glb-skeleton-box\">\n<figure class=\"content-media-figure\"><img decoding=\"async\" class=\"i-amphtml-fill-content i-amphtml-replaced-content\" src=\"https:\/\/s2-g1.glbimg.com\/xb65t8wWC7dfw88lB2H_S5khvNg=\/0x0:388x259\/984x0\/smart\/filters:strip_icc()\/i.s3.glbimg.com\/v1\/AUTH_59edd422c0c84a879bd37670ae4f538a\/internal_photos\/bs\/2024\/n\/k\/W88KS6TEGStBG1STx0qg\/imagem1.jpg\" sizes=\"(max-width: 1266px) 648px, 100vw\" srcset=\"https:\/\/s2-g1.glbimg.com\/jzEq7wypbAuOCOd-5xN-b5mpLFE=\/0x0:388x259\/1000x0\/smart\/filters:strip_icc()\/i.s3.glbimg.com\/v1\/AUTH_59edd422c0c84a879bd37670ae4f538a\/internal_photos\/bs\/2024\/n\/k\/W88KS6TEGStBG1STx0qg\/imagem1.jpg 1000w, https:\/\/s2-g1.glbimg.com\/xb65t8wWC7dfw88lB2H_S5khvNg=\/0x0:388x259\/984x0\/smart\/filters:strip_icc()\/i.s3.glbimg.com\/v1\/AUTH_59edd422c0c84a879bd37670ae4f538a\/internal_photos\/bs\/2024\/n\/k\/W88KS6TEGStBG1STx0qg\/imagem1.jpg 984w, https:\/\/s2-g1.glbimg.com\/l1UzyrFd4okZPC53kZ-XTvwN01g=\/0x0:388x259\/640x0\/smart\/filters:strip_icc()\/i.s3.glbimg.com\/v1\/AUTH_59edd422c0c84a879bd37670ae4f538a\/internal_photos\/bs\/2024\/n\/k\/W88KS6TEGStBG1STx0qg\/imagem1.jpg 640w, https:\/\/s2-g1.glbimg.com\/xOx1rjUg_6QYtlugF0W-fvQ4rbQ=\/0x0:388x259\/600x0\/smart\/filters:strip_icc()\/i.s3.glbimg.com\/v1\/AUTH_59edd422c0c84a879bd37670ae4f538a\/internal_photos\/bs\/2024\/n\/k\/W88KS6TEGStBG1STx0qg\/imagem1.jpg 600w\" alt=\"Uma alimenta\u00e7\u00e3o balanceada, rica em nutrientes, vai ajud\u00e1-lo a se manter saud\u00e1vel \u2014 Foto: Freepik\" \/>Uma alimenta\u00e7\u00e3o balanceada, rica em nutrientes, vai ajud\u00e1-lo a se manter saud\u00e1vel \u2014 Foto: Freepik<\/figure>\n<\/div>\n<\/div>\n<\/div>\n<\/div>\n<div id=\"chunk-fnah6\">\n<div class=\"mc-column content-text active-extra-styles\" data-block-type=\"raw\" data-block-weight=\"7\" data-block-id=\"45\">\n<div class=\"content-intertitle\">\n<h2>O que colocar no prato para equilibrar<\/h2>\n<\/div>\n<\/div>\n<\/div>\n<div id=\"chunk-496m0\">\n<div class=\"mc-column content-text active-extra-styles \" data-block-type=\"unstyled\" data-block-weight=\"12\" data-block-id=\"46\">\n<p class=\" content-text__container \" data-track-category=\"Link no Texto\" data-track-links=\"\" data-mrf-recirculation=\"Mat\u00e9ria - Links no Texto\">Especialistas recomendam priorizar alimentos in natura e minimizar ultraprocessados. Algumas sugest\u00f5es s\u00e3o:<\/p>\n<\/div>\n<\/div>\n<div id=\"chunk-ecakc\">\n<div class=\"mc-column content-text active-extra-styles\" data-block-type=\"raw\" data-block-weight=\"20\" data-block-id=\"47\">\n<ul class=\"content-unordered-list\" data-mrf-recirculation=\"Mat\u00e9ria - Leia Tamb\u00e9m (Lista)\">\n<li>frutas (de prefer\u00eancia com casca),<\/li>\n<li>legumes e verduras,<\/li>\n<li>gr\u00e3os integrais,<\/li>\n<li>leguminosas,<\/li>\n<li>tub\u00e9rculos,<\/li>\n<li>prote\u00ednas magras e<\/li>\n<li>gorduras boas (azeite, castanhas, abacate).<\/li>\n<\/ul>\n<\/div>\n<\/div>\n<div data-track-category=\"multicontent\" data-track-action=\"multicontent\" data-track-noninteraction=\"false\" data-track-scroll=\"ultimo chunk conteudo\" data-track-value=\"view\">\n<div id=\"chunk-5umgu\">\n<div class=\"mc-column content-text active-extra-styles \" data-block-type=\"unstyled\" data-block-weight=\"20\" data-block-id=\"49\">\n<p class=\" content-text__container \" data-track-category=\"Link no Texto\" data-track-links=\"\" data-mrf-recirculation=\"Mat\u00e9ria - Links no Texto\"><span class=\"highlight highlighted\">Combinar carboidratos com prote\u00ednas e fibras ajuda a controlar a absor\u00e7\u00e3o da glicose e a manter saciedade por mais tempo.<\/span><\/p>\n<\/div>\n<p data-track-category=\"Link no Texto\" data-track-links=\"\" data-mrf-recirculation=\"Mat\u00e9ria - Links no Texto\">\n<p data-track-category=\"Link no Texto\" data-track-links=\"\" data-mrf-recirculation=\"Mat\u00e9ria - Links no Texto\">Fonte: Portal G1.<br \/>\nConfira esta e outras mat\u00e9rias na \u00edntegra pelo link: https:\/\/g1.globo.com\/saude\/noticia\/2025\/12\/02\/o-que-acontece-no-corpo-quando-voce-corta-o-acucar-e-por-que-carboidratos-sao-aliados-nao-viloes.ghtml<\/p>\n<\/div>\n<\/div>\n<\/div>\n","protected":false},"excerpt":{"rendered":"<p>Redu\u00e7\u00e3o de gordura, melhora do humor e do sono aparecem r\u00e1pido \u2014 mas especialistas alertam: eliminar carboidratos \u00e9 perigoso e n\u00e3o h\u00e1 vida sem glicose. &nbsp; Eliminar o a\u00e7\u00facar adicionado \u2014 aquele presente em\u00a0doces, refrigerantes, sucos industrializados, ultraprocessados e ado\u00e7antes naturais como mel e xarope\u00a0\u2014 provoca\u00a0uma s\u00e9rie de mudan\u00e7as r\u00e1pidas e mensur\u00e1veis no organismo. Do [&hellip;]<\/p>\n","protected":false},"author":3,"featured_media":13721,"comment_status":"open","ping_status":"open","sticky":false,"template":"","format":"standard","meta":{"om_disable_all_campaigns":false,"_monsterinsights_skip_tracking":false,"_monsterinsights_sitenote_active":false,"_monsterinsights_sitenote_note":"","_monsterinsights_sitenote_category":0,"footnotes":""},"categories":[42],"tags":[],"class_list":["post-13720","post","type-post","status-publish","format-standard","has-post-thumbnail","hentry","category-saude"],"jetpack_featured_media_url":"https:\/\/fatoelado.com\/wp-content\/uploads\/2025\/12\/imagem1.avif","_links":{"self":[{"href":"https:\/\/fatoelado.com\/index.php?rest_route=\/wp\/v2\/posts\/13720","targetHints":{"allow":["GET"]}}],"collection":[{"href":"https:\/\/fatoelado.com\/index.php?rest_route=\/wp\/v2\/posts"}],"about":[{"href":"https:\/\/fatoelado.com\/index.php?rest_route=\/wp\/v2\/types\/post"}],"author":[{"embeddable":true,"href":"https:\/\/fatoelado.com\/index.php?rest_route=\/wp\/v2\/users\/3"}],"replies":[{"embeddable":true,"href":"https:\/\/fatoelado.com\/index.php?rest_route=%2Fwp%2Fv2%2Fcomments&post=13720"}],"version-history":[{"count":1,"href":"https:\/\/fatoelado.com\/index.php?rest_route=\/wp\/v2\/posts\/13720\/revisions"}],"predecessor-version":[{"id":13722,"href":"https:\/\/fatoelado.com\/index.php?rest_route=\/wp\/v2\/posts\/13720\/revisions\/13722"}],"wp:featuredmedia":[{"embeddable":true,"href":"https:\/\/fatoelado.com\/index.php?rest_route=\/wp\/v2\/media\/13721"}],"wp:attachment":[{"href":"https:\/\/fatoelado.com\/index.php?rest_route=%2Fwp%2Fv2%2Fmedia&parent=13720"}],"wp:term":[{"taxonomy":"category","embeddable":true,"href":"https:\/\/fatoelado.com\/index.php?rest_route=%2Fwp%2Fv2%2Fcategories&post=13720"},{"taxonomy":"post_tag","embeddable":true,"href":"https:\/\/fatoelado.com\/index.php?rest_route=%2Fwp%2Fv2%2Ftags&post=13720"}],"curies":[{"name":"wp","href":"https:\/\/api.w.org\/{rel}","templated":true}]}}