{"id":13656,"date":"2025-12-01T11:00:25","date_gmt":"2025-12-01T14:00:25","guid":{"rendered":"https:\/\/fatoelado.com\/?p=13656"},"modified":"2025-12-01T11:00:25","modified_gmt":"2025-12-01T14:00:25","slug":"carlo-ancelotti-revela-cinco-goleiros-que-brigam-por-tres-vagas-na-copa-do-mundo-veja","status":"publish","type":"post","link":"https:\/\/fatoelado.com\/?p=13656","title":{"rendered":"Carlo Ancelotti revela cinco goleiros que brigam por tr\u00eas vagas na Copa do Mundo; veja"},"content":{"rendered":"<h2 class=\"article-subtitle\" style=\"text-align: center;\">Comandante da Sele\u00e7\u00e3o afirma que o Brasil tem \u00f3timas op\u00e7\u00f5es para a posi\u00e7\u00e3o no Mundial<\/h2>\n<p>&nbsp;<\/p>\n<div class=\"article-image-featured\"><img decoding=\"async\" class=\"i-amphtml-fill-content i-amphtml-replaced-content\" src=\"https:\/\/www.meionews.com\/uploads\/imagens\/2025\/12\/1\/bento-e-jhon--d27d54d15335178a.jpg\" alt=\"Bento e Jhon | Rafael Ribeiro\/CBF\" data-amp-loading=\"lazy\" \/><small>Bento e Jhon | Foto: Rafael Ribeiro\/CBF<\/small><\/div>\n<div class=\"g-news\"><\/div>\n<div class=\"article-html\">\n<div class=\"article-html-more\">\n<p>O t\u00e9cnico da\u00a0<strong data-end=\"217\" data-start=\"195\">Sele\u00e7\u00e3o Brasileira<\/strong>,\u00a0<strong data-end=\"238\" data-start=\"219\">Carlo Ancelotti<\/strong>, afirmou que o Brasil est\u00e1\u00a0<strong data-end=\"284\" data-start=\"266\">\u201cem boas m\u00e3os\u201d<\/strong>\u00a0quanto \u00e0s vagas de goleiro para a\u00a0<strong data-end=\"344\" data-start=\"319\">Copa do Mundo de 2026<\/strong>. Em entrevista ao programa\u00a0<em data-end=\"388\" data-start=\"372\">Esporte Record<\/em>, ele citou os\u00a0<strong data-end=\"418\" data-start=\"403\">cinco nomes<\/strong>\u00a0que seguem na disputa:\u00a0<strong data-end=\"453\" data-start=\"442\">Alisson<\/strong>,\u00a0<strong data-end=\"466\" data-start=\"455\">Ederson<\/strong>,\u00a0<strong data-end=\"476\" data-start=\"468\">Hugo<\/strong>,\u00a0<strong data-end=\"487\" data-start=\"478\">Bento<\/strong>\u00a0e\u00a0<strong data-end=\"498\" data-start=\"490\">John<\/strong>.<\/p>\n<blockquote data-start=\"501\"><p>\u201cAcho que estamos em boas m\u00e3os. Eles t\u00eam muito potencial. Estamos bem posicionados\u201d, disse o treinador italiano.<\/p><\/blockquote>\n<h2 data-end=\"660\" data-start=\"622\">\u00a0Favoritos ao t\u00edtulo do Mundial<\/h2>\n<p>Ancelotti tamb\u00e9m comentou sobre as sele\u00e7\u00f5es que considera favoritas para a Copa. Segundo ele, n\u00e3o h\u00e1 um grande destaque no momento, mas v\u00e1rios times podem brigar pelo t\u00edtulo. Entre eles: Espanha, Fran\u00e7a, Argentina, Brasil, Inglaterra, Alemanha, Portugal e at\u00e9 o Equador. O t\u00e9cnico acredita que ser\u00e1 uma Copa do Mundo divertida.<\/p>\n<h2 data-end=\"1068\" data-start=\"1037\">\u00a0Sorteio da Copa de 2026<\/h2>\n<p>A Fifa confirmou as regras do sorteio dos grupos, que ocorrer\u00e1 em 5 de dezembro, em Washington. O Brasil, quinto no ranking mundial, ser\u00e1 cabe\u00e7a de chave ao lado de Argentina, Fran\u00e7a, Inglaterra, Portugal, Holanda, B\u00e9lgica, Alemanha e dos anfitri\u00f5es EUA, Canad\u00e1 e M\u00e9xico.<\/p>\n<h2 data-end=\"1445\" data-start=\"1411\">\u00a0Restri\u00e7\u00f5es de confedera\u00e7\u00e3o<\/h2>\n<p>O sorteio seguir\u00e1 a regra que impede mais de uma sele\u00e7\u00e3o da mesma confedera\u00e7\u00e3o em um grupo \u2014 exceto a Uefa, que pode ter at\u00e9 duas sele\u00e7\u00f5es na mesma chave. Assim, sele\u00e7\u00f5es sul-americanas n\u00e3o poder\u00e3o enfrentar o Brasil na fase de grupos. Al\u00e9m disso, se europeus dos potes 2 e 3 ca\u00edrem no grupo brasileiro, os europeus do pote 4 ficam automaticamente exclu\u00eddos desta chave.<\/p>\n<h2 data-end=\"1896\" data-start=\"1855\">Poss\u00edveis advers\u00e1rios do Brasil<\/h2>\n<h3 data-end=\"1916\" data-start=\"1897\">\u00a0<strong data-end=\"1914\" data-start=\"1904\">Pote 2<\/strong><\/h3>\n<p>Cro\u00e1cia, Marrocos, Su\u00ed\u00e7a, Jap\u00e3o, Senegal, Ir\u00e3, Coreia do Sul, \u00c1ustria e Austr\u00e1lia.<\/p>\n<h3 data-end=\"2056\" data-start=\"2037\">\u00a0<strong data-end=\"2054\" data-start=\"2044\">Pote 3<\/strong><\/h3>\n<p>Noruega, Panam\u00e1, Egito, Arg\u00e9lia, Esc\u00f3cia, Tun\u00edsia, Costa do Marfim, Uzbequist\u00e3o, Catar, Ar\u00e1bia Saudita e \u00c1frica do Sul.<\/p>\n<h3 data-end=\"2241\" data-start=\"2222\">\u00a0<strong data-end=\"2239\" data-start=\"2229\">Pote 4<\/strong><\/h3>\n<p>Jord\u00e2nia, Cabo Verde, Gana, Cura\u00e7ao, Haiti, Nova Zel\u00e2ndia, os quatro vencedores da repescagem europeia e os dois classificados da repescagem mundial (exceto a Bol\u00edvia).<\/p>\n<div class=\"article-share_buttons2 article-share\">\n<div class=\"share_buttons\">\n<p>&nbsp;<\/p>\n<p>Fonte: Portal MeioNews.<br \/>\nConfira esta e outras mat\u00e9rias na \u00edntegra pelo link: https:\/\/www.meionews.com\/esportes\/carlo-ancelotti-revela-cinco-goleiros-que-brigam-por-tres-vagas-na-copa-do-mundo-veja-548443<\/p>\n<\/div>\n<\/div>\n<\/div>\n<\/div>\n","protected":false},"excerpt":{"rendered":"<p>Comandante da Sele\u00e7\u00e3o afirma que o Brasil tem \u00f3timas op\u00e7\u00f5es para a posi\u00e7\u00e3o no Mundial &nbsp; Bento e Jhon | Foto: Rafael Ribeiro\/CBF O t\u00e9cnico da\u00a0Sele\u00e7\u00e3o Brasileira,\u00a0Carlo Ancelotti, afirmou que o Brasil est\u00e1\u00a0\u201cem boas m\u00e3os\u201d\u00a0quanto \u00e0s vagas de goleiro para a\u00a0Copa do Mundo de 2026. Em entrevista ao programa\u00a0Esporte Record, ele citou os\u00a0cinco nomes\u00a0que seguem [&hellip;]<\/p>\n","protected":false},"author":3,"featured_media":13657,"comment_status":"open","ping_status":"open","sticky":false,"template":"","format":"standard","meta":{"om_disable_all_campaigns":false,"_monsterinsights_skip_tracking":false,"_monsterinsights_sitenote_active":false,"_monsterinsights_sitenote_note":"","_monsterinsights_sitenote_category":0,"footnotes":""},"categories":[48],"tags":[],"class_list":["post-13656","post","type-post","status-publish","format-standard","has-post-thumbnail","hentry","category-esportes"],"jetpack_featured_media_url":"https:\/\/fatoelado.com\/wp-content\/uploads\/2025\/12\/bento-e-jhon-d27d54d15335178a.jpg","_links":{"self":[{"href":"https:\/\/fatoelado.com\/index.php?rest_route=\/wp\/v2\/posts\/13656","targetHints":{"allow":["GET"]}}],"collection":[{"href":"https:\/\/fatoelado.com\/index.php?rest_route=\/wp\/v2\/posts"}],"about":[{"href":"https:\/\/fatoelado.com\/index.php?rest_route=\/wp\/v2\/types\/post"}],"author":[{"embeddable":true,"href":"https:\/\/fatoelado.com\/index.php?rest_route=\/wp\/v2\/users\/3"}],"replies":[{"embeddable":true,"href":"https:\/\/fatoelado.com\/index.php?rest_route=%2Fwp%2Fv2%2Fcomments&post=13656"}],"version-history":[{"count":1,"href":"https:\/\/fatoelado.com\/index.php?rest_route=\/wp\/v2\/posts\/13656\/revisions"}],"predecessor-version":[{"id":13658,"href":"https:\/\/fatoelado.com\/index.php?rest_route=\/wp\/v2\/posts\/13656\/revisions\/13658"}],"wp:featuredmedia":[{"embeddable":true,"href":"https:\/\/fatoelado.com\/index.php?rest_route=\/wp\/v2\/media\/13657"}],"wp:attachment":[{"href":"https:\/\/fatoelado.com\/index.php?rest_route=%2Fwp%2Fv2%2Fmedia&parent=13656"}],"wp:term":[{"taxonomy":"category","embeddable":true,"href":"https:\/\/fatoelado.com\/index.php?rest_route=%2Fwp%2Fv2%2Fcategories&post=13656"},{"taxonomy":"post_tag","embeddable":true,"href":"https:\/\/fatoelado.com\/index.php?rest_route=%2Fwp%2Fv2%2Ftags&post=13656"}],"curies":[{"name":"wp","href":"https:\/\/api.w.org\/{rel}","templated":true}]}}