{"id":13653,"date":"2025-12-01T10:58:53","date_gmt":"2025-12-01T13:58:53","guid":{"rendered":"https:\/\/fatoelado.com\/?p=13653"},"modified":"2025-12-01T10:58:53","modified_gmt":"2025-12-01T13:58:53","slug":"quebrou-taca-da-libertadores-do-flamengo-aparece-remendada-durante-festa-no-rio","status":"publish","type":"post","link":"https:\/\/fatoelado.com\/?p=13653","title":{"rendered":"Quebrou? Ta\u00e7a da Libertadores do Flamengo aparece remendada durante festa no Rio"},"content":{"rendered":"<h2 class=\"article-subtitle\" style=\"text-align: center;\">O dano aconteceu ainda em Lima, no Peru. A ta\u00e7a teria sido amassada no gramado do est\u00e1dio Monumental, logo depois que o elenco rubro-negro levantou o t\u00edtulo.<\/h2>\n<p>&nbsp;<\/p>\n<div class=\"article-image-featured\"><img decoding=\"async\" class=\"i-amphtml-fill-content i-amphtml-replaced-content\" src=\"https:\/\/www.meionews.com\/uploads\/imagens\/2025\/12\/1\/taca-da-libertadores-quebra-durante-festa-do-flamengo-e-aparece-com-remendo--68cf791e837b29ec.jpg\" alt=\"Ta\u00e7a da Libertadores quebra durante festa do Flamengo e aparece com remendo  | Andr\u00e9 Dur\u00e3o\" data-amp-loading=\"lazy\" \/><small>Ta\u00e7a da Libertadores quebra durante festa do Flamengo e aparece com remendo | Foto: Andr\u00e9 Dur\u00e3o<\/small><\/div>\n<div class=\"g-news\"><\/div>\n<div class=\"article-html\">\n<div class=\"article-html-more\">\n<p><strong>A festa do tetracampeonato do Flamengo teve de tudo<\/strong>: multid\u00e3o, trio el\u00e9trico, jogadores empolgados\u2026 e uma ta\u00e7a remendada. Durante o desfile que tomou conta do Centro do Rio no domingo (30\/11), o trof\u00e9u da Libertadores apareceu com a parte superior consertada de forma improvisada, chamando a aten\u00e7\u00e3o de quem acompanhava a celebra\u00e7\u00e3o.<\/p>\n<p>De acordo com o\u00a0<em>Ge.globo<\/em>, o dano aconteceu ainda em Lima, no Peru. A ta\u00e7a teria sido amassada no gramado do est\u00e1dio Monumental,\u00a0<strong>logo depois que o elenco rubro-negro levantou o t\u00edtulo<\/strong>. Nada, por\u00e9m, que diminu\u00edsse o clima de euforia dos campe\u00f5es.<\/p>\n<div class=\"dimg\"><img decoding=\"async\" class=\"i-amphtml-intrinsic-sizer\" role=\"presentation\" src=\"data:;base64,<svg height=\"733px\" width=\"980px\" xmlns=\"http:\/\/www.w3.org\/2000\/svg\" version=\"1.1\"\/>&#8221; alt=&#8221;&#8221; aria-hidden=&#8221;true&#8221; \/><img decoding=\"async\" class=\"i-amphtml-fill-content i-amphtml-replaced-content\" src=\"https:\/\/www.meionews.com\/uploads\/imagens\/2025\/12\/1\/quebrou-taca-da-libertadores-do-flamengo-aparece-remendada-durante-festa-no-rio--d94c2de235b405f4.jpg\" alt=\"Jogadores do Flamengo em festa durante comemora\u00e7\u00e3o no Rio - Foto: Thiago Lima\" data-amp-loading=\"lazy\" \/><\/div>\n<p><span class=\"fr-inner\">Jogadores do Flamengo em festa durante comemora\u00e7\u00e3o no Rio &#8211; Foto: Thiago Lima<\/span>&nbsp;<\/p>\n<p><strong>A comemora\u00e7\u00e3o arrastou mais de 250 mil pessoas pelas ruas do Centro, segundo a prefeitura.<\/strong>\u00a0O trio el\u00e9trico com os jogadores cruzou a regi\u00e3o, deixando a Rua Primeiro de Mar\u00e7o em dire\u00e7\u00e3o \u00e0 esquina da Avenida Presidente Ant\u00f4nio Carlos com a Rua Ara\u00fajo Porto Alegre, onde o palco da festa virou um mar vermelho e preto.<\/p>\n<p>O t\u00edtulo conquistado no s\u00e1bado (29\/11), ap\u00f3s a vit\u00f3ria por 1 a 0 sobre o Palmeiras, marcou o quarto trof\u00e9u da Libertadores na hist\u00f3ria do clube. Com isso, o Flamengo se isolou como o time brasileiro com mais conquistas do torneio continental.<\/p>\n<div class=\"article-share_buttons2 article-share\">\n<p>&nbsp;<\/p>\n<p>Fonte: Portal MeioNews.<br \/>\nConfira esta e outras mat\u00e9rias na \u00edntegra pelo link: https:\/\/www.meionews.com\/esportes\/quebrou-taca-da-libertadores-do-flamengo-aparece-remendada-durante-festa-no-rio-548450<\/p>\n<\/div>\n<\/div>\n<\/div>\n","protected":false},"excerpt":{"rendered":"<p>O dano aconteceu ainda em Lima, no Peru. A ta\u00e7a teria sido amassada no gramado do est\u00e1dio Monumental, logo depois que o elenco rubro-negro levantou o t\u00edtulo. &nbsp; Ta\u00e7a da Libertadores quebra durante festa do Flamengo e aparece com remendo | Foto: Andr\u00e9 Dur\u00e3o A festa do tetracampeonato do Flamengo teve de tudo: multid\u00e3o, trio [&hellip;]<\/p>\n","protected":false},"author":3,"featured_media":13654,"comment_status":"open","ping_status":"open","sticky":false,"template":"","format":"standard","meta":{"om_disable_all_campaigns":false,"_monsterinsights_skip_tracking":false,"_monsterinsights_sitenote_active":false,"_monsterinsights_sitenote_note":"","_monsterinsights_sitenote_category":0,"footnotes":""},"categories":[48],"tags":[],"class_list":["post-13653","post","type-post","status-publish","format-standard","has-post-thumbnail","hentry","category-esportes"],"jetpack_featured_media_url":"https:\/\/fatoelado.com\/wp-content\/uploads\/2025\/12\/taca-da-libertadores-quebra-durante-festa-do-flamengo-e-aparece-com-remendo-68cf791e837b29ec.jpg","_links":{"self":[{"href":"https:\/\/fatoelado.com\/index.php?rest_route=\/wp\/v2\/posts\/13653","targetHints":{"allow":["GET"]}}],"collection":[{"href":"https:\/\/fatoelado.com\/index.php?rest_route=\/wp\/v2\/posts"}],"about":[{"href":"https:\/\/fatoelado.com\/index.php?rest_route=\/wp\/v2\/types\/post"}],"author":[{"embeddable":true,"href":"https:\/\/fatoelado.com\/index.php?rest_route=\/wp\/v2\/users\/3"}],"replies":[{"embeddable":true,"href":"https:\/\/fatoelado.com\/index.php?rest_route=%2Fwp%2Fv2%2Fcomments&post=13653"}],"version-history":[{"count":1,"href":"https:\/\/fatoelado.com\/index.php?rest_route=\/wp\/v2\/posts\/13653\/revisions"}],"predecessor-version":[{"id":13655,"href":"https:\/\/fatoelado.com\/index.php?rest_route=\/wp\/v2\/posts\/13653\/revisions\/13655"}],"wp:featuredmedia":[{"embeddable":true,"href":"https:\/\/fatoelado.com\/index.php?rest_route=\/wp\/v2\/media\/13654"}],"wp:attachment":[{"href":"https:\/\/fatoelado.com\/index.php?rest_route=%2Fwp%2Fv2%2Fmedia&parent=13653"}],"wp:term":[{"taxonomy":"category","embeddable":true,"href":"https:\/\/fatoelado.com\/index.php?rest_route=%2Fwp%2Fv2%2Fcategories&post=13653"},{"taxonomy":"post_tag","embeddable":true,"href":"https:\/\/fatoelado.com\/index.php?rest_route=%2Fwp%2Fv2%2Ftags&post=13653"}],"curies":[{"name":"wp","href":"https:\/\/api.w.org\/{rel}","templated":true}]}}