{"id":13647,"date":"2025-12-01T10:55:42","date_gmt":"2025-12-01T13:55:42","guid":{"rendered":"https:\/\/fatoelado.com\/?p=13647"},"modified":"2025-12-01T10:55:42","modified_gmt":"2025-12-01T13:55:42","slug":"governo-federal-reduz-projecao-do-salario-minimo-de-2026-para-r-1-627","status":"publish","type":"post","link":"https:\/\/fatoelado.com\/?p=13647","title":{"rendered":"Governo Federal reduz proje\u00e7\u00e3o do sal\u00e1rio m\u00ednimo de 2026 para R$ 1.627"},"content":{"rendered":"<h2 class=\"article-subtitle\" style=\"text-align: center;\">Estimativa anterior era de R$ 1.631; redu\u00e7\u00e3o ocorreu devido \u00e0 queda na infla\u00e7\u00e3o. Nova previs\u00e3o est\u00e1 em documento enviado ao Congresso.<\/h2>\n<p>&nbsp;<\/p>\n<div class=\"article-image-featured\"><img decoding=\"async\" class=\"i-amphtml-fill-content i-amphtml-replaced-content\" src=\"https:\/\/www.meionews.com\/uploads\/imagens\/2025\/12\/1\/dinheiro--5aa1371c151e9c3d.jpg\" alt=\"Dinheiro | Reprodu\u00e7\u00e3o\" data-amp-loading=\"lazy\" \/><small>Dinheiro | Foto: Reprodu\u00e7\u00e3o<\/small><\/div>\n<div class=\"g-news\"><\/div>\n<div class=\"article-html\">\n<div class=\"article-html-more\">\n<p>O governo federal reduziu a proje\u00e7\u00e3o do\u00a0<strong data-end=\"255\" data-start=\"229\">sal\u00e1rio m\u00ednimo de 2026<\/strong>, que caiu de\u00a0<strong data-end=\"281\" data-start=\"269\">R$ 1.631<\/strong>\u00a0para\u00a0<strong data-end=\"299\" data-start=\"287\">R$ 1.627<\/strong>. A informa\u00e7\u00e3o foi divulgada pelo\u00a0<strong data-end=\"363\" data-start=\"333\">Minist\u00e9rio do Planejamento<\/strong>\u00a0em documentos enviados ao\u00a0<strong data-end=\"403\" data-start=\"390\">Congresso<\/strong>\u00a0para an\u00e1lise do Or\u00e7amento do pr\u00f3ximo ano.<\/p>\n<h2 data-end=\"484\" data-start=\"452\">\u00a0Por que a estimativa caiu?<\/h2>\n<p>A redu\u00e7\u00e3o tem rela\u00e7\u00e3o com o comportamento da infla\u00e7\u00e3o, um dos principais componentes da f\u00f3rmula de reajuste do piso salarial. Como os pre\u00e7os t\u00eam subido menos que o previsto e a infla\u00e7\u00e3o deve ficar abaixo da proje\u00e7\u00e3o original, o reajuste tamb\u00e9m ser\u00e1 menor.<\/p>\n<p>Se a nova previs\u00e3o for confirmada, o aumento do sal\u00e1rio m\u00ednimo em 2026 ser\u00e1 de cerca de 7,2% sobre o piso atual (R$ 1.518).<\/p>\n<h2 data-end=\"929\" data-start=\"896\">\u00a0INPC definir\u00e1 o valor final<\/h2>\n<p>O valor definitivo ser\u00e1 divulgado ap\u00f3s a publica\u00e7\u00e3o do\u00a0<strong data-end=\"1035\" data-start=\"985\">\u00cdndice Nacional de Pre\u00e7os ao Consumidor (INPC)<\/strong>\u00a0nos pr\u00f3ximos dias. A expectativa, por\u00e9m, \u00e9 de pouca varia\u00e7\u00e3o em rela\u00e7\u00e3o aos\u00a0<strong data-end=\"1124\" data-start=\"1112\">R$ 1.627<\/strong>\u00a0projetados.<\/p>\n<h2 data-end=\"1183\" data-start=\"1143\">\u00a0Como funciona a regra de reajuste?<\/h2>\n<p>A f\u00f3rmula de corre\u00e7\u00e3o considera:<\/p>\n<ul data-start=\"1218\">\n<li data-start=\"1218\">A\u00a0<strong data-end=\"1241\" data-start=\"1222\">infla\u00e7\u00e3o (INPC)<\/strong>\u00a0acumulada em 12 meses at\u00e9 novembro;<\/li>\n<li data-start=\"1280\">O crescimento do\u00a0<strong data-end=\"1330\" data-start=\"1299\">Produto Interno Bruto (PIB)<\/strong>.<\/li>\n<\/ul>\n<p>Pelas regras do\u00a0<strong data-end=\"1369\" data-start=\"1349\">arcabou\u00e7o fiscal<\/strong>, o reajuste tem um limite: pode ser at\u00e9\u00a0<strong data-end=\"1436\" data-start=\"1410\">2,5% acima da infla\u00e7\u00e3o<\/strong>.<\/p>\n<div class=\"article-share_buttons2 article-share\">\n<p>&nbsp;<\/p>\n<p>Fonte: Portal MeioNews.<br \/>\nConfira esta e outras mat\u00e9rias na \u00edntegra pelo link: https:\/\/www.meionews.com\/noticias\/economia\/governo-federal-reduz-projecao-do-salario-minimo-de-2026-para-r-1-627-548456<\/p>\n<\/div>\n<\/div>\n<\/div>\n","protected":false},"excerpt":{"rendered":"<p>Estimativa anterior era de R$ 1.631; redu\u00e7\u00e3o ocorreu devido \u00e0 queda na infla\u00e7\u00e3o. Nova previs\u00e3o est\u00e1 em documento enviado ao Congresso. &nbsp; Dinheiro | Foto: Reprodu\u00e7\u00e3o O governo federal reduziu a proje\u00e7\u00e3o do\u00a0sal\u00e1rio m\u00ednimo de 2026, que caiu de\u00a0R$ 1.631\u00a0para\u00a0R$ 1.627. A informa\u00e7\u00e3o foi divulgada pelo\u00a0Minist\u00e9rio do Planejamento\u00a0em documentos enviados ao\u00a0Congresso\u00a0para an\u00e1lise do Or\u00e7amento do [&hellip;]<\/p>\n","protected":false},"author":3,"featured_media":13648,"comment_status":"open","ping_status":"open","sticky":false,"template":"","format":"standard","meta":{"om_disable_all_campaigns":false,"_monsterinsights_skip_tracking":false,"_monsterinsights_sitenote_active":false,"_monsterinsights_sitenote_note":"","_monsterinsights_sitenote_category":0,"footnotes":""},"categories":[47],"tags":[],"class_list":["post-13647","post","type-post","status-publish","format-standard","has-post-thumbnail","hentry","category-nacionais"],"jetpack_featured_media_url":"https:\/\/fatoelado.com\/wp-content\/uploads\/2025\/12\/dinheiro-5aa1371c151e9c3d.jpg","_links":{"self":[{"href":"https:\/\/fatoelado.com\/index.php?rest_route=\/wp\/v2\/posts\/13647","targetHints":{"allow":["GET"]}}],"collection":[{"href":"https:\/\/fatoelado.com\/index.php?rest_route=\/wp\/v2\/posts"}],"about":[{"href":"https:\/\/fatoelado.com\/index.php?rest_route=\/wp\/v2\/types\/post"}],"author":[{"embeddable":true,"href":"https:\/\/fatoelado.com\/index.php?rest_route=\/wp\/v2\/users\/3"}],"replies":[{"embeddable":true,"href":"https:\/\/fatoelado.com\/index.php?rest_route=%2Fwp%2Fv2%2Fcomments&post=13647"}],"version-history":[{"count":1,"href":"https:\/\/fatoelado.com\/index.php?rest_route=\/wp\/v2\/posts\/13647\/revisions"}],"predecessor-version":[{"id":13649,"href":"https:\/\/fatoelado.com\/index.php?rest_route=\/wp\/v2\/posts\/13647\/revisions\/13649"}],"wp:featuredmedia":[{"embeddable":true,"href":"https:\/\/fatoelado.com\/index.php?rest_route=\/wp\/v2\/media\/13648"}],"wp:attachment":[{"href":"https:\/\/fatoelado.com\/index.php?rest_route=%2Fwp%2Fv2%2Fmedia&parent=13647"}],"wp:term":[{"taxonomy":"category","embeddable":true,"href":"https:\/\/fatoelado.com\/index.php?rest_route=%2Fwp%2Fv2%2Fcategories&post=13647"},{"taxonomy":"post_tag","embeddable":true,"href":"https:\/\/fatoelado.com\/index.php?rest_route=%2Fwp%2Fv2%2Ftags&post=13647"}],"curies":[{"name":"wp","href":"https:\/\/api.w.org\/{rel}","templated":true}]}}