{"id":13632,"date":"2025-12-01T10:43:31","date_gmt":"2025-12-01T13:43:31","guid":{"rendered":"https:\/\/fatoelado.com\/?p=13632"},"modified":"2025-12-01T10:43:31","modified_gmt":"2025-12-01T13:43:31","slug":"novo-centro-de-terapias-da-unimed-teresina-amplia-atendimento-infantil","status":"publish","type":"post","link":"https:\/\/fatoelado.com\/?p=13632","title":{"rendered":"Novo Centro de Terapias da Unimed Teresina amplia atendimento infantil"},"content":{"rendered":"<p><iframe loading=\"lazy\" src=\"https:\/\/www.youtube.com\/embed\/EzpuI1tcBVk?rel=0\" width=\"790\" height=\"437\" frameborder=\"0\" allowfullscreen=\"allowfullscreen\" data-mce-fragment=\"1\"><\/iframe><\/p>\n<p>A Unimed Teresina inaugurou o Centro de Terapias Especiais TEAColher em cerim\u00f4nia que reuniu m\u00e9dicos cooperados, gestores, familiares de profissionais homenageados e convidados especiais. O local re\u00fane servi\u00e7os de reabilita\u00e7\u00e3o, desenvolvimento infantil e pr\u00e1ticas integradas em sa\u00fade pedi\u00e1trica.<\/p>\n<p data-end=\"999\" data-start=\"479\">Com cerca de\u00a0<strong data-end=\"504\" data-start=\"492\">3 mil m\u00b2<\/strong>, o THEAcolher tornou-se o maior centro de terapias pr\u00f3prio do Sistema Unimed no pa\u00eds. A unidade oferece atendimento integrado e terapias em diversas \u00e1reas.<\/p>\n<p>\u201cTrabalhamos com terapias especiais, com psicologia ABA, fonoaudiologia ABA, terapia ocupacional, psicopedagogia, musicoterapia, nutri\u00e7\u00e3o com terapia alimentar, fisioterapia Bobath, fisioterapia neurofuncional pedi\u00e1trica, fisioterapia TheraSuit, Pediasuit, neuropsicologia e psicomotricidade\u201d, afirmou a coordenadora Luciana Santos.<\/p>\n<p>O centro registra\u00a0<strong data-end=\"1042\" data-start=\"1019\">10.538 atendimentos<\/strong>\u00a0e acompanha\u00a0<strong data-end=\"1073\" data-start=\"1055\">1.016 crian\u00e7as<\/strong>\u00a0com transtornos do neurodesenvolvimento, de 0 a 17 anos. A equipa de\u00a0<strong data-end=\"1161\" data-start=\"1143\">171 terapeutas<\/strong>\u00a0permite a constru\u00e7\u00e3o de planos individuais conforme a necessidade de cada paciente.<\/p>\n<p>Segundo Adriana Monteiro, gestora do TEAcolher, o espa\u00e7o oferece ambientes onde crian\u00e7as com transtorno do espectro autista (TEA) podem participar das atividades sem restri\u00e7\u00f5es impostas por contextos externos.<\/p>\n<p>&#8220;Aqui \u00e9 um lugar onde a crian\u00e7a pode realmente ser e eu estava dividindo isso com outras pessoas do meu grupo, de como isso \u00e9 importante dentro do espectro, porque n\u00e3o s\u00e3o muitos lugares onde a crian\u00e7a com autismo pode ser ela mesma. Geralmente ela s\u00f3 consegue ser ela mesma quando ela est\u00e1 na casa dela e \u00e9 sempre uma dificuldade para os pais poderem ir para algum lugar com essas crian\u00e7as, como shopping ou lugares comuns de p\u00fablico, porque eles t\u00eam que ficar apodando as suas crian\u00e7as e aqui n\u00e3o. Aqui n\u00f3s temos espa\u00e7os onde as crian\u00e7as podem ser elas mesmas, elas brincam, elas gritam, elas est\u00e3o dentro do espectro e s\u00e3o respeitadas tanto dentro do espectro&#8221;, destaca a gestora do espa\u00e7o TEAcolher.<\/p>\n<p><em>Foto: Reprodu\u00e7\u00e3o<\/em><\/p>\n<p><img decoding=\"async\" src=\"https:\/\/cidadeverde.com\/assets\/uploads\/colecoes\/2\/2025\/12\/Captura_de_tela_2025-12-01_094019.png\" alt=\"\" \/><\/p>\n<p>Os atendimentos j\u00e1 funcionam na unidade, na Rua do Durvalino Couto, n\u00famero 1220, no bairro J\u00f3quei. Com a entrega do segundo bloco, o espa\u00e7o se fortalece como refer\u00eancia em terapias especiais.<\/p>\n<p>De acordo com o diretor-presidente da Unimed, trata-se do maior espa\u00e7o em terapias especiais dentro do sistema Unimed no pa\u00eds.<\/p>\n<p>&#8220;Esse centro de terapias \u00e9 o maior centro com maior capacidade do sistema unimed do Brasil inteiro. Ent\u00e3o isso mostra a sua relev\u00e2ncia n\u00e3o s\u00f3 para o estado do Piau\u00ed, como tamb\u00e9m da regi\u00e3o e at\u00e9 mesmo do Brasil. Ent\u00e3o \u00e9 um centro que j\u00e1 vinha funcionando com a sua primeira etapa, mas agora, com a entrega dessa segunda etapa, n\u00f3s estamos abrindo, ent\u00e3o, oficialmente, esse nosso importante aparelho assistencial&#8221;, afirma Newton Nunes Filho, diretor-presidente da Unimed Teresina.<\/p>\n<p>O centro foi pensado para garantir acolhimento, continuidade e evolu\u00e7\u00e3o terap\u00eautica ao longo de toda a inf\u00e2ncia e adolesc\u00eancia. Para muitas fam\u00edlias, o THEAcolher representa o primeiro atendimento verdadeiramente integrado. Pais de crian\u00e7as atendidas tamb\u00e9m relataram melhorias. Ronaldo, oficial de justi\u00e7a e pai de tr\u00eas crian\u00e7as com TEA, destacou mudan\u00e7as no acompanhamento.<\/p>\n<p>&#8220;\u00c9 um per\u00edodo de grande evolu\u00e7\u00e3o. O tratamento do autismo \u00e9 um tratamento extenso, \u00e9 um tratamento complexo, mas a observa\u00e7\u00e3o que eu tenho quanto ao espa\u00e7o TEAcolher \u00e9 uma observa\u00e7\u00e3o de gratid\u00e3o pelo trabalho aqui desenvolvido&#8221;, relata Ronaldo Targino.<\/p>\n<h2><strong>Homenagens\u00a0<\/strong><\/h2>\n<p>A cerim\u00f4nia tamb\u00e9m fez homenagens a m\u00e9dicos que marcaram a pediatria no Piau\u00ed, entre eles Francisco Jos\u00e9 Martins Ar\u00eaa Le\u00e3o.<\/p>\n<p>O pediatra Dr. Francisco Jos\u00e9 Martins Ar\u00eaa Le\u00e3o foi lembrado por sua dedica\u00e7\u00e3o e refer\u00eancia na pr\u00e1tica pedi\u00e1trica. Seu filho, o m\u00e9dico cooperado Marcelo Ar\u00eaa Le\u00e3o, recebeu a homenagem.<\/p>\n<p>\u201cEu recebo essa homenagem com muita satisfa\u00e7\u00e3o, n\u00e3o por ser meu pai, mas porque ele era muito merecedor, porque cuidava das crian\u00e7as de Teresina e do Piau\u00ed. Esse centro que foi criado pela Unimed \u00e9 extraordin\u00e1rio. Quem ganha com isso \u00e9 o Piau\u00ed, Teresina e at\u00e9 o Brasil.\u201d<\/p>\n<p>Tamb\u00e9m foi homenageado o m\u00e9dico Dr. No\u00e9 de Cerqueira Fortes, um dos s\u00f3cios-fundadores da cooperativa. Sua esposa, Terezinha Mendes, destacou: \u201cO No\u00e9 era uma pessoa extremamente empenhada no que fazia e ele amava a Unimed. Ele foi um dos fundadores e trabalhava com afinco, dedica\u00e7\u00e3o e gosto. Hoje essa homenagem eu encaro como uma gratid\u00e3o.\u201d<\/p>\n<p><strong>O THEAcolher funciona de segunda a sexta, das 7h30 \u00e0s 19h15, mediante encaminhamento m\u00e9dico e agendamento pelos canais oficiais da Unimed Teresina.<\/strong><\/p>\n<p>&nbsp;<\/p>\n<p>Fonte: Portal CidadeVerde.<br \/>\nConfira esta e outras mat\u00e9rias na \u00edntegra pelo link: https:\/\/cidadeverde.com\/noticias\/446549\/novo-centro-de-terapias-da-unimed-teresina-amplia-atendimento-infantil<\/p>\n","protected":false},"excerpt":{"rendered":"<p>A Unimed Teresina inaugurou o Centro de Terapias Especiais TEAColher em cerim\u00f4nia que reuniu m\u00e9dicos cooperados, gestores, familiares de profissionais homenageados e convidados especiais. O local re\u00fane servi\u00e7os de reabilita\u00e7\u00e3o, desenvolvimento infantil e pr\u00e1ticas integradas em sa\u00fade pedi\u00e1trica. Com cerca de\u00a03 mil m\u00b2, o THEAcolher tornou-se o maior centro de terapias pr\u00f3prio do Sistema Unimed [&hellip;]<\/p>\n","protected":false},"author":3,"featured_media":13633,"comment_status":"open","ping_status":"open","sticky":false,"template":"","format":"standard","meta":{"om_disable_all_campaigns":false,"_monsterinsights_skip_tracking":false,"_monsterinsights_sitenote_active":false,"_monsterinsights_sitenote_note":"","_monsterinsights_sitenote_category":0,"footnotes":""},"categories":[33,42],"tags":[],"class_list":["post-13632","post","type-post","status-publish","format-standard","has-post-thumbnail","hentry","category-piaui","category-saude"],"jetpack_featured_media_url":"https:\/\/fatoelado.com\/wp-content\/uploads\/2025\/12\/Captura_de_tela_2025-12-01_094019.png","_links":{"self":[{"href":"https:\/\/fatoelado.com\/index.php?rest_route=\/wp\/v2\/posts\/13632","targetHints":{"allow":["GET"]}}],"collection":[{"href":"https:\/\/fatoelado.com\/index.php?rest_route=\/wp\/v2\/posts"}],"about":[{"href":"https:\/\/fatoelado.com\/index.php?rest_route=\/wp\/v2\/types\/post"}],"author":[{"embeddable":true,"href":"https:\/\/fatoelado.com\/index.php?rest_route=\/wp\/v2\/users\/3"}],"replies":[{"embeddable":true,"href":"https:\/\/fatoelado.com\/index.php?rest_route=%2Fwp%2Fv2%2Fcomments&post=13632"}],"version-history":[{"count":1,"href":"https:\/\/fatoelado.com\/index.php?rest_route=\/wp\/v2\/posts\/13632\/revisions"}],"predecessor-version":[{"id":13634,"href":"https:\/\/fatoelado.com\/index.php?rest_route=\/wp\/v2\/posts\/13632\/revisions\/13634"}],"wp:featuredmedia":[{"embeddable":true,"href":"https:\/\/fatoelado.com\/index.php?rest_route=\/wp\/v2\/media\/13633"}],"wp:attachment":[{"href":"https:\/\/fatoelado.com\/index.php?rest_route=%2Fwp%2Fv2%2Fmedia&parent=13632"}],"wp:term":[{"taxonomy":"category","embeddable":true,"href":"https:\/\/fatoelado.com\/index.php?rest_route=%2Fwp%2Fv2%2Fcategories&post=13632"},{"taxonomy":"post_tag","embeddable":true,"href":"https:\/\/fatoelado.com\/index.php?rest_route=%2Fwp%2Fv2%2Ftags&post=13632"}],"curies":[{"name":"wp","href":"https:\/\/api.w.org\/{rel}","templated":true}]}}