{"id":13560,"date":"2025-11-29T13:30:14","date_gmt":"2025-11-29T16:30:14","guid":{"rendered":"https:\/\/fatoelado.com\/?p=13560"},"modified":"2025-11-29T13:30:14","modified_gmt":"2025-11-29T16:30:14","slug":"piaui-debate-transformacao-digital-no-encontro-nacional-das-juntas-comerciais-em-foz-do-iguacu-pr","status":"publish","type":"post","link":"https:\/\/fatoelado.com\/?p=13560","title":{"rendered":"Piau\u00ed debate transforma\u00e7\u00e3o digital no Encontro Nacional das Juntas Comerciais em Foz do Igua\u00e7u (PR)"},"content":{"rendered":"<h2 class=\"elementor-heading-title elementor-size-default\" style=\"text-align: center;\">O 42\u00ba Encontro Nacional das Juntas Comerciais (ENAJ) ser\u00e1 realizado de 2 a 4 de dezembro de 2025 e reunir\u00e1 representantes de todo o pa\u00eds.<\/h2>\n<p>&nbsp;<\/p>\n<p>Nos dias 2 a 4 de dezembro de 2025, ser\u00e1 realizado o 42\u00ba Encontro Nacional das Juntas Comerciais (ENAJ), na cidade de Foz do Igua\u00e7u, Paran\u00e1. Com o tema \u201cTransforma\u00e7\u00e3o Digital nas Juntas Comerciais: A Era da Intelig\u00eancia Artificial\u201d, o evento \u00e9 promovido pela Federa\u00e7\u00e3o Nacional das Juntas Comerciais (Fenaju), organizado pela Junta Comercial do Estado do Piau\u00ed (Jucepi), e conta com o apoio do Governo do Estado da Para\u00edba e da Junta Comercial do Estado do Paran\u00e1 (Jucepar), que ser\u00e1 anfitri\u00e3 e sediar\u00e1 as atividades.<\/p>\n<p data-start=\"640\" data-end=\"1079\">Considerado o principal evento de integra\u00e7\u00e3o, inova\u00e7\u00e3o e fortalecimento das Juntas Comerciais do pa\u00eds, o ENAJ reunir\u00e1 representantes dos 26 estados brasileiros e do Distrito Federal, al\u00e9m de autoridades, t\u00e9cnicos e especialistas ligados ao ambiente de neg\u00f3cios e ao empreendedorismo. O encontro vai discutir a moderniza\u00e7\u00e3o do registro empresarial, boas pr\u00e1ticas de gest\u00e3o p\u00fablica e o uso de novas tecnologias, como a intelig\u00eancia artificial.<\/p>\n<p>A presidente da Federa\u00e7\u00e3o Nacional das Juntas Comerciais (Fenaju), Greg\u00f3ria Ben\u00e1rio, ressalta a relev\u00e2ncia do encontro no calend\u00e1rio institucional das Juntas Comerciais. Segundo ela, \u00e9 uma oportunidade \u00fanica para compartilhar experi\u00eancias, debater desafios comuns e construir caminhos para fortalecer o registro empresarial no Brasil. \u201cDurante o evento, apresentaremos as conquistas de 2025, celebraremos os avan\u00e7os alcan\u00e7ados e discutiremos temas essenciais para o aprimoramento da gest\u00e3o p\u00fablica, a moderniza\u00e7\u00e3o dos servi\u00e7os e a amplia\u00e7\u00e3o da desburocratiza\u00e7\u00e3o, pilares que tornam as Juntas Comerciais cada vez mais relevantes para o desenvolvimento econ\u00f4mico e social do pa\u00eds\u201d, ressaltou.<\/p>\n<p>O evento contar\u00e1 com pain\u00e9is, palestras e mesas tem\u00e1ticas que abordar\u00e3o temas como transforma\u00e7\u00e3o digital, integra\u00e7\u00e3o tecnol\u00f3gica, desburocratiza\u00e7\u00e3o, atendimento ao cidad\u00e3o e valoriza\u00e7\u00e3o dos servidores p\u00fablicos.<\/p>\n<p>\u00c0 frente da organiza\u00e7\u00e3o do ENAJ 2025, a presidente da Jucepi, Alzenir Porto, refor\u00e7a o compromisso com a integra\u00e7\u00e3o e o fortalecimento das institui\u00e7\u00f5es. \u201c Este encontro \u00e9 fundamental para fortalecermos os la\u00e7os e, juntos, impulsionarmos a simplifica\u00e7\u00e3o e a moderniza\u00e7\u00e3o do registro mercantil no Brasil. A Fenaju tem como prop\u00f3sito reunir todos aqueles que atuam em um ambiente de neg\u00f3cios saud\u00e1vel, buscando aprimor\u00e1-lo cada vez mais, para que possamos garantir um tratamento igualit\u00e1rio em todo o pa\u00eds e mais efici\u00eancia para os empreendedores. Afinal, ao facilitar a vida daqueles que investem seu capital e acreditam no desenvolvimento do Brasil, constru\u00edmos uma economia mais forte e pr\u00f3spera\u201d, disse.<\/p>\n<p data-start=\"1081\" data-end=\"1505\">Os preparativos para o evento j\u00e1 est\u00e3o em andamento, com equipes da Fenaju, Jucepi e da Jucepar atuando de forma integrada na defini\u00e7\u00e3o da programa\u00e7\u00e3o, da estrutura e da log\u00edstica. O objetivo \u00e9 oferecer uma experi\u00eancia completa para gestores, servidores e parceiros estrat\u00e9gicos, promovendo aprendizado, troca de boas pr\u00e1ticas e a constru\u00e7\u00e3o colaborativa de solu\u00e7\u00f5es para os desafios do registro mercantil em todo o pa\u00eds.<\/p>\n<figure id=\"attachment_101118\" class=\"wp-caption alignnone\" aria-describedby=\"caption-attachment-101118\"><img loading=\"lazy\" decoding=\"async\" class=\"wp-image-101118 size-full\" src=\"https:\/\/www.pi.gov.br\/wp-content\/uploads\/2025\/11\/Fox-do-Iguacu.jpg\" sizes=\"auto, (max-width: 2047px) 100vw, 2047px\" srcset=\"https:\/\/www.pi.gov.br\/wp-content\/uploads\/2025\/11\/Fox-do-Iguacu.jpg 2047w, https:\/\/www.pi.gov.br\/wp-content\/uploads\/2025\/11\/Fox-do-Iguacu-300x199.jpg 300w, https:\/\/www.pi.gov.br\/wp-content\/uploads\/2025\/11\/Fox-do-Iguacu-1024x680.jpg 1024w, https:\/\/www.pi.gov.br\/wp-content\/uploads\/2025\/11\/Fox-do-Iguacu-768x510.jpg 768w, https:\/\/www.pi.gov.br\/wp-content\/uploads\/2025\/11\/Fox-do-Iguacu-1536x1020.jpg 1536w\" alt=\"\" width=\"2047\" height=\"1360\" \/><figcaption id=\"caption-attachment-101118\" class=\"wp-caption-text\">O ENAJ 2025 ser\u00e1 realizado em Foz do Igua\u00e7u (PR) ( Foto: Zig Koch\/ Minist\u00e9rio do Turismo )<\/p>\n<p>Fonte: Portal pi.Gov<br \/>\nConfira esta e outras mat\u00e9rias na \u00edntegra pelo link: https:\/\/www.pi.gov.br\/piaui-debate-transformacao-digital-no-encontro-nacional-das-juntas-comerciais-em-foz-do-iguacu-pr\/<\/figcaption><\/figure>\n","protected":false},"excerpt":{"rendered":"<p>O 42\u00ba Encontro Nacional das Juntas Comerciais (ENAJ) ser\u00e1 realizado de 2 a 4 de dezembro de 2025 e reunir\u00e1 representantes de todo o pa\u00eds. &nbsp; Nos dias 2 a 4 de dezembro de 2025, ser\u00e1 realizado o 42\u00ba Encontro Nacional das Juntas Comerciais (ENAJ), na cidade de Foz do Igua\u00e7u, Paran\u00e1. Com o tema [&hellip;]<\/p>\n","protected":false},"author":3,"featured_media":13561,"comment_status":"open","ping_status":"open","sticky":false,"template":"","format":"standard","meta":{"om_disable_all_campaigns":false,"_monsterinsights_skip_tracking":false,"_monsterinsights_sitenote_active":false,"_monsterinsights_sitenote_note":"","_monsterinsights_sitenote_category":0,"footnotes":""},"categories":[33],"tags":[],"class_list":["post-13560","post","type-post","status-publish","format-standard","has-post-thumbnail","hentry","category-piaui"],"jetpack_featured_media_url":"https:\/\/fatoelado.com\/wp-content\/uploads\/2025\/11\/Fox-do-Iguacu.jpg","_links":{"self":[{"href":"https:\/\/fatoelado.com\/index.php?rest_route=\/wp\/v2\/posts\/13560","targetHints":{"allow":["GET"]}}],"collection":[{"href":"https:\/\/fatoelado.com\/index.php?rest_route=\/wp\/v2\/posts"}],"about":[{"href":"https:\/\/fatoelado.com\/index.php?rest_route=\/wp\/v2\/types\/post"}],"author":[{"embeddable":true,"href":"https:\/\/fatoelado.com\/index.php?rest_route=\/wp\/v2\/users\/3"}],"replies":[{"embeddable":true,"href":"https:\/\/fatoelado.com\/index.php?rest_route=%2Fwp%2Fv2%2Fcomments&post=13560"}],"version-history":[{"count":1,"href":"https:\/\/fatoelado.com\/index.php?rest_route=\/wp\/v2\/posts\/13560\/revisions"}],"predecessor-version":[{"id":13562,"href":"https:\/\/fatoelado.com\/index.php?rest_route=\/wp\/v2\/posts\/13560\/revisions\/13562"}],"wp:featuredmedia":[{"embeddable":true,"href":"https:\/\/fatoelado.com\/index.php?rest_route=\/wp\/v2\/media\/13561"}],"wp:attachment":[{"href":"https:\/\/fatoelado.com\/index.php?rest_route=%2Fwp%2Fv2%2Fmedia&parent=13560"}],"wp:term":[{"taxonomy":"category","embeddable":true,"href":"https:\/\/fatoelado.com\/index.php?rest_route=%2Fwp%2Fv2%2Fcategories&post=13560"},{"taxonomy":"post_tag","embeddable":true,"href":"https:\/\/fatoelado.com\/index.php?rest_route=%2Fwp%2Fv2%2Ftags&post=13560"}],"curies":[{"name":"wp","href":"https:\/\/api.w.org\/{rel}","templated":true}]}}