{"id":13547,"date":"2025-11-29T13:25:17","date_gmt":"2025-11-29T16:25:17","guid":{"rendered":"https:\/\/fatoelado.com\/?p=13547"},"modified":"2025-11-29T13:25:17","modified_gmt":"2025-11-29T16:25:17","slug":"atirador-do-cefet-estava-afastado-ha-60-dias-por-problemas-psiquiatricos","status":"publish","type":"post","link":"https:\/\/fatoelado.com\/?p=13547","title":{"rendered":"Atirador do Cefet estava afastado h\u00e1 60 dias por problemas psiqui\u00e1tricos"},"content":{"rendered":"<h2 class=\"article-subtitle\" style=\"text-align: center;\">Funcion\u00e1rio matou a diretora Allane Pedrotti e a psic\u00f3loga Layse Pinheiro antes de tirar a pr\u00f3pria vida; Delegacia de Homic\u00eddios investiga o caso.<\/h2>\n<p>&nbsp;<\/p>\n<div class=\"article-image-featured\"><img decoding=\"async\" class=\"i-amphtml-fill-content i-amphtml-replaced-content\" src=\"https:\/\/www.meionews.com\/uploads\/imagens\/2025\/11\/29\/defesa-civil-no-cefet-no-maracana-zona-norte-do-rio--231114099647715b.jpg\" alt=\"Defesa Civil no Cefet, no Maracan\u00e3, Zona Norte do Rio | Felipe Grinberg\" data-amp-loading=\"lazy\" \/><small>Defesa Civil no Cefet, no Maracan\u00e3, Zona Norte do Rio | Foto: Felipe Grinberg<\/small><\/div>\n<div class=\"g-news\"><\/div>\n<div class=\"article-html\">\n<div class=\"article-html-more\">\n<p>O funcion\u00e1rio do Cefet do Maracan\u00e3, Jo\u00e3o Ant\u00f4nio Miranda Tello Gon\u00e7alves, que matou a diretora Allane Pedrotti e a psic\u00f3loga Layse Pinheiro na \u00faltima sexta-feira (28),\u00a0<strong>estava afastado h\u00e1 60 dias por problemas psiqui\u00e1tricos,<\/strong>\u00a0segundo relatos feitos \u00e0 Pol\u00edcia Militar. Ap\u00f3s os ataques, ele tirou a pr\u00f3pria vida dentro da institui\u00e7\u00e3o. O caso \u00e9 investigado pela Delegacia de Homic\u00eddios da Capital (DHC).<\/p>\n<h2 data-end=\"791\" data-start=\"753\"><strong data-end=\"791\" data-start=\"756\">Hist\u00f3rico dentro da institui\u00e7\u00e3o<\/strong><\/h2>\n<p>Jo\u00e3o Ant\u00f4nio atuava h\u00e1 anos no Cefet e foi coordenador da Coordenadoria Pedag\u00f3gica do Departamento de Ensino M\u00e9dio e T\u00e9cnico entre 2019 e 2020. De acordo com a PM, colegas afirmaram que ele manifestava desejo de retornar justamente ao setor em que Allane trabalhava, hoje respons\u00e1vel pela Divis\u00e3o de Acompanhamento e Desenvolvimento de Ensino (DIACE). Layse Costa Pinheiro atuava como psic\u00f3loga da institui\u00e7\u00e3o.<\/p>\n<p>A Pol\u00edcia Militar informou que a possibilidade de retorno ao setor pode ter sido um dos gatilhos do ataque, embora a motiva\u00e7\u00e3o ainda n\u00e3o esteja oficialmente confirmada.<\/p>\n<h2 data-end=\"1427\" data-start=\"1379\"><strong data-end=\"1427\" data-start=\"1382\">Ataque aconteceu em duas salas diferentes<\/strong><\/h2>\n<p>Testemunhas relataram que Jo\u00e3o Ant\u00f4nio entrou primeiro na sala onde estava Allane e efetuou disparos \u00e0 queima-roupa, atingindo-a na nuca e no ombro. Em seguida, foi at\u00e9 outra sala e disparou contra a psic\u00f3loga Layse, que foi atingida na cabe\u00e7a e no abd\u00f4men.<\/p>\n<p>Logo ap\u00f3s os ataques, ele se dirigiu a uma terceira sala e tirou a pr\u00f3pria vida. Policiais militares encontraram o agressor j\u00e1 morto, com uma pistola Glock .380, a arma usada no crime.<\/p>\n<div class=\"dimg\"><img decoding=\"async\" class=\"i-amphtml-intrinsic-sizer\" role=\"presentation\" src=\"data:;base64,<svg height=\"452px\" width=\"600px\" xmlns=\"http:\/\/www.w3.org\/2000\/svg\" version=\"1.1\"\/>&#8221; alt=&#8221;&#8221; aria-hidden=&#8221;true&#8221; \/><img decoding=\"async\" class=\"i-amphtml-fill-content i-amphtml-replaced-content aligncenter\" src=\"https:\/\/www.meionews.com\/uploads\/imagens\/2025\/11\/29\/atirador-do-cefet-estava-afastado-ha-60-dias-por-problemas-psiquiatricos--8c97ddc964b39c42.jpg\" alt=\"A diretora Allane Pedrotti e a psic\u00f3loga Layse Pinheiro foram mortas no Cefet. \u2014 Foto: Reprodu\u00e7\u00e3o redes sociais\u00a0\" data-amp-loading=\"lazy\" \/><\/div>\n<p><span class=\"fr-inner\">A diretora Allane Pedrotti e a psic\u00f3loga Layse Pinheiro foram mortas no Cefet. \u2014 Foto: Reprodu\u00e7\u00e3o redes sociais\u00a0<\/span>&nbsp;<\/p>\n<p>Logo ap\u00f3s o ataque, equipes da Pol\u00edcia Militar evacuaram todo o pr\u00e9dio do Cefet para realizar uma varredura e garantir que n\u00e3o havia outras amea\u00e7as.\u00a0<strong>O Corpo de Bombeiros fez os primeiros atendimentos \u00e0s duas v\u00edtimas,<\/strong>\u00a0que foram levadas ao Hospital Municipal Souza Aguiar, mas n\u00e3o resistiram aos ferimentos.<\/p>\n<p>A a\u00e7\u00e3o de evacua\u00e7\u00e3o ocorreu em poucos minutos e foi necess\u00e1ria para isolar o local, recolher testemunhos e preservar elementos que ajudar\u00e3o na investiga\u00e7\u00e3o.<\/p>\n<h2 data-end=\"2426\" data-start=\"2380\"><strong data-end=\"2426\" data-start=\"2383\">Investiga\u00e7\u00e3o busca esclarecer motiva\u00e7\u00e3o<\/strong><\/h2>\n<p>A Delegacia de Homic\u00eddios da Capital abriu inqu\u00e9rito para apurar o caso. Os investigadores analisam o hist\u00f3rico funcional de Jo\u00e3o Ant\u00f4nio, o afastamento por problemas psiqui\u00e1tricos e poss\u00edveis conflitos internos que possam ter contribu\u00eddo para o crime.<\/p>\n<p>A pol\u00edcia tamb\u00e9m recolhe depoimentos de colegas de trabalho e reunir\u00e1 documentos sobre o afastamento do agressor para tentar compreender o que desencadeou o ataque que chocou a comunidade acad\u00eamica do Cefet.<\/p>\n<p class=\"ads\">\n<div class=\"article-share_buttons2 article-share\">\n<div class=\"share_buttons\">\n<div class=\"buttons\">\n<p>Fonte: Portal MeioNews.<br \/>\nConfira esta e outras mat\u00e9rias na \u00edntegra pelo link: https:\/\/www.meionews.com\/policia\/atirador-do-cefet-estava-afastado-ha-60-dias-por-problemas-psiquiatricos-548330<\/p>\n<\/div>\n<\/div>\n<\/div>\n<\/div>\n<\/div>\n","protected":false},"excerpt":{"rendered":"<p>Funcion\u00e1rio matou a diretora Allane Pedrotti e a psic\u00f3loga Layse Pinheiro antes de tirar a pr\u00f3pria vida; Delegacia de Homic\u00eddios investiga o caso. &nbsp; Defesa Civil no Cefet, no Maracan\u00e3, Zona Norte do Rio | Foto: Felipe Grinberg O funcion\u00e1rio do Cefet do Maracan\u00e3, Jo\u00e3o Ant\u00f4nio Miranda Tello Gon\u00e7alves, que matou a diretora Allane Pedrotti [&hellip;]<\/p>\n","protected":false},"author":3,"featured_media":13548,"comment_status":"open","ping_status":"open","sticky":false,"template":"","format":"standard","meta":{"om_disable_all_campaigns":false,"_monsterinsights_skip_tracking":false,"_monsterinsights_sitenote_active":false,"_monsterinsights_sitenote_note":"","_monsterinsights_sitenote_category":0,"footnotes":""},"categories":[47,542],"tags":[],"class_list":["post-13547","post","type-post","status-publish","format-standard","has-post-thumbnail","hentry","category-nacionais","category-policia"],"jetpack_featured_media_url":"https:\/\/fatoelado.com\/wp-content\/uploads\/2025\/11\/defesa-civil-no-cefet-no-maracana-zona-norte-do-rio-231114099647715b.jpg","_links":{"self":[{"href":"https:\/\/fatoelado.com\/index.php?rest_route=\/wp\/v2\/posts\/13547","targetHints":{"allow":["GET"]}}],"collection":[{"href":"https:\/\/fatoelado.com\/index.php?rest_route=\/wp\/v2\/posts"}],"about":[{"href":"https:\/\/fatoelado.com\/index.php?rest_route=\/wp\/v2\/types\/post"}],"author":[{"embeddable":true,"href":"https:\/\/fatoelado.com\/index.php?rest_route=\/wp\/v2\/users\/3"}],"replies":[{"embeddable":true,"href":"https:\/\/fatoelado.com\/index.php?rest_route=%2Fwp%2Fv2%2Fcomments&post=13547"}],"version-history":[{"count":1,"href":"https:\/\/fatoelado.com\/index.php?rest_route=\/wp\/v2\/posts\/13547\/revisions"}],"predecessor-version":[{"id":13549,"href":"https:\/\/fatoelado.com\/index.php?rest_route=\/wp\/v2\/posts\/13547\/revisions\/13549"}],"wp:featuredmedia":[{"embeddable":true,"href":"https:\/\/fatoelado.com\/index.php?rest_route=\/wp\/v2\/media\/13548"}],"wp:attachment":[{"href":"https:\/\/fatoelado.com\/index.php?rest_route=%2Fwp%2Fv2%2Fmedia&parent=13547"}],"wp:term":[{"taxonomy":"category","embeddable":true,"href":"https:\/\/fatoelado.com\/index.php?rest_route=%2Fwp%2Fv2%2Fcategories&post=13547"},{"taxonomy":"post_tag","embeddable":true,"href":"https:\/\/fatoelado.com\/index.php?rest_route=%2Fwp%2Fv2%2Ftags&post=13547"}],"curies":[{"name":"wp","href":"https:\/\/api.w.org\/{rel}","templated":true}]}}