{"id":13525,"date":"2025-11-29T13:17:18","date_gmt":"2025-11-29T16:17:18","guid":{"rendered":"https:\/\/fatoelado.com\/?p=13525"},"modified":"2025-11-29T13:17:18","modified_gmt":"2025-11-29T16:17:18","slug":"moraes-pede-a-defesa-de-augusto-heleno-exame-de-alzheimer","status":"publish","type":"post","link":"https:\/\/fatoelado.com\/?p=13525","title":{"rendered":"Moraes pede \u00e0 defesa de Augusto Heleno exame de Alzheimer"},"content":{"rendered":"<p><img decoding=\"async\" class=\"aligncenter\" src=\"https:\/\/cidadeverde.com\/assets\/uploads\/colecoes\/2\/2025\/11\/WhatsApp_Image_2025-11-29_at_12_29_41.jpeg\" \/><\/p>\n<p>&nbsp;<\/p>\n<p>O ministro Alexandre de Moraes, do Supremo Tribunal Federal, deu cinco dias para que a defesa do general Augusto Heleno, ex-chefe do Gabinete de Seguran\u00e7a Institucional, apresente o exame inicial que diagnosticou o quadro de Alzheimer do militar, assim como todos os relat\u00f3rios e avalia\u00e7\u00f5es m\u00e9dicas, desde 2018, que comprovem o quadro alegado para pedir a pris\u00e3o domiciliar do aliado do ex-presidente Jair Bolsonaro.<\/p>\n<p>A determina\u00e7\u00e3o consta de despacho assinado neste s\u00e1bado, 29, citando a &#8220;necessidade de completa instru\u00e7\u00e3o quanto ao hist\u00f3rico cl\u00ednico alegado&#8221; pelo militar. No documento, Moraes ainda ordena que os advogados de Heleno esclare\u00e7am se ele comunicou o diagn\u00f3stico ao servi\u00e7o de sa\u00fade da Presid\u00eancia da Rep\u00fablica ou algum outro \u00f3rg\u00e3o \u00e0 \u00e9poca que chefiava o GSI, entre 2019 e 2022.<\/p>\n<p>Ap\u00f3s Heleno ser levado ao Comando Militar do Planalto para cumprir a pena definitiva de 21 anos de pris\u00e3o a que foi condenado na a\u00e7\u00e3o penal do golpe, sua defesa pediu sua pris\u00e3o domiciliar humanit\u00e1ria, em raz\u00e3o de seu estado de sa\u00fade e idade avan\u00e7ada. Os advogados sustentaram que o ex-chefe do GSI tem 78 anos e um grave e progressivo quadro cl\u00ednico, com diagn\u00f3stico de dem\u00eancia mista (Alzheimer e vascular) em est\u00e1gio inicial.<\/p>\n<p>Ainda de acordo com a defesa, Heleno apresenta sintomas cognitivos desde 2018, &#8220;com evolu\u00e7\u00e3o progressiva documentada em relat\u00f3rios que culminaram no diagn\u00f3stico de dem\u00eancia mista&#8221;. A Procuradoria-Geral da Rep\u00fablica deu parecer favor\u00e1vel \u00e0 pris\u00e3o domiciliar do militar.<\/p>\n<p>Ao analisar o caso, Moraes entendeu que n\u00e3o foi apresentado ao STF &#8220;nenhum documento, exame, relat\u00f3rio, not\u00edcia ou comprova\u00e7\u00e3o da presen\u00e7a dos sintomas contempor\u00e2neos aos anos de 2018, 2019, 2020, 2021, 2022, 2023&#8221;, destacando que em tal per\u00edodo o militar foi chefe do GSI, ao qual est\u00e1 subordinada a Ag\u00eancia Brasileira de Intelig\u00eancia (ABIN) &#8211; &#8220;respons\u00e1vel por informa\u00e7\u00f5es de intelig\u00eancia sens\u00edveis \u00e0 Soberania Nacional&#8221;.<\/p>\n<p>O ministro frisou que os exames que acompanham o laudo m\u00e9dico juntado ao processo de Heleno foram realizados em 2024. Anotou ainda que, em &#8220;momento algum&#8221; da tramita\u00e7\u00e3o da a\u00e7\u00e3o penal do golpe, Heleno &#8220;alegou problemas cognitivos&#8221;.<\/p>\n<p>&nbsp;<\/p>\n<p>Fonte: Portal CidadeVerde.<br \/>\nConfira esta e outras mat\u00e9rias na \u00edntegra pelo link: https:\/\/cidadeverde.com\/noticias\/446472\/moraes-pede-a-defesa-de-augusto-heleno-exame-de-alzheimer<\/p>\n","protected":false},"excerpt":{"rendered":"<p>&nbsp; O ministro Alexandre de Moraes, do Supremo Tribunal Federal, deu cinco dias para que a defesa do general Augusto Heleno, ex-chefe do Gabinete de Seguran\u00e7a Institucional, apresente o exame inicial que diagnosticou o quadro de Alzheimer do militar, assim como todos os relat\u00f3rios e avalia\u00e7\u00f5es m\u00e9dicas, desde 2018, que comprovem o quadro alegado para [&hellip;]<\/p>\n","protected":false},"author":3,"featured_media":13527,"comment_status":"open","ping_status":"open","sticky":false,"template":"","format":"standard","meta":{"om_disable_all_campaigns":false,"_monsterinsights_skip_tracking":false,"_monsterinsights_sitenote_active":false,"_monsterinsights_sitenote_note":"","_monsterinsights_sitenote_category":0,"footnotes":""},"categories":[47,30],"tags":[],"class_list":["post-13525","post","type-post","status-publish","format-standard","has-post-thumbnail","hentry","category-nacionais","category-politica"],"jetpack_featured_media_url":"https:\/\/fatoelado.com\/wp-content\/uploads\/2025\/11\/WhatsApp_Image_2025-11-29_at_12_29_41.jpeg","_links":{"self":[{"href":"https:\/\/fatoelado.com\/index.php?rest_route=\/wp\/v2\/posts\/13525","targetHints":{"allow":["GET"]}}],"collection":[{"href":"https:\/\/fatoelado.com\/index.php?rest_route=\/wp\/v2\/posts"}],"about":[{"href":"https:\/\/fatoelado.com\/index.php?rest_route=\/wp\/v2\/types\/post"}],"author":[{"embeddable":true,"href":"https:\/\/fatoelado.com\/index.php?rest_route=\/wp\/v2\/users\/3"}],"replies":[{"embeddable":true,"href":"https:\/\/fatoelado.com\/index.php?rest_route=%2Fwp%2Fv2%2Fcomments&post=13525"}],"version-history":[{"count":1,"href":"https:\/\/fatoelado.com\/index.php?rest_route=\/wp\/v2\/posts\/13525\/revisions"}],"predecessor-version":[{"id":13528,"href":"https:\/\/fatoelado.com\/index.php?rest_route=\/wp\/v2\/posts\/13525\/revisions\/13528"}],"wp:featuredmedia":[{"embeddable":true,"href":"https:\/\/fatoelado.com\/index.php?rest_route=\/wp\/v2\/media\/13527"}],"wp:attachment":[{"href":"https:\/\/fatoelado.com\/index.php?rest_route=%2Fwp%2Fv2%2Fmedia&parent=13525"}],"wp:term":[{"taxonomy":"category","embeddable":true,"href":"https:\/\/fatoelado.com\/index.php?rest_route=%2Fwp%2Fv2%2Fcategories&post=13525"},{"taxonomy":"post_tag","embeddable":true,"href":"https:\/\/fatoelado.com\/index.php?rest_route=%2Fwp%2Fv2%2Ftags&post=13525"}],"curies":[{"name":"wp","href":"https:\/\/api.w.org\/{rel}","templated":true}]}}