{"id":13511,"date":"2025-11-28T10:19:47","date_gmt":"2025-11-28T13:19:47","guid":{"rendered":"https:\/\/fatoelado.com\/?p=13511"},"modified":"2025-11-28T10:19:47","modified_gmt":"2025-11-28T13:19:47","slug":"rafael-fonteles-inaugura-novo-trecho-da-br-222-entre-sao-joao-do-arraial-e-matias-olimpio-neste-sabado-29","status":"publish","type":"post","link":"https:\/\/fatoelado.com\/?p=13511","title":{"rendered":"Rafael Fonteles inaugura novo trecho da BR-222 entre S\u00e3o Jo\u00e3o do Arraial e Matias Ol\u00edmpio neste s\u00e1bado (29)"},"content":{"rendered":"<h2 class=\"elementor-heading-title elementor-size-default\" style=\"text-align: center;\">O trecho da rodovia se conecta com a PI-117 e tem uma extens\u00e3o de 17,30km. O projeto contemplou ainda a constru\u00e7\u00e3o de uma ponte de 24 metros.<\/h2>\n<p>&nbsp;<\/p>\n<p>O governador Rafael Fonteles inaugura, neste s\u00e1bado (29), \u00e0s 8h30, a pavimenta\u00e7\u00e3o asf\u00e1ltica do trecho da BR-222 entre os munic\u00edpios de S\u00e3o Jo\u00e3o do Arraial e Matias Ol\u00edmpio. A solenidade ser\u00e1 realizada em S\u00e3o Jo\u00e3o do Arraial, no bairro Liberdade, com a presen\u00e7a de autoridades e lideran\u00e7as da regi\u00e3o.<\/p>\n<p>A obra, executada pelo Departamento de Estradas de Rodagens (DER-PI), teve investimento de R$ 20.143.823,93. O trecho da rodovia se conecta com a PI-117 e tem uma extens\u00e3o de 17,30 km. De acordo com o DER-PI, o projeto finalizado contemplou ainda a constru\u00e7\u00e3o de uma ponte de 24 metros.<\/p>\n<figure id=\"attachment_84439\" class=\"wp-caption alignnone\" aria-describedby=\"caption-attachment-84439\"><img loading=\"lazy\" decoding=\"async\" class=\"size-full wp-image-84439\" src=\"https:\/\/www.pi.gov.br\/wp-content\/uploads\/2025\/09\/BR-222-.jpeg\" sizes=\"auto, (max-width: 976px) 100vw, 976px\" srcset=\"https:\/\/www.pi.gov.br\/wp-content\/uploads\/2025\/09\/BR-222-.jpeg 976w, https:\/\/www.pi.gov.br\/wp-content\/uploads\/2025\/09\/BR-222--300x185.jpeg 300w, https:\/\/www.pi.gov.br\/wp-content\/uploads\/2025\/09\/BR-222--768x474.jpeg 768w\" alt=\"\" width=\"976\" height=\"603\" \/><figcaption id=\"caption-attachment-84439\" class=\"wp-caption-text\">\u00a0Trecho da BR-222 entre S\u00e3o Jo\u00e3o do Arraial e Matias Ol\u00edmpio (Foto: Ascom DER-PI)<\/figcaption><\/figure>\n<p>A BR-222 tem a fun\u00e7\u00e3o de integrar o Norte e o Nordeste do pa\u00eds. \u201cEssa nova rodovia constru\u00edda integra os estados do Piau\u00ed, Cear\u00e1, Maranh\u00e3o e Par\u00e1. \u00c9 uma obra muito importante para a regi\u00e3o norte do Piau\u00ed, especialmente para as cidades de Matias Ol\u00edmpio e S\u00e3o Jo\u00e3o do Arraial, j\u00e1 que antes a estrada n\u00e3o era asfaltada\u201d, explica Leonardo Sobral, diretor-geral do DER-PI.<\/p>\n<p>O \u00f3rg\u00e3o vem investindo de forma estrat\u00e9gica para transformar a malha rodovi\u00e1ria do Piau\u00ed, dotando as rodovias de pavimenta\u00e7\u00e3o de qualidade e sinaliza\u00e7\u00e3o para evitar acidentes. Essas rodovias t\u00eam impulsionado o turismo, o transporte de cargas e facilitado a interliga\u00e7\u00e3o do Piau\u00ed com estados vizinhos.<\/p>\n<p>Al\u00e9m da recupera\u00e7\u00e3o de mais de 7 mil km de rodovias, o Estado avan\u00e7a na constru\u00e7\u00e3o de novas liga\u00e7\u00f5es interestaduais que conectam munic\u00edpios piauienses aos estados vizinhos: Cear\u00e1, Pernambuco e Bahia, promovendo interc\u00e2mbio comercial, turismo e dinamismo econ\u00f4mico.<\/p>\n<p>&nbsp;<\/p>\n<p>Fonte: Portal pi.Gov<br \/>\nConfira esta e outras mat\u00e9rias na \u00edntegra pelo link: https:\/\/www.pi.gov.br\/rafael-fonteles-inaugura-novo-trecho-da-br-222-entre-sao-joao-do-arraial-e-matias-olimpio-neste-sabado-29\/<\/p>\n","protected":false},"excerpt":{"rendered":"<p>O trecho da rodovia se conecta com a PI-117 e tem uma extens\u00e3o de 17,30km. O projeto contemplou ainda a constru\u00e7\u00e3o de uma ponte de 24 metros. &nbsp; O governador Rafael Fonteles inaugura, neste s\u00e1bado (29), \u00e0s 8h30, a pavimenta\u00e7\u00e3o asf\u00e1ltica do trecho da BR-222 entre os munic\u00edpios de S\u00e3o Jo\u00e3o do Arraial e Matias [&hellip;]<\/p>\n","protected":false},"author":3,"featured_media":13512,"comment_status":"open","ping_status":"open","sticky":false,"template":"","format":"standard","meta":{"om_disable_all_campaigns":false,"_monsterinsights_skip_tracking":false,"_monsterinsights_sitenote_active":false,"_monsterinsights_sitenote_note":"","_monsterinsights_sitenote_category":0,"footnotes":""},"categories":[33],"tags":[],"class_list":["post-13511","post","type-post","status-publish","format-standard","has-post-thumbnail","hentry","category-piaui"],"jetpack_featured_media_url":"https:\/\/fatoelado.com\/wp-content\/uploads\/2025\/11\/BR-222-.jpeg","_links":{"self":[{"href":"https:\/\/fatoelado.com\/index.php?rest_route=\/wp\/v2\/posts\/13511","targetHints":{"allow":["GET"]}}],"collection":[{"href":"https:\/\/fatoelado.com\/index.php?rest_route=\/wp\/v2\/posts"}],"about":[{"href":"https:\/\/fatoelado.com\/index.php?rest_route=\/wp\/v2\/types\/post"}],"author":[{"embeddable":true,"href":"https:\/\/fatoelado.com\/index.php?rest_route=\/wp\/v2\/users\/3"}],"replies":[{"embeddable":true,"href":"https:\/\/fatoelado.com\/index.php?rest_route=%2Fwp%2Fv2%2Fcomments&post=13511"}],"version-history":[{"count":1,"href":"https:\/\/fatoelado.com\/index.php?rest_route=\/wp\/v2\/posts\/13511\/revisions"}],"predecessor-version":[{"id":13513,"href":"https:\/\/fatoelado.com\/index.php?rest_route=\/wp\/v2\/posts\/13511\/revisions\/13513"}],"wp:featuredmedia":[{"embeddable":true,"href":"https:\/\/fatoelado.com\/index.php?rest_route=\/wp\/v2\/media\/13512"}],"wp:attachment":[{"href":"https:\/\/fatoelado.com\/index.php?rest_route=%2Fwp%2Fv2%2Fmedia&parent=13511"}],"wp:term":[{"taxonomy":"category","embeddable":true,"href":"https:\/\/fatoelado.com\/index.php?rest_route=%2Fwp%2Fv2%2Fcategories&post=13511"},{"taxonomy":"post_tag","embeddable":true,"href":"https:\/\/fatoelado.com\/index.php?rest_route=%2Fwp%2Fv2%2Ftags&post=13511"}],"curies":[{"name":"wp","href":"https:\/\/api.w.org\/{rel}","templated":true}]}}