{"id":13505,"date":"2025-11-28T10:18:25","date_gmt":"2025-11-28T13:18:25","guid":{"rendered":"https:\/\/fatoelado.com\/?p=13505"},"modified":"2025-11-28T10:18:25","modified_gmt":"2025-11-28T13:18:25","slug":"piaui-ganha-destaque-na-advocacia-publica-com-eleicao-de-pierot-junior-para-o-conselho-fiscal-do-colegio-nacional-de-procuradores","status":"publish","type":"post","link":"https:\/\/fatoelado.com\/?p=13505","title":{"rendered":"Piau\u00ed ganha destaque na advocacia p\u00fablica com elei\u00e7\u00e3o de Pierot J\u00fanior para o Conselho Fiscal do Col\u00e9gio Nacional de Procuradores"},"content":{"rendered":"<h2 class=\"elementor-heading-title elementor-size-default\" style=\"text-align: center;\">O Procurador-Geral do Estado do Piau\u00ed foi eleito membro do Conpeg, em reuni\u00e3o extraordin\u00e1ria realizada nessa quinta-feira (27), em S\u00e3o Paulo.<\/h2>\n<p>&nbsp;<\/p>\n<p>O Procurador-Geral do Estado do Piau\u00ed, Pierot J\u00fanior, foi eleito como membro titular do Conselho Fiscal do Col\u00e9gio Nacional de Procuradores-Gerais dos Estados e do Distrito Federal (Conpeg), em reuni\u00e3o extraordin\u00e1ria realizada nessa quinta-feira (27), em S\u00e3o Paulo. A indica\u00e7\u00e3o est\u00e1 em conformidade com a nova composi\u00e7\u00e3o do colegiado, institu\u00edda para o bi\u00eanio 2026\u20132027.<\/p>\n<p>A participa\u00e7\u00e3o de Pierot J\u00fanior no Conpeg refor\u00e7a a representatividade do Piau\u00ed nas discuss\u00f5es nacionais sobre advocacia p\u00fablica, fortalecimento institucional e coopera\u00e7\u00e3o entre os Estados. Segundo o representante, a PGE-PI desbrava mais espa\u00e7o diante das pautas sobre a advocacia p\u00fablica.<\/p>\n<figure id=\"attachment_101780\" class=\"wp-caption aligncenter\" aria-describedby=\"caption-attachment-101780\"><img loading=\"lazy\" decoding=\"async\" class=\"wp-image-101780 size-full\" src=\"https:\/\/www.pi.gov.br\/wp-content\/uploads\/2025\/11\/WhatsApp-Image-2025-11-28-at-08.39.11.jpeg\" sizes=\"auto, (max-width: 1280px) 100vw, 1280px\" srcset=\"https:\/\/www.pi.gov.br\/wp-content\/uploads\/2025\/11\/WhatsApp-Image-2025-11-28-at-08.39.11.jpeg 1280w, https:\/\/www.pi.gov.br\/wp-content\/uploads\/2025\/11\/WhatsApp-Image-2025-11-28-at-08.39.11-300x200.jpeg 300w, https:\/\/www.pi.gov.br\/wp-content\/uploads\/2025\/11\/WhatsApp-Image-2025-11-28-at-08.39.11-1024x683.jpeg 1024w, https:\/\/www.pi.gov.br\/wp-content\/uploads\/2025\/11\/WhatsApp-Image-2025-11-28-at-08.39.11-768x512.jpeg 768w\" alt=\"\" width=\"1280\" height=\"854\" \/><figcaption id=\"caption-attachment-101780\" class=\"wp-caption-text\">Foto: Diego Veloso<\/figcaption><\/figure>\n<p>\u201c\u00c9 uma honra representar o Piau\u00ed no Conselho Fiscal do Conpeg. Assumo esse compromisso com responsabilidade e firmeza, ciente da import\u00e2ncia de contribuirmos com a advocacia p\u00fablica e com o crescimento institucional de forma transparente e eficiente\u201d, afirmou Pierot J\u00fanior.<\/p>\n<p>A indica\u00e7\u00e3o reafirma a trajet\u00f3ria de destaque de Pierot J\u00fanior \u00e0 frente da PGE-PI. Ele foi empossado como Procurador-Geral do Estado em 2023.<\/p>\n<p>Com sua atua\u00e7\u00e3o no Conpeg, a PGE-PI espera ampliar o interc\u00e2mbio institucional e fortalecer a participa\u00e7\u00e3o do Estado do Piau\u00ed em pautas nacionais de interesse dos entes federados.<\/p>\n<p>Para a presid\u00eancia do novo mandato do Conpeg, a partir de 2026, a Procuradora-Geral do Estado da Bahia, B\u00e1rbara Camardelli Loi, foi eleita por unanimidade por todo o colegiado.<\/p>\n<figure id=\"attachment_101778\" class=\"wp-caption alignleft\" aria-describedby=\"caption-attachment-101778\"><img loading=\"lazy\" decoding=\"async\" class=\"wp-image-101778 size-full\" src=\"https:\/\/www.pi.gov.br\/wp-content\/uploads\/2025\/11\/WhatsApp-Image-2025-11-28-at-08.56.26.jpeg\" sizes=\"auto, (max-width: 1600px) 100vw, 1600px\" srcset=\"https:\/\/www.pi.gov.br\/wp-content\/uploads\/2025\/11\/WhatsApp-Image-2025-11-28-at-08.56.26.jpeg 1600w, https:\/\/www.pi.gov.br\/wp-content\/uploads\/2025\/11\/WhatsApp-Image-2025-11-28-at-08.56.26-300x225.jpeg 300w, https:\/\/www.pi.gov.br\/wp-content\/uploads\/2025\/11\/WhatsApp-Image-2025-11-28-at-08.56.26-1024x768.jpeg 1024w, https:\/\/www.pi.gov.br\/wp-content\/uploads\/2025\/11\/WhatsApp-Image-2025-11-28-at-08.56.26-768x576.jpeg 768w, https:\/\/www.pi.gov.br\/wp-content\/uploads\/2025\/11\/WhatsApp-Image-2025-11-28-at-08.56.26-1536x1152.jpeg 1536w\" alt=\"\" width=\"1600\" height=\"1200\" \/><figcaption id=\"caption-attachment-101778\" class=\"wp-caption-text\"><em>Procurador-Geral Pierot J\u00fanior ao lado da futura presidente do Conpeg, B\u00e1rbara Camardelli Loi, Procuradora-Geral do Estado da Bahia. (Foto: Diego Veloso)<\/p>\n<p><\/em>Fonte: Portal pi.Gov<br \/>\nConfira esta e outras mat\u00e9rias na \u00edntegra pelo link: https:\/\/www.pi.gov.br\/piaui-ganha-destaque-na-advocacia-publica-com-eleicao-de-pierot-junior-para-o-conselho-fiscal-do-colegio-nacional-de-procuradores\/<\/figcaption><\/figure>\n","protected":false},"excerpt":{"rendered":"<p>O Procurador-Geral do Estado do Piau\u00ed foi eleito membro do Conpeg, em reuni\u00e3o extraordin\u00e1ria realizada nessa quinta-feira (27), em S\u00e3o Paulo. &nbsp; O Procurador-Geral do Estado do Piau\u00ed, Pierot J\u00fanior, foi eleito como membro titular do Conselho Fiscal do Col\u00e9gio Nacional de Procuradores-Gerais dos Estados e do Distrito Federal (Conpeg), em reuni\u00e3o extraordin\u00e1ria realizada nessa [&hellip;]<\/p>\n","protected":false},"author":3,"featured_media":13506,"comment_status":"open","ping_status":"open","sticky":false,"template":"","format":"standard","meta":{"om_disable_all_campaigns":false,"_monsterinsights_skip_tracking":false,"_monsterinsights_sitenote_active":false,"_monsterinsights_sitenote_note":"","_monsterinsights_sitenote_category":0,"footnotes":""},"categories":[33],"tags":[],"class_list":["post-13505","post","type-post","status-publish","format-standard","has-post-thumbnail","hentry","category-piaui"],"jetpack_featured_media_url":"https:\/\/fatoelado.com\/wp-content\/uploads\/2025\/11\/WhatsApp-Image-2025-11-28-at-08.56.26.jpeg","_links":{"self":[{"href":"https:\/\/fatoelado.com\/index.php?rest_route=\/wp\/v2\/posts\/13505","targetHints":{"allow":["GET"]}}],"collection":[{"href":"https:\/\/fatoelado.com\/index.php?rest_route=\/wp\/v2\/posts"}],"about":[{"href":"https:\/\/fatoelado.com\/index.php?rest_route=\/wp\/v2\/types\/post"}],"author":[{"embeddable":true,"href":"https:\/\/fatoelado.com\/index.php?rest_route=\/wp\/v2\/users\/3"}],"replies":[{"embeddable":true,"href":"https:\/\/fatoelado.com\/index.php?rest_route=%2Fwp%2Fv2%2Fcomments&post=13505"}],"version-history":[{"count":1,"href":"https:\/\/fatoelado.com\/index.php?rest_route=\/wp\/v2\/posts\/13505\/revisions"}],"predecessor-version":[{"id":13507,"href":"https:\/\/fatoelado.com\/index.php?rest_route=\/wp\/v2\/posts\/13505\/revisions\/13507"}],"wp:featuredmedia":[{"embeddable":true,"href":"https:\/\/fatoelado.com\/index.php?rest_route=\/wp\/v2\/media\/13506"}],"wp:attachment":[{"href":"https:\/\/fatoelado.com\/index.php?rest_route=%2Fwp%2Fv2%2Fmedia&parent=13505"}],"wp:term":[{"taxonomy":"category","embeddable":true,"href":"https:\/\/fatoelado.com\/index.php?rest_route=%2Fwp%2Fv2%2Fcategories&post=13505"},{"taxonomy":"post_tag","embeddable":true,"href":"https:\/\/fatoelado.com\/index.php?rest_route=%2Fwp%2Fv2%2Ftags&post=13505"}],"curies":[{"name":"wp","href":"https:\/\/api.w.org\/{rel}","templated":true}]}}