{"id":13502,"date":"2025-11-28T10:17:09","date_gmt":"2025-11-28T13:17:09","guid":{"rendered":"https:\/\/fatoelado.com\/?p=13502"},"modified":"2025-11-28T10:17:09","modified_gmt":"2025-11-28T13:17:09","slug":"piaui-e-1o-do-nordeste-e-2o-do-brasil-em-crescimento-de-empregos-formais-aponta-caged","status":"publish","type":"post","link":"https:\/\/fatoelado.com\/?p=13502","title":{"rendered":"Piau\u00ed \u00e9 1\u00ba do Nordeste e 2\u00ba do Brasil em crescimento de empregos formais, aponta Caged"},"content":{"rendered":"<h2 class=\"elementor-heading-title elementor-size-default\" style=\"text-align: center;\">De janeiro a outubro, o estado criou 24.270 vagas formais, um avan\u00e7o de 6,71%<\/h2>\n<p>&nbsp;<\/p>\n<p>Os dados mais recentes do Cadastro Geral de Empregados e Desempregados (Caged) divulgados nesta quinta-feira (27), mostram que o Piau\u00ed segue em ritmo acelerado de gera\u00e7\u00e3o de empregos. De janeiro a outubro, o estado criou 24.270 vagas formais, um avan\u00e7o de 6,71%, desempenho que coloca o Piau\u00ed na lideran\u00e7a do Nordeste e na segunda posi\u00e7\u00e3o entre os estados brasileiros em crescimento do emprego formal em 2025.<\/p>\n<p>O resultado de outubro tamb\u00e9m foi positivo. O estado registrou 2.693 novos postos de trabalho com carteira assinada, uma alta de 0,70%. O n\u00famero apresenta 241 empregos a mais do que o m\u00eas de setembro.<\/p>\n<p>Os munic\u00edpios que mais contribu\u00edram para o desempenho anual foram:<br \/>\nTeresina (+11.059), Uni\u00e3o (+2.171), Picos (+1.339), Parna\u00edba (+1.043), Piripiri (+1.015), S\u00e3o Raimundo Nonato (+581), Paje\u00fa do Piau\u00ed (+579), Bom Jesus (+560), Altos (+518) e Floriano (+398).<\/p>\n<p>No recorte territorial, Entre Rios liderou o saldo de outubro, com +1.204 vagas. Em termos de crescimento relativo, destacaram-se os territ\u00f3rios Serra da Capivara (+334; +4,33%), Vale do Sambito (+120; +2,89%), Tabuleiros do Alto Parna\u00edba (+318; +2,59%) e Chapada das Mangabeiras (+287; +2,09%).<\/p>\n<p>Para o governador Rafael Fonteles, os n\u00fameros refor\u00e7am o impacto das pol\u00edticas de desenvolvimento adotadas pelo Estado. \u201cSeguiremos trabalhando para que esse ritmo se mantenha, ampliando as condi\u00e7\u00f5es para que mais empresas invistam, cres\u00e7am e gerem emprego e renda. O Piau\u00ed vive um momento de confian\u00e7a e transforma\u00e7\u00e3o, e vamos continuar avan\u00e7ando para que esse desenvolvimento alcance cada vez mais pessoas em todo o estado\u201d, disse.<\/p>\n<p>Com resultados acima da m\u00e9dia regional e nacional, o Piau\u00ed mant\u00e9m a trajet\u00f3ria de crescimento iniciada nos \u00faltimos anos e consolida uma sequ\u00eancia de meses positivos na gera\u00e7\u00e3o de emprego formal. O desempenho recorrente coloca o estado entre os principais polos de dinamismo econ\u00f4mico do Nordeste, refletindo um ambiente favor\u00e1vel aos investimentos e a expans\u00e3o cont\u00ednua das atividades produtivas.<\/p>\n<p><img loading=\"lazy\" decoding=\"async\" class=\"alignnone size-full wp-image-101706\" src=\"https:\/\/www.pi.gov.br\/wp-content\/uploads\/2025\/11\/25b16599-55eb-4e30-984f-9ebe5259758c.jpeg\" sizes=\"auto, (max-width: 736px) 100vw, 736px\" srcset=\"https:\/\/www.pi.gov.br\/wp-content\/uploads\/2025\/11\/25b16599-55eb-4e30-984f-9ebe5259758c.jpeg 736w, https:\/\/www.pi.gov.br\/wp-content\/uploads\/2025\/11\/25b16599-55eb-4e30-984f-9ebe5259758c-230x300.jpeg 230w\" alt=\"\" width=\"736\" height=\"958\" \/><\/p>\n<p>&nbsp;<\/p>\n<p>Fonte: Portal pi.Gov<br \/>\nConfira esta e outras mat\u00e9rias na \u00edntegra pelo link: https:\/\/www.pi.gov.br\/piaui-e-1o-do-nordeste-e-2o-do-brasil-em-crescimento-de-empregos-formais-aponta-caged\/<\/p>\n","protected":false},"excerpt":{"rendered":"<p>De janeiro a outubro, o estado criou 24.270 vagas formais, um avan\u00e7o de 6,71% &nbsp; Os dados mais recentes do Cadastro Geral de Empregados e Desempregados (Caged) divulgados nesta quinta-feira (27), mostram que o Piau\u00ed segue em ritmo acelerado de gera\u00e7\u00e3o de empregos. De janeiro a outubro, o estado criou 24.270 vagas formais, um avan\u00e7o [&hellip;]<\/p>\n","protected":false},"author":3,"featured_media":13503,"comment_status":"open","ping_status":"open","sticky":false,"template":"","format":"standard","meta":{"om_disable_all_campaigns":false,"_monsterinsights_skip_tracking":false,"_monsterinsights_sitenote_active":false,"_monsterinsights_sitenote_note":"","_monsterinsights_sitenote_category":0,"footnotes":""},"categories":[33],"tags":[],"class_list":["post-13502","post","type-post","status-publish","format-standard","has-post-thumbnail","hentry","category-piaui"],"jetpack_featured_media_url":"https:\/\/fatoelado.com\/wp-content\/uploads\/2025\/11\/Captura-de-tela-2025-11-28-101628.png","_links":{"self":[{"href":"https:\/\/fatoelado.com\/index.php?rest_route=\/wp\/v2\/posts\/13502","targetHints":{"allow":["GET"]}}],"collection":[{"href":"https:\/\/fatoelado.com\/index.php?rest_route=\/wp\/v2\/posts"}],"about":[{"href":"https:\/\/fatoelado.com\/index.php?rest_route=\/wp\/v2\/types\/post"}],"author":[{"embeddable":true,"href":"https:\/\/fatoelado.com\/index.php?rest_route=\/wp\/v2\/users\/3"}],"replies":[{"embeddable":true,"href":"https:\/\/fatoelado.com\/index.php?rest_route=%2Fwp%2Fv2%2Fcomments&post=13502"}],"version-history":[{"count":1,"href":"https:\/\/fatoelado.com\/index.php?rest_route=\/wp\/v2\/posts\/13502\/revisions"}],"predecessor-version":[{"id":13504,"href":"https:\/\/fatoelado.com\/index.php?rest_route=\/wp\/v2\/posts\/13502\/revisions\/13504"}],"wp:featuredmedia":[{"embeddable":true,"href":"https:\/\/fatoelado.com\/index.php?rest_route=\/wp\/v2\/media\/13503"}],"wp:attachment":[{"href":"https:\/\/fatoelado.com\/index.php?rest_route=%2Fwp%2Fv2%2Fmedia&parent=13502"}],"wp:term":[{"taxonomy":"category","embeddable":true,"href":"https:\/\/fatoelado.com\/index.php?rest_route=%2Fwp%2Fv2%2Fcategories&post=13502"},{"taxonomy":"post_tag","embeddable":true,"href":"https:\/\/fatoelado.com\/index.php?rest_route=%2Fwp%2Fv2%2Ftags&post=13502"}],"curies":[{"name":"wp","href":"https:\/\/api.w.org\/{rel}","templated":true}]}}