{"id":13496,"date":"2025-11-28T10:13:40","date_gmt":"2025-11-28T13:13:40","guid":{"rendered":"https:\/\/fatoelado.com\/?p=13496"},"modified":"2025-11-28T10:13:40","modified_gmt":"2025-11-28T13:13:40","slug":"casos-de-sarampo-caem-71-em-24-anos-por-melhoria-da-cobertura-vacinal-diz-oms","status":"publish","type":"post","link":"https:\/\/fatoelado.com\/?p=13496","title":{"rendered":"Casos de sarampo caem 71% em 24 anos por melhoria da cobertura vacinal, diz OMS"},"content":{"rendered":"<h2 class=\"content-head__subtitle\" style=\"text-align: center;\">Relat\u00f3rio aponta que, apesar do avan\u00e7o hist\u00f3rico, surtos voltaram a crescer em 2024 e revelam falhas na cobertura vacinal em pa\u00edses de diferentes n\u00edveis de renda.<\/h2>\n<p>&nbsp;<\/p>\n<div id=\"chunk-4cfp\">\n<div class=\"row medium-uncollapsed content-media content-photo\" data-block-type=\"backstage-photo\" data-block-id=\"1\">\n<div class=\" mc-column  content-media__container\">\n<div class=\"content-media-container glb-skeleton-box\">\n<figure class=\"content-media-figure\"><img decoding=\"async\" class=\"i-amphtml-fill-content i-amphtml-replaced-content\" src=\"https:\/\/s2-g1.glbimg.com\/qVm6n3fjUqd14Zn-FNRYSQJfUIs=\/0x0:1200x800\/984x0\/smart\/filters:strip_icc()\/i.s3.glbimg.com\/v1\/AUTH_59edd422c0c84a879bd37670ae4f538a\/internal_photos\/bs\/2025\/L\/U\/IKzR71RGeOJsGOw2sZMA\/design-sem-nome-65-.jpg\" sizes=\"(max-width: 1280px) 648px, 100vw\" srcset=\"https:\/\/s2-g1.glbimg.com\/z0L_QQEf4muLzdKxt0nvCQTTqiY=\/0x0:1200x800\/1000x0\/smart\/filters:strip_icc()\/i.s3.glbimg.com\/v1\/AUTH_59edd422c0c84a879bd37670ae4f538a\/internal_photos\/bs\/2025\/L\/U\/IKzR71RGeOJsGOw2sZMA\/design-sem-nome-65-.jpg 1000w, https:\/\/s2-g1.glbimg.com\/qVm6n3fjUqd14Zn-FNRYSQJfUIs=\/0x0:1200x800\/984x0\/smart\/filters:strip_icc()\/i.s3.glbimg.com\/v1\/AUTH_59edd422c0c84a879bd37670ae4f538a\/internal_photos\/bs\/2025\/L\/U\/IKzR71RGeOJsGOw2sZMA\/design-sem-nome-65-.jpg 984w, https:\/\/s2-g1.glbimg.com\/J-C-tQAJ5CCFSK1Pl1yQ80B34ms=\/0x0:1200x800\/640x0\/smart\/filters:strip_icc()\/i.s3.glbimg.com\/v1\/AUTH_59edd422c0c84a879bd37670ae4f538a\/internal_photos\/bs\/2025\/L\/U\/IKzR71RGeOJsGOw2sZMA\/design-sem-nome-65-.jpg 640w, https:\/\/s2-g1.glbimg.com\/Sdj2N7sqCrA_f3HjpgIqK8V4gHI=\/0x0:1200x800\/600x0\/smart\/filters:strip_icc()\/i.s3.glbimg.com\/v1\/AUTH_59edd422c0c84a879bd37670ae4f538a\/internal_photos\/bs\/2025\/L\/U\/IKzR71RGeOJsGOw2sZMA\/design-sem-nome-65-.jpg 600w\" alt=\"Com surto de sarampo na Bol\u00edvia, Mato Grosso do Sul antecipou aplica\u00e7\u00e3o da \u201cdose zero\u201d em beb\u00eas. \u2014 Foto: Reprodu\u00e7\u00e3o\" \/>Com surto de sarampo na Bol\u00edvia, Mato Grosso do Sul antecipou aplica\u00e7\u00e3o da \u201cdose zero\u201d em beb\u00eas. \u2014 Foto: Reprodu\u00e7\u00e3o<\/figure>\n<\/div>\n<\/div>\n<\/div>\n<\/div>\n<div id=\"chunk-be4ra\">\n<div class=\"mc-column content-text active-extra-styles \" data-block-type=\"unstyled\" data-block-weight=\"36\" data-block-id=\"2\">\n<p class=\" content-text__container \" data-track-category=\"Link no Texto\" data-track-links=\"\" data-mrf-recirculation=\"Mat\u00e9ria - Links no Texto\">Os\u00a0<span class=\"highlight highlighted\">casos globais de sarampo ca\u00edram 71%, para 11 milh\u00f5es, no per\u00edodo de 2000 a 2024<\/span>, impulsionados pela melhoria da cobertura de vacina\u00e7\u00e3o, informou a Organiza\u00e7\u00e3o Mundial da Sa\u00fade (OMS) em um relat\u00f3rio nesta sexta-feira (28).<\/p>\n<\/div>\n<\/div>\n<div class=\"wall protected-content\">\n<div id=\"chunk-ailn0\">\n<div class=\"mc-column content-text active-extra-styles \" data-block-type=\"unstyled\" data-block-weight=\"33\" data-block-id=\"4\">\n<p class=\" content-text__container \" data-track-category=\"Link no Texto\" data-track-links=\"\" data-mrf-recirculation=\"Mat\u00e9ria - Links no Texto\">A vacina\u00e7\u00e3o contra o sarampo evitou quase 59 milh\u00f5es de mortes em todo o mundo, com o n\u00famero caindo quase 88%, para 95.000, no per\u00edodo de 24 anos, de acordo com o relat\u00f3rio.<\/p>\n<\/div>\n<\/div>\n<div id=\"chunk-8llsr\">\n<div class=\"mc-column content-text active-extra-styles \" data-block-type=\"unstyled\" data-block-weight=\"56\" data-block-id=\"5\">\n<p class=\" content-text__container \" data-track-category=\"Link no Texto\" data-track-links=\"\" data-mrf-recirculation=\"Mat\u00e9ria - Links no Texto\"><span class=\"highlight highlighted\">No ano passado, houve um ressurgimento do sarampo, com casos estimados aumentando 8%, em compara\u00e7\u00e3o com os n\u00edveis anteriores \u00e0 pandemia em 2019<\/span>. As mortes relacionadas ao sarampo, no entanto, ca\u00edram 11% durante esse per\u00edodo, refletindo um n\u00famero maior de infec\u00e7\u00f5es em pa\u00edses de renda m\u00e9dia com uma taxa de mortalidade mais baixa, disse a\u00a0OMS.<\/p>\n<\/div>\n<\/div>\n<div id=\"chunk-b27r4\">\n<div class=\"mc-column content-text active-extra-styles\" data-block-type=\"raw\" data-block-weight=\"34\" data-block-id=\"7\">\n<blockquote class=\"content-blockquote theme-border-color-primary-before\"><p>&#8220;O sarampo \u00e9 o v\u00edrus mais contagioso do mundo, e esses dados mostram mais uma vez como ele explorar\u00e1 qualquer lacuna em nossas defesas coletivas contra ele&#8221;, afirmou Tedros Adhanom Ghebreyesus, diretor-geral da\u00a0OMS.<\/p><\/blockquote>\n<\/div>\n<\/div>\n<div id=\"chunk-ftbob\">\n<div class=\"mc-column content-text active-extra-styles \" data-block-type=\"unstyled\" data-block-weight=\"38\" data-block-id=\"8\">\n<p class=\" content-text__container \" data-track-category=\"Link no Texto\" data-track-links=\"\" data-mrf-recirculation=\"Mat\u00e9ria - Links no Texto\">O sarampo \u00e9 geralmente a primeira doen\u00e7a a ressurgir quando h\u00e1 uma queda na cobertura de vacina\u00e7\u00e3o, disse a ag\u00eancia, acrescentando que os surtos crescentes exp\u00f5em os pontos fracos dos programas de imuniza\u00e7\u00e3o e dos sistemas de sa\u00fade.<\/p>\n<\/div>\n<\/div>\n<div id=\"chunk-bj58l\">\n<div class=\"mc-column content-text active-extra-styles\" data-block-type=\"raw\" data-block-weight=\"31\" data-block-id=\"9\">\n<blockquote class=\"content-blockquote theme-border-color-primary-before\"><p>&#8220;Mesmo pequenas quedas na cobertura vacinal podem desencadear surtos, como um alarme de inc\u00eandio que dispara quando a fuma\u00e7a \u00e9 detectada&#8221;, disse Kate O&#8217;Brien, diretora do Departamento de Imuniza\u00e7\u00e3o da\u00a0OMS.<\/p><\/blockquote>\n<\/div>\n<\/div>\n<div id=\"chunk-2nmi2\">\n<div class=\"cxm-block-video content-media mc-column \" data-block-type=\"backstage-video\" data-block-id=\"10\">\n<div class=\"cxm-block-video__container cxm-block-video__container--fallback \">\n<div class=\"cxm-block-video__caption-container\">\n<p class=\"codex-caption codex-caption--small\">Ministro da Sa\u00fade explica por que acompanhar casos suspeitos de sarampo \u00e9 importante.<\/p>\n<\/div>\n<\/div>\n<\/div>\n<\/div>\n<div id=\"chunk-9krla\">\n<div class=\"mc-column content-text active-extra-styles \" data-block-type=\"unstyled\" data-block-weight=\"20\" data-block-id=\"12\">\n<p class=\" content-text__container \" data-track-category=\"Link no Texto\" data-track-links=\"\" data-mrf-recirculation=\"Mat\u00e9ria - Links no Texto\">Ela alertou que lacunas semelhantes s\u00e3o &#8220;quase certamente prov\u00e1veis&#8221; para outras doen\u00e7as evit\u00e1veis por vacina\u00e7\u00e3o, como difteria, coqueluche e poliomielite.<\/p>\n<\/div>\n<\/div>\n<div id=\"chunk-658mg\">\n<div class=\"mc-column content-text active-extra-styles \" data-block-type=\"unstyled\" data-block-weight=\"45\" data-block-id=\"13\">\n<p class=\" content-text__container \" data-track-category=\"Link no Texto\" data-track-links=\"\" data-mrf-recirculation=\"Mat\u00e9ria - Links no Texto\">Em 2024, 59 pa\u00edses registraram surtos de sarampo grandes ou perturbadores, quase tr\u00eas vezes mais do que em 2021 e o maior desde a pandemia de Covid-19, disse a\u00a0OMS, acrescentando que houve um ressurgimento mesmo em pa\u00edses de alta renda que j\u00e1 o eliminaram.<\/p>\n<\/div>\n<\/div>\n<div id=\"chunk-dd8fs\">\n<div class=\"mc-column content-text active-extra-styles \" data-block-type=\"unstyled\" data-block-weight=\"22\" data-block-id=\"14\">\n<p class=\" content-text__container \" data-track-category=\"Link no Texto\" data-track-links=\"\" data-mrf-recirculation=\"Mat\u00e9ria - Links no Texto\">O Canad\u00e1 perdeu seu status de elimina\u00e7\u00e3o do sarampo este m\u00eas, depois de n\u00e3o conseguir conter um surto que durou um ano.<\/p>\n<\/div>\n<\/div>\n<div id=\"chunk-c707c\">\n<div class=\"mc-column content-text active-extra-styles \" data-block-type=\"unstyled\" data-block-weight=\"17\" data-block-id=\"15\">\n<p class=\" content-text__container \" data-track-category=\"Link no Texto\" data-track-links=\"\" data-mrf-recirculation=\"Mat\u00e9ria - Links no Texto\">Estados Unidos e M\u00e9xico tamb\u00e9m registraram surtos significativos este ano, com milhares de casos e algumas mortes.<\/p>\n<\/div>\n<\/div>\n<div id=\"chunk-9pqsh\">\n<div class=\"mc-column content-text active-extra-styles\" data-block-type=\"raw\" data-block-weight=\"8\" data-block-id=\"16\">\n<p class=\"content-text__container\" data-mrf-recirculation=\"Mat\u00e9ria - Links no Texto\">\n<div class=\"content-intertitle\">\n<h2>Cortes profundos em financiamento podem provocar novos surtos<\/h2>\n<\/div>\n<\/div>\n<\/div>\n<div id=\"chunk-ejc4i\">\n<div class=\"mc-column content-text active-extra-styles \" data-block-type=\"unstyled\" data-block-weight=\"38\" data-block-id=\"17\">\n<p class=\" content-text__container \" data-track-category=\"Link no Texto\" data-track-links=\"\" data-mrf-recirculation=\"Mat\u00e9ria - Links no Texto\">A ag\u00eancia alertou que os cortes profundos no financiamento da Rede Global de Laborat\u00f3rios de Sarampo e Rub\u00e9ola e dos programas de imuniza\u00e7\u00e3o dos pa\u00edses podem ampliar as lacunas de imunidade e provocar novos surtos no pr\u00f3ximo ano.<\/p>\n<\/div>\n<\/div>\n<div id=\"chunk-3bgq\">\n<div class=\"mc-column content-text active-extra-styles\" data-block-type=\"raw\" data-block-weight=\"26\" data-block-id=\"18\">\n<blockquote class=\"content-blockquote theme-border-color-primary-before\"><p>A\u00a0OMS\u00a0reduziu seu trabalho e diminuiu pela metade sua equipe de gest\u00e3o depois que seu principal doador, os Estados Unidos, anunciou sua sa\u00edda em janeiro.<\/p><\/blockquote>\n<\/div>\n<\/div>\n<div id=\"chunk-4bagp\">\n<div class=\"mc-column content-text active-extra-styles \" data-block-type=\"unstyled\" data-block-weight=\"36\" data-block-id=\"19\">\n<p class=\" content-text__container \" data-track-category=\"Link no Texto\" data-track-links=\"\" data-mrf-recirculation=\"Mat\u00e9ria - Links no Texto\">No ano passado, 84% das crian\u00e7as em todo o mundo receberam a primeira dose da vacina contra o sarampo, um pouco abaixo dos n\u00edveis anteriores \u00e0 pandemia, e 76% receberam a segunda dose, segundo o relat\u00f3rio.<\/p>\n<\/div>\n<\/div>\n<div id=\"chunk-9jvtt\">\n<div class=\"mc-column content-text active-extra-styles \" data-block-type=\"unstyled\" data-block-weight=\"19\" data-block-id=\"21\">\n<p class=\" content-text__container \" data-track-category=\"Link no Texto\" data-track-links=\"\" data-mrf-recirculation=\"Mat\u00e9ria - Links no Texto\"><span class=\"highlight highlighted\">O sarampo \u00e9 altamente evit\u00e1vel quando os pa\u00edses atingem 95% de cobertura com duas doses, que s\u00e3o 97% eficazes.<\/span><\/p>\n<\/div>\n<p data-track-category=\"Link no Texto\" data-track-links=\"\" data-mrf-recirculation=\"Mat\u00e9ria - Links no Texto\">\n<p data-track-category=\"Link no Texto\" data-track-links=\"\" data-mrf-recirculation=\"Mat\u00e9ria - Links no Texto\">Fonte: Portal G1.<br \/>\nConfira esta e outras mat\u00e9rias na \u00edntegra pelo link: https:\/\/g1.globo.com\/saude\/noticia\/2025\/11\/28\/casos-de-sarampo-caem-71-em-24-anos-por-melhoria-da-cobertura-vacinal-diz-oms.ghtml<\/p>\n<\/div>\n<\/div>\n","protected":false},"excerpt":{"rendered":"<p>Relat\u00f3rio aponta que, apesar do avan\u00e7o hist\u00f3rico, surtos voltaram a crescer em 2024 e revelam falhas na cobertura vacinal em pa\u00edses de diferentes n\u00edveis de renda. &nbsp; Com surto de sarampo na Bol\u00edvia, Mato Grosso do Sul antecipou aplica\u00e7\u00e3o da \u201cdose zero\u201d em beb\u00eas. \u2014 Foto: Reprodu\u00e7\u00e3o Os\u00a0casos globais de sarampo ca\u00edram 71%, para 11 [&hellip;]<\/p>\n","protected":false},"author":3,"featured_media":13497,"comment_status":"open","ping_status":"open","sticky":false,"template":"","format":"standard","meta":{"om_disable_all_campaigns":false,"_monsterinsights_skip_tracking":false,"_monsterinsights_sitenote_active":false,"_monsterinsights_sitenote_note":"","_monsterinsights_sitenote_category":0,"footnotes":""},"categories":[42],"tags":[],"class_list":["post-13496","post","type-post","status-publish","format-standard","has-post-thumbnail","hentry","category-saude"],"jetpack_featured_media_url":"https:\/\/fatoelado.com\/wp-content\/uploads\/2025\/11\/design-sem-nome-65-.avif","_links":{"self":[{"href":"https:\/\/fatoelado.com\/index.php?rest_route=\/wp\/v2\/posts\/13496","targetHints":{"allow":["GET"]}}],"collection":[{"href":"https:\/\/fatoelado.com\/index.php?rest_route=\/wp\/v2\/posts"}],"about":[{"href":"https:\/\/fatoelado.com\/index.php?rest_route=\/wp\/v2\/types\/post"}],"author":[{"embeddable":true,"href":"https:\/\/fatoelado.com\/index.php?rest_route=\/wp\/v2\/users\/3"}],"replies":[{"embeddable":true,"href":"https:\/\/fatoelado.com\/index.php?rest_route=%2Fwp%2Fv2%2Fcomments&post=13496"}],"version-history":[{"count":1,"href":"https:\/\/fatoelado.com\/index.php?rest_route=\/wp\/v2\/posts\/13496\/revisions"}],"predecessor-version":[{"id":13498,"href":"https:\/\/fatoelado.com\/index.php?rest_route=\/wp\/v2\/posts\/13496\/revisions\/13498"}],"wp:featuredmedia":[{"embeddable":true,"href":"https:\/\/fatoelado.com\/index.php?rest_route=\/wp\/v2\/media\/13497"}],"wp:attachment":[{"href":"https:\/\/fatoelado.com\/index.php?rest_route=%2Fwp%2Fv2%2Fmedia&parent=13496"}],"wp:term":[{"taxonomy":"category","embeddable":true,"href":"https:\/\/fatoelado.com\/index.php?rest_route=%2Fwp%2Fv2%2Fcategories&post=13496"},{"taxonomy":"post_tag","embeddable":true,"href":"https:\/\/fatoelado.com\/index.php?rest_route=%2Fwp%2Fv2%2Ftags&post=13496"}],"curies":[{"name":"wp","href":"https:\/\/api.w.org\/{rel}","templated":true}]}}