{"id":13493,"date":"2025-11-28T10:11:40","date_gmt":"2025-11-28T13:11:40","guid":{"rendered":"https:\/\/fatoelado.com\/?p=13493"},"modified":"2025-11-28T10:11:40","modified_gmt":"2025-11-28T13:11:40","slug":"rita-lobo-se-pensar-so-em-proteina-e-carboidrato-o-pao-vira-inimigo","status":"publish","type":"post","link":"https:\/\/fatoelado.com\/?p=13493","title":{"rendered":"Rita Lobo: &#8216;Se pensar s\u00f3 em prote\u00edna e carboidrato, o p\u00e3o vira inimigo&#8217;"},"content":{"rendered":"<h2 class=\"content-head__subtitle\" style=\"text-align: center;\">Chef fala \u00e0 BBC News Brasil sobre o avan\u00e7o dos ultraprocessados, o papel de cozinhar em casa e o risco de uma alimenta\u00e7\u00e3o cada vez mais distante da &#8216;comida de verdade&#8217;.<\/h2>\n<p>&nbsp;<\/p>\n<div id=\"chunk-1ho24\">\n<div class=\"mc-column content-text active-extra-styles \" data-block-type=\"unstyled\" data-block-weight=\"35\" data-block-id=\"2\">\n<p class=\" content-text__container \" data-track-category=\"Link no Texto\" data-track-links=\"\" data-mrf-recirculation=\"Mat\u00e9ria - Links no Texto\">H\u00e1 25 anos, a chef de cozinha Rita Lobo lan\u00e7ava o site Panelinha com um intuito simples: ensinar qualquer pessoa a cozinhar em casa para ter uma alimenta\u00e7\u00e3o mais saud\u00e1vel baseada em comida de verdade.<\/p>\n<\/div>\n<\/div>\n<div class=\"wall protected-content\">\n<div id=\"chunk-51hfm\">\n<div class=\"mc-column content-text active-extra-styles \" data-block-type=\"unstyled\" data-block-weight=\"29\" data-block-id=\"4\">\n<p class=\" content-text__container \" data-track-category=\"Link no Texto\" data-track-links=\"\" data-mrf-recirculation=\"Mat\u00e9ria - Links no Texto\">A ideia era ajudar o p\u00fablico, de forma simples e democr\u00e1tica, a evitar os chamados ultraprocessados, alimentos feitos majoritariamente com ingredientes industriais, aditivos qu\u00edmicos e poucos itens\u00a0<em>in natura<\/em>.<\/p>\n<\/div>\n<\/div>\n<div id=\"chunk-cjp0n\">\n<div class=\"mc-column content-text active-extra-styles \" data-block-type=\"unstyled\" data-block-weight=\"36\" data-block-id=\"5\">\n<p class=\" content-text__container \" data-track-category=\"Link no Texto\" data-track-links=\"\" data-mrf-recirculation=\"Mat\u00e9ria - Links no Texto\">A miss\u00e3o se provou cada vez mais relevante: os alimentos ultraprocessados j\u00e1 respondem por cerca de 20% das calorias di\u00e1rias ingeridas pela popula\u00e7\u00e3o brasileira, segundo um estudo pesquisa da Faculdade de Sa\u00fade P\u00fablica (FSP) da USP.<\/p>\n<\/div>\n<\/div>\n<div id=\"chunk-7mur5\">\n<div class=\"mc-column content-text active-extra-styles \" data-block-type=\"unstyled\" data-block-weight=\"36\" data-block-id=\"7\">\n<p class=\" content-text__container \" data-track-category=\"Link no Texto\" data-track-links=\"\" data-mrf-recirculation=\"Mat\u00e9ria - Links no Texto\">No mundo, os dados s\u00e3o ainda mais alarmantes: em alguns pa\u00edses de alta renda, como o Reino Unido, os alimentos ultraprocessados j\u00e1 respondem por mais de 50% das calorias consumidas, segundo estudo da revista Lancet.<\/p>\n<\/div>\n<\/div>\n<div id=\"chunk-avo2g\">\n<div class=\"mc-column content-text active-extra-styles \" data-block-type=\"unstyled\" data-block-weight=\"23\" data-block-id=\"8\">\n<p class=\" content-text__container \" data-track-category=\"Link no Texto\" data-track-links=\"\" data-mrf-recirculation=\"Mat\u00e9ria - Links no Texto\">Neste m\u00eas de novembro, a mesma publica\u00e7\u00e3o cient\u00edfica lan\u00e7ou uma s\u00e9rie especial focada nos efeitos dos alimentos ultraprocessados sobre a sa\u00fade humana.<\/p>\n<\/div>\n<\/div>\n<div id=\"chunk-9oggq\">\n<div class=\"mc-column content-text active-extra-styles \" data-block-type=\"unstyled\" data-block-weight=\"24\" data-block-id=\"9\">\n<p class=\" content-text__container \" data-track-category=\"Link no Texto\" data-track-links=\"\" data-mrf-recirculation=\"Mat\u00e9ria - Links no Texto\">O conjunto re\u00fane tr\u00eas artigos assinados por 43 pesquisadores de diferentes pa\u00edses e pede ado\u00e7\u00e3o de pol\u00edticas p\u00fablicas que combatam o avan\u00e7o dos ultraprocessados.<\/p>\n<\/div>\n<\/div>\n<div id=\"chunk-d0n4n\">\n<div class=\"mc-column content-text active-extra-styles \" data-block-type=\"unstyled\" data-block-weight=\"51\" data-block-id=\"10\">\n<p class=\" content-text__container \" data-track-category=\"Link no Texto\" data-track-links=\"\" data-mrf-recirculation=\"Mat\u00e9ria - Links no Texto\">A chef brasileira foi uma das convidadas para o lan\u00e7amento presencial, em Londres, e conversou com a BBC News Brasil sobre a responsabilidade da ind\u00fastria, o papel das pol\u00edticas p\u00fablicas e o desafio de tornar a comida de verdade acess\u00edvel em um mundo cada vez mais dominado por produtos ultraprocessados.<\/p>\n<\/div>\n<\/div>\n<div id=\"chunk-7joc9\">\n<div class=\"row medium-uncollapsed content-media content-photo\" data-block-type=\"backstage-photo\" data-block-id=\"11\">\n<div class=\" mc-column  content-media__container\">\n<div class=\"content-media-container glb-skeleton-box\">\n<figure class=\"content-media-figure\"><img decoding=\"async\" class=\"i-amphtml-fill-content i-amphtml-replaced-content\" src=\"https:\/\/s2-g1.glbimg.com\/SAcD7NNKVzu91jmHruzokjyz_5w=\/0x0:1920x1080\/984x0\/smart\/filters:strip_icc()\/i.s3.glbimg.com\/v1\/AUTH_59edd422c0c84a879bd37670ae4f538a\/internal_photos\/bs\/2024\/A\/H\/1PzByJRc6MS7TFBPXhuw\/rita-lobo-fala-sobre-ultraprocessados.jpg\" sizes=\"(max-width: 1280px) 648px, 100vw\" srcset=\"https:\/\/s2-g1.glbimg.com\/3h3odipVRjnp3AUu9xlZV4XpKVc=\/0x0:1920x1080\/1000x0\/smart\/filters:strip_icc()\/i.s3.glbimg.com\/v1\/AUTH_59edd422c0c84a879bd37670ae4f538a\/internal_photos\/bs\/2024\/A\/H\/1PzByJRc6MS7TFBPXhuw\/rita-lobo-fala-sobre-ultraprocessados.jpg 1000w, https:\/\/s2-g1.glbimg.com\/SAcD7NNKVzu91jmHruzokjyz_5w=\/0x0:1920x1080\/984x0\/smart\/filters:strip_icc()\/i.s3.glbimg.com\/v1\/AUTH_59edd422c0c84a879bd37670ae4f538a\/internal_photos\/bs\/2024\/A\/H\/1PzByJRc6MS7TFBPXhuw\/rita-lobo-fala-sobre-ultraprocessados.jpg 984w, https:\/\/s2-g1.glbimg.com\/fZIrTr3yfHKL1fSQgwOX-IEhzjo=\/0x0:1920x1080\/640x0\/smart\/filters:strip_icc()\/i.s3.glbimg.com\/v1\/AUTH_59edd422c0c84a879bd37670ae4f538a\/internal_photos\/bs\/2024\/A\/H\/1PzByJRc6MS7TFBPXhuw\/rita-lobo-fala-sobre-ultraprocessados.jpg 640w, https:\/\/s2-g1.glbimg.com\/NVoFksOatryQo8GkSolto9uTUcU=\/0x0:1920x1080\/600x0\/smart\/filters:strip_icc()\/i.s3.glbimg.com\/v1\/AUTH_59edd422c0c84a879bd37670ae4f538a\/internal_photos\/bs\/2024\/A\/H\/1PzByJRc6MS7TFBPXhuw\/rita-lobo-fala-sobre-ultraprocessados.jpg 600w\" alt=\"Rita Lobo fala ao podcast O Assunto sobre alimentos ultraprocessados \u2014 Foto: Montagem\/g1\" \/>Rita Lobo fala ao podcast O Assunto sobre alimentos ultraprocessados \u2014 Foto: Montagem\/g1<\/figure>\n<\/div>\n<\/div>\n<\/div>\n<\/div>\n<div id=\"chunk-53dj2\">\n<div class=\"content-ads content-ads--reveal\" data-block-type=\"ads\" data-block-id=\"12\">\n<div id=\"banner_materia__63de3d4a-195b-44db-8119-1968e44c1e42\">\n<div id=\"google_ads_iframe_\/95377733\/tvg_G1\/Saude_1__container__\"><\/div>\n<\/div>\n<\/div>\n<\/div>\n<div id=\"chunk-ci3k0\">\n<div class=\"mc-column content-text active-extra-styles\" data-block-type=\"raw\" data-block-weight=\"4\" data-block-id=\"13\">\n<div class=\"content-intertitle\">\n<h2>Confira a entrevista abaixo.<\/h2>\n<\/div>\n<\/div>\n<\/div>\n<div id=\"chunk-4ma7q\">\n<div class=\"mc-column content-text active-extra-styles \" data-block-type=\"unstyled\" data-block-weight=\"45\" data-block-id=\"14\">\n<p class=\" content-text__container \" data-track-category=\"Link no Texto\" data-track-links=\"\" data-mrf-recirculation=\"Mat\u00e9ria - Links no Texto\"><strong>BBC News Brasil &#8211;\u00a0<\/strong>Se precisasse traduzir o que essa s\u00e9rie traz para um p\u00fablico leigo, como faria?<br \/>\n<strong>Rita Lobo\u00a0<\/strong>&#8211; Eu diria assim: &#8220;Leia a lista de ingredientes do r\u00f3tulo. Se tiver nomes de coisas que voc\u00ea n\u00e3o tem na sua cozinha, deixe no supermercado&#8221;.<\/p>\n<\/div>\n<\/div>\n<div id=\"chunk-c6d8k\">\n<div class=\"mc-column content-text active-extra-styles \" data-block-type=\"unstyled\" data-block-weight=\"34\" data-block-id=\"15\">\n<p class=\" content-text__container \" data-track-category=\"Link no Texto\" data-track-links=\"\" data-mrf-recirculation=\"Mat\u00e9ria - Links no Texto\">O que a revista est\u00e1 dizendo \u00e9 que esses produtos que parecem comida, t\u00eam cheiro de comida, t\u00eam sabor de comida, na verdade, s\u00e3o formula\u00e7\u00f5es industriais que o corpo n\u00e3o entende mais como comida.<\/p>\n<\/div>\n<\/div>\n<div id=\"chunk-1kt8d\">\n<div class=\"mc-column content-text active-extra-styles \" data-block-type=\"unstyled\" data-block-weight=\"21\" data-block-id=\"16\">\n<p class=\" content-text__container \" data-track-category=\"Link no Texto\" data-track-links=\"\" data-mrf-recirculation=\"Mat\u00e9ria - Links no Texto\">E, em fun\u00e7\u00e3o disso, o consumo desses produtos, que tira da mesa a comida de verdade, est\u00e1 adoecendo as popula\u00e7\u00f5es.<\/p>\n<\/div>\n<\/div>\n<div id=\"chunk-14dd2\">\n<div class=\"mc-column content-text active-extra-styles \" data-block-type=\"unstyled\" data-block-weight=\"32\" data-block-id=\"17\">\n<p class=\" content-text__container \" data-track-category=\"Link no Texto\" data-track-links=\"\" data-mrf-recirculation=\"Mat\u00e9ria - Links no Texto\">Os \u00edndices de obesidade no mundo s\u00f3 crescem, e com eles crescem as doen\u00e7as cr\u00f4nicas n\u00e3o transmiss\u00edveis, como doen\u00e7as coron\u00e1rias, diabetes, alguns tipos de c\u00e2ncer e at\u00e9 problemas ligados \u00e0 sa\u00fade mental.<\/p>\n<\/div>\n<\/div>\n<div id=\"chunk-e1tfm\">\n<div class=\"mc-column content-text active-extra-styles \" data-block-type=\"unstyled\" data-block-weight=\"37\" data-block-id=\"18\">\n<p class=\" content-text__container \" data-track-category=\"Link no Texto\" data-track-links=\"\" data-mrf-recirculation=\"Mat\u00e9ria - Links no Texto\">O que a Lancet est\u00e1 dizendo \u00e9 que n\u00e3o basta s\u00f3 os indiv\u00edduos fazerem escolhas melhores. S\u00e3o necess\u00e1rias pol\u00edticas p\u00fablicas que levem comida de verdade \u00e0s pessoas e que dificultem o acesso e o consumo dos ultraprocessados.<\/p>\n<\/div>\n<\/div>\n<div id=\"chunk-rpdg\">\n<div class=\"mc-column content-text active-extra-styles \" data-block-type=\"unstyled\" data-block-weight=\"33\" data-block-id=\"19\">\n<p class=\" content-text__container \" data-track-category=\"Link no Texto\" data-track-links=\"\" data-mrf-recirculation=\"Mat\u00e9ria - Links no Texto\"><strong>BBC News Brasil\u00a0<\/strong>&#8211; Como reconhecer um ultraprocessado?<br \/>\n<strong>Rita Lobo<\/strong> &#8211; O principal \u00e9 a lista de ingredientes. Mas tamb\u00e9m existe uma l\u00f3gica: \u00e9 um produto pronto para comer, que voc\u00ea n\u00e3o precisa cozinhar?<\/p>\n<\/div>\n<\/div>\n<div id=\"chunk-ff81o\">\n<div class=\"mc-column content-text active-extra-styles \" data-block-type=\"unstyled\" data-block-weight=\"48\" data-block-id=\"21\">\n<p class=\" content-text__container \" data-track-category=\"Link no Texto\" data-track-links=\"\" data-mrf-recirculation=\"Mat\u00e9ria - Links no Texto\">E \u00e9 importante saber o que \u00e9 comida de verdade, que \u00e9 aquela feita a partir de alimentos\u00a0<em>in natura<\/em>\u00a0ou minimamente processados. N\u00e3o \u00e9 s\u00f3 o que voc\u00ea compra na feira. Quando voc\u00ea compra um pacote de feij\u00e3o, ali dentro tem feij\u00e3o. N\u00e3o \u00e9 &#8220;feij\u00e3o sabor feij\u00e3o&#8221;.<\/p>\n<\/div>\n<\/div>\n<div id=\"chunk-coee1\">\n<div class=\"mc-column content-text active-extra-styles \" data-block-type=\"unstyled\" data-block-weight=\"29\" data-block-id=\"22\">\n<p class=\" content-text__container \" data-track-category=\"Link no Texto\" data-track-links=\"\" data-mrf-recirculation=\"Mat\u00e9ria - Links no Texto\">Um iogurte natural, por exemplo, n\u00e3o \u00e9 ultraprocessado, porque s\u00f3 tem leite e fermento. N\u00e3o tem adi\u00e7\u00e3o de a\u00e7\u00facar, ado\u00e7ante, corante, saborizante ou emulsificante. \u00c9 basicamente leite e fermento.<\/p>\n<\/div>\n<\/div>\n<div id=\"chunk-avl0n\">\n<div class=\"mc-column content-text active-extra-styles \" data-block-type=\"unstyled\" data-block-weight=\"23\" data-block-id=\"23\">\n<p class=\" content-text__container \" data-track-category=\"Link no Texto\" data-track-links=\"\" data-mrf-recirculation=\"Mat\u00e9ria - Links no Texto\">A comida de verdade \u00e9 feita por m\u00e3os humanas, n\u00e3o \u00e9 feita na f\u00e1brica, e ela leva em conta um padr\u00e3o alimentar tradicional.<\/p>\n<\/div>\n<\/div>\n<div id=\"chunk-adkt5\">\n<div class=\"mc-column content-text active-extra-styles \" data-block-type=\"unstyled\" data-block-weight=\"36\" data-block-id=\"24\">\n<p class=\" content-text__container \" data-track-category=\"Link no Texto\" data-track-links=\"\" data-mrf-recirculation=\"Mat\u00e9ria - Links no Texto\">No Brasil, \u00e9 o arroz com feij\u00e3o, os legumes, as verduras, a farofinha. O problema n\u00e3o \u00e9 a batata frita \u2014 o problema \u00e9 a batata frita ultraprocessada, aquelas congeladas, cheias de amidos modificados e aditivos.<\/p>\n<\/div>\n<\/div>\n<div id=\"chunk-6eolv\">\n<div class=\"mc-column content-text active-extra-styles \" data-block-type=\"unstyled\" data-block-weight=\"54\" data-block-id=\"25\">\n<p class=\" content-text__container \" data-track-category=\"Link no Texto\" data-track-links=\"\" data-mrf-recirculation=\"Mat\u00e9ria - Links no Texto\"><strong>BBC News Brasil<\/strong>\u00a0&#8211; E o que mant\u00e9m as pessoas mais longe hoje de cozinhar?<br \/>\n<strong>Rita Lobo\u00a0<\/strong>&#8211; Essa \u00e9 uma pergunta complexa. Durante muito tempo, at\u00e9 os anos 90 no Brasil, as pessoas comiam mais comida de verdade. Em pa\u00edses como Estados Unidos e Inglaterra, isso foi at\u00e9 as d\u00e9cadas de 60 ou 70.<\/p>\n<\/div>\n<\/div>\n<div id=\"chunk-6d26h\">\n<div class=\"mc-column content-text active-extra-styles \" data-block-type=\"unstyled\" data-block-weight=\"37\" data-block-id=\"26\">\n<p class=\" content-text__container \" data-track-category=\"Link no Texto\" data-track-links=\"\" data-mrf-recirculation=\"Mat\u00e9ria - Links no Texto\">As mulheres n\u00e3o trabalhavam fora. Quando elas foram para o mercado de trabalho \u2014 o que foi essencial \u2014 os homens n\u00e3o ocuparam esse lugar na cozinha. E a cozinha virou uma esp\u00e9cie de terra de ningu\u00e9m.<\/p>\n<\/div>\n<\/div>\n<div id=\"chunk-4dv3\">\n<div class=\"mc-column content-text active-extra-styles \" data-block-type=\"unstyled\" data-block-weight=\"39\" data-block-id=\"28\">\n<p class=\" content-text__container \" data-track-category=\"Link no Texto\" data-track-links=\"\" data-mrf-recirculation=\"Mat\u00e9ria - Links no Texto\">A ind\u00fastria que antes ajudava a conservar alimentos passou a perceber que era muito mais lucrativo oferecer comida pronta, com uma validade enorme e com ingredientes cada vez mais baratos, cheios de aditivos que fazem o produto parecer comida.<\/p>\n<\/div>\n<\/div>\n<div id=\"chunk-ec68v\">\n<div class=\"mc-column content-text active-extra-styles \" data-block-type=\"unstyled\" data-block-weight=\"24\" data-block-id=\"29\">\n<p class=\" content-text__container \" data-track-category=\"Link no Texto\" data-track-links=\"\" data-mrf-recirculation=\"Mat\u00e9ria - Links no Texto\">Hoje, s\u00e3o bilh\u00f5es de d\u00f3lares em marketing dizendo, desde que a crian\u00e7a nasce, que aquelas misturinhas industriais s\u00e3o melhores que a comida de verdade.<\/p>\n<\/div>\n<\/div>\n<div id=\"chunk-8i4g7\">\n<div class=\"mc-column content-text active-extra-styles \" data-block-type=\"unstyled\" data-block-weight=\"27\" data-block-id=\"30\">\n<p class=\" content-text__container \" data-track-category=\"Link no Texto\" data-track-links=\"\" data-mrf-recirculation=\"Mat\u00e9ria - Links no Texto\">E trago outro ponto: voc\u00ea disse que comeu ovos mexidos hoje no caf\u00e9 da manh\u00e3. Muita gente escolhe essa refei\u00e7\u00e3o por ser uma fonte de prote\u00edna.<\/p>\n<\/div>\n<\/div>\n<div id=\"chunk-abqnm\">\n<div class=\"mc-column content-text active-extra-styles \" data-block-type=\"unstyled\" data-block-weight=\"21\" data-block-id=\"31\">\n<p class=\" content-text__container \" data-track-category=\"Link no Texto\" data-track-links=\"\" data-mrf-recirculation=\"Mat\u00e9ria - Links no Texto\">E a maioria das pessoas n\u00e3o diz &#8220;eu comi ovos&#8221;, diz &#8220;eu comi minha prote\u00edna&#8221;. &#8220;Estou evitando carboidrato simples.&#8221;<\/p>\n<\/div>\n<\/div>\n<div id=\"chunk-5d1vg\">\n<div class=\"mc-column content-text active-extra-styles \" data-block-type=\"unstyled\" data-block-weight=\"45\" data-block-id=\"32\">\n<p class=\" content-text__container \" data-track-category=\"Link no Texto\" data-track-links=\"\" data-mrf-recirculation=\"Mat\u00e9ria - Links no Texto\">Esse jeito de falar muda tudo. Quando o que voc\u00ea &#8220;precisa&#8221; \u00e9 prote\u00edna, tanto faz se vem do ovo ou do whey. Tanto faz se voc\u00ea vai comer frango ou um iogurte proteico. At\u00e9 o jeito de falar sobre comida \u00e9 moldado por essa ind\u00fastria.<\/p>\n<\/div>\n<\/div>\n<div id=\"chunk-8cpse\">\n<div class=\"mc-column content-text active-extra-styles \" data-block-type=\"unstyled\" data-block-weight=\"51\" data-block-id=\"33\">\n<p class=\" content-text__container \" data-track-category=\"Link no Texto\" data-track-links=\"\" data-mrf-recirculation=\"Mat\u00e9ria - Links no Texto\">A gente passa a chamar os alimentos pelo nutriente que eles entregam. E, a partir da\u00ed, tanto faz estar escolhendo comida de verdade ou um produto. Porque o foco vira o nutriente \u2014 e voc\u00ea come\u00e7a a perder a capacidade de diferenciar o que \u00e9 comida e o que n\u00e3o \u00e9.<\/p>\n<\/div>\n<\/div>\n<div id=\"chunk-eolm2\">\n<div class=\"mc-column content-text active-extra-styles \" data-block-type=\"unstyled\" data-block-weight=\"50\" data-block-id=\"35\">\n<p class=\" content-text__container \" data-track-category=\"Link no Texto\" data-track-links=\"\" data-mrf-recirculation=\"Mat\u00e9ria - Links no Texto\"><strong>BBC News Brasil<\/strong>\u00a0&#8211; Essa onda desumaniza o jeito que a gente v\u00ea a comida?<br \/>\n<strong>Rita Lobo<\/strong>\u00a0&#8211; Totalmente. Isso tem nome na nutri\u00e7\u00e3o: reducionismo nutricional. Quando voc\u00ea passa a escolher a comida s\u00f3 pelo nutriente que ela vai te entregar, voc\u00ea perde a refer\u00eancia do que \u00e9 comida de verdade.<\/p>\n<\/div>\n<\/div>\n<div id=\"chunk-3o1oi\">\n<div class=\"mc-column content-text active-extra-styles \" data-block-type=\"unstyled\" data-block-weight=\"37\" data-block-id=\"36\">\n<p class=\" content-text__container \" data-track-category=\"Link no Texto\" data-track-links=\"\" data-mrf-recirculation=\"Mat\u00e9ria - Links no Texto\">At\u00e9 o jeito de falar muda. Em vez de &#8220;vou beber \u00e1gua&#8221;, a pessoa diz &#8220;preciso me hidratar&#8221;. E a\u00ed algu\u00e9m aparece dizendo que tem algo &#8220;melhor que \u00e1gua&#8221;, como um isot\u00f4nico. E voc\u00ea cai nessa armadilha.<\/p>\n<\/div>\n<\/div>\n<div id=\"chunk-9qrh4\">\n<div class=\"mc-column content-text active-extra-styles \" data-block-type=\"unstyled\" data-block-weight=\"72\" data-block-id=\"37\">\n<p class=\" content-text__container \" data-track-category=\"Link no Texto\" data-track-links=\"\" data-mrf-recirculation=\"Mat\u00e9ria - Links no Texto\"><strong>BBC News Brasil\u00a0<\/strong>&#8211; Algum ultraprocessado entra na sua casa?<br \/>\n<strong>Rita Lobo<\/strong>\u00a0&#8211; Quando voc\u00ea vira a chave, voc\u00ea percebe que n\u00e3o precisa de ultraprocessados. Pelo contr\u00e1rio: hoje, se algu\u00e9m me oferece um &#8220;chocolate&#8221; que j\u00e1 nem \u00e9 mais chocolate \u2014 esses confeitos com sabor de chocolate dos produtos comerciais \u2014, para o meu paladar \u00e9 doce demais, artificial demais. N\u00e3o \u00e9 algo que eu ache gostoso, nem algo que eu queira comer.<\/p>\n<\/div>\n<\/div>\n<div id=\"chunk-driha\">\n<div class=\"mc-column content-text active-extra-styles \" data-block-type=\"unstyled\" data-block-weight=\"23\" data-block-id=\"38\">\n<p class=\" content-text__container \" data-track-category=\"Link no Texto\" data-track-links=\"\" data-mrf-recirculation=\"Mat\u00e9ria - Links no Texto\">E eu sei, por experi\u00eancia pr\u00f3pria, que \u00e9 poss\u00edvel ter uma alimenta\u00e7\u00e3o baseada em comida de verdade. Mas tem duas coisas essenciais.<\/p>\n<\/div>\n<\/div>\n<div id=\"chunk-8bbke\">\n<div class=\"mc-column content-text active-extra-styles \" data-block-type=\"unstyled\" data-block-weight=\"36\" data-block-id=\"39\">\n<p class=\" content-text__container \" data-track-category=\"Link no Texto\" data-track-links=\"\" data-mrf-recirculation=\"Mat\u00e9ria - Links no Texto\"><strong>A primeira<\/strong>: n\u00e3o existe querer ter uma alimenta\u00e7\u00e3o saud\u00e1vel e n\u00e3o saber cozinhar.<br \/>\n<strong>A segunda coisa \u00e9 o planejamento<\/strong>. Se voc\u00ea decide o que vai comer s\u00f3 na hora da fome, voc\u00ea vai fazer piores escolhas.<\/p>\n<\/div>\n<\/div>\n<div id=\"chunk-ev4jd\">\n<div class=\"mc-column content-text active-extra-styles \" data-block-type=\"unstyled\" data-block-weight=\"48\" data-block-id=\"41\">\n<p class=\" content-text__container \" data-track-category=\"Link no Texto\" data-track-links=\"\" data-mrf-recirculation=\"Mat\u00e9ria - Links no Texto\">As nossas av\u00f3s j\u00e1 faziam isso: card\u00e1pio semanal, lista de compras, para n\u00e3o comprar demais nem de menos. Se voc\u00ea compra mais, joga comida fora \u2014 e joga dinheiro fora. Se compra menos, falta ingrediente o tempo todo: &#8220;Esqueci de comprar cebola, n\u00e3o d\u00e1 para fazer o arroz&#8221;.<\/p>\n<\/div>\n<\/div>\n<div id=\"chunk-bvcp1\">\n<div class=\"mc-column content-text active-extra-styles \" data-block-type=\"unstyled\" data-block-weight=\"41\" data-block-id=\"42\">\n<p class=\" content-text__container \" data-track-category=\"Link no Texto\" data-track-links=\"\" data-mrf-recirculation=\"Mat\u00e9ria - Links no Texto\">Planejar \u00e9 essencial, inclusive para o or\u00e7amento. E pensar em comida tr\u00eas vezes por dia cansa. Se voc\u00ea pensa nisso uma vez por semana, planejando, fica muito mais f\u00e1cil manter uma alimenta\u00e7\u00e3o saud\u00e1vel. Voc\u00ea compra melhor, cozinha mais, divide por\u00e7\u00f5es, congela.<\/p>\n<\/div>\n<\/div>\n<div id=\"chunk-dequt\">\n<div class=\"mc-column content-text active-extra-styles \" data-block-type=\"unstyled\" data-block-weight=\"8\" data-block-id=\"43\">\n<p class=\" content-text__container \" data-track-category=\"Link no Texto\" data-track-links=\"\" data-mrf-recirculation=\"Mat\u00e9ria - Links no Texto\">Planejamento \u00e9 fundamental. Aprender a cozinhar \u00e9 fundamental.<\/p>\n<\/div>\n<\/div>\n<div id=\"chunk-ci8eh\">\n<div class=\"mc-column content-text active-extra-styles \" data-block-type=\"unstyled\" data-block-weight=\"62\" data-block-id=\"44\">\n<p class=\" content-text__container \" data-track-category=\"Link no Texto\" data-track-links=\"\" data-mrf-recirculation=\"Mat\u00e9ria - Links no Texto\">E isso n\u00e3o \u00e9 &#8220;assunto de dona de casa&#8221;. \u00c9 assunto da casa. \u00c9 o motivo de eu ter me aproximado tanto do mundo da sa\u00fade p\u00fablica, porque hoje a ci\u00eancia e a medicina entendem que transformar alimentos\u00a0<em>in natura<\/em>\u00a0e minimamente processados em comidas gostosas \u00e9 uma ferramenta poderosa para ter uma vida melhor, mais saud\u00e1vel \u2014 e mais saborosa tamb\u00e9m.<\/p>\n<\/div>\n<\/div>\n<div id=\"chunk-eakvi\">\n<div class=\"mc-column content-text active-extra-styles \" data-block-type=\"unstyled\" data-block-weight=\"48\" data-block-id=\"45\">\n<p class=\" content-text__container \" data-track-category=\"Link no Texto\" data-track-links=\"\" data-mrf-recirculation=\"Mat\u00e9ria - Links no Texto\"><strong>BBC News Brasil<\/strong>\u00a0&#8211; E eu queria perguntar o que acha da intelig\u00eancia artificial na cozinha, que \u00e9 sempre um espa\u00e7o t\u00e3o humano.<br \/>\n<strong>Rita Lobo<\/strong> &#8211; Eu vejo de forma muito positiva, porque a intelig\u00eancia artificial ajuda em coisas que as pessoas j\u00e1 n\u00e3o t\u00eam tanta habilidade.<\/p>\n<\/div>\n<\/div>\n<div id=\"chunk-cpjo4\">\n<div class=\"mc-column content-text active-extra-styles \" data-block-type=\"unstyled\" data-block-weight=\"46\" data-block-id=\"47\">\n<p class=\" content-text__container \" data-track-category=\"Link no Texto\" data-track-links=\"\" data-mrf-recirculation=\"Mat\u00e9ria - Links no Texto\">Por exemplo: planejar. Se eu te disser agora &#8220;faz um planejamento b\u00e1sico de quatro dias do que voc\u00ea vai comer e uma lista de compras&#8221;, voc\u00ea vai demorar muito tempo. E talvez nem fa\u00e7a t\u00e3o bem quanto as nossas av\u00f3s faziam, porque elas tinham essa habilidade.<\/p>\n<\/div>\n<\/div>\n<div id=\"chunk-6mm77\">\n<div class=\"mc-column content-text active-extra-styles \" data-block-type=\"unstyled\" data-block-weight=\"17\" data-block-id=\"48\">\n<p class=\" content-text__container \" data-track-category=\"Link no Texto\" data-track-links=\"\" data-mrf-recirculation=\"Mat\u00e9ria - Links no Texto\">A intelig\u00eancia artificial sabe fazer isso. Voc\u00ea precisa saber perguntar, mas eu acho uma coisa muito boa.<\/p>\n<\/div>\n<\/div>\n<div id=\"chunk-962cl\">\n<div class=\"mc-column content-text active-extra-styles \" data-block-type=\"unstyled\" data-block-weight=\"15\" data-block-id=\"49\">\n<p class=\" content-text__container \" data-track-category=\"Link no Texto\" data-track-links=\"\" data-mrf-recirculation=\"Mat\u00e9ria - Links no Texto\">Para criar receita, eu ainda n\u00e3o estou totalmente satisfeita. Eu adoraria que fosse melhor.<\/p>\n<\/div>\n<\/div>\n<div id=\"chunk-7ulft\">\n<div class=\"mc-column content-text active-extra-styles \" data-block-type=\"unstyled\" data-block-weight=\"16\" data-block-id=\"50\">\n<p class=\" content-text__container \" data-track-category=\"Link no Texto\" data-track-links=\"\" data-mrf-recirculation=\"Mat\u00e9ria - Links no Texto\">No Panelinha a gente tem uma equipe testando receitas todos os dias, das 9h \u00e0s 18h.<\/p>\n<\/div>\n<\/div>\n<div id=\"chunk-9q6ee\">\n<div class=\"mc-column content-text active-extra-styles \" data-block-type=\"unstyled\" data-block-weight=\"49\" data-block-id=\"51\">\n<p class=\" content-text__container \" data-track-category=\"Link no Texto\" data-track-links=\"\" data-mrf-recirculation=\"Mat\u00e9ria - Links no Texto\">A gente testa receita para quem mora sozinho, por exemplo. Porque quando voc\u00ea mora sozinho, voc\u00ea tem praticamente um relacionamento com o repolho. Ele dura. Mas voc\u00ea faz uma vez e, no dia seguinte, pensa: &#8220;de novo repolho?&#8221;. Ent\u00e3o a gente testa in\u00fameras formas de preparar o mesmo ingrediente.<\/p>\n<\/div>\n<\/div>\n<div id=\"chunk-7ro5s\">\n<div class=\"mc-column content-text active-extra-styles \" data-block-type=\"unstyled\" data-block-weight=\"29\" data-block-id=\"52\">\n<p class=\" content-text__container \" data-track-category=\"Link no Texto\" data-track-links=\"\" data-mrf-recirculation=\"Mat\u00e9ria - Links no Texto\">Uma hora grelhado, outra hora assado com bacon, outra hora refogado com cominho, que muda completamente o sabor, outra hora em salada com ma\u00e7\u00e3&#8230; A gente fica testando possibilidades.<\/p>\n<\/div>\n<\/div>\n<div id=\"chunk-fald3\">\n<div class=\"mc-column content-text active-extra-styles \" data-block-type=\"unstyled\" data-block-weight=\"22\" data-block-id=\"53\">\n<p class=\" content-text__container \" data-track-category=\"Link no Texto\" data-track-links=\"\" data-mrf-recirculation=\"Mat\u00e9ria - Links no Texto\">A intelig\u00eancia artificial ainda n\u00e3o est\u00e1 totalmente pronta para criar receitas assim, mas para planejamento eu acho que ela \u00e9 muito boa.<\/p>\n<\/div>\n<\/div>\n<div id=\"chunk-d2kl4\">\n<div class=\"mc-column content-text active-extra-styles \" data-block-type=\"unstyled\" data-block-weight=\"54\" data-block-id=\"54\">\n<p class=\" content-text__container \" data-track-category=\"Link no Texto\" data-track-links=\"\" data-mrf-recirculation=\"Mat\u00e9ria - Links no Texto\"><strong>BBC News Brasil\u00a0<\/strong>&#8211; E falando de pol\u00edtica p\u00fablica, para quem quer cozinhar mais em casa, tem um cen\u00e1rio ideal que poderia ajudar e fazer alguma diferen\u00e7a contra esse\u00a0<em>lobby<\/em> milion\u00e1rio dos ultraprocessados?<\/p>\n<p class=\" content-text__container \" data-track-category=\"Link no Texto\" data-track-links=\"\" data-mrf-recirculation=\"Mat\u00e9ria - Links no Texto\"><strong>Rita Lobo<\/strong>\u00a0&#8211; Quanto mais a gente cozinha e compra alimentos\u00a0<em>in natura<\/em> e minimamente processados, mais a gente estimula esse mercado.<\/p>\n<\/div>\n<\/div>\n<div id=\"chunk-fuise\">\n<div class=\"mc-column content-text active-extra-styles \" data-block-type=\"unstyled\" data-block-weight=\"35\" data-block-id=\"56\">\n<p class=\" content-text__container \" data-track-category=\"Link no Texto\" data-track-links=\"\" data-mrf-recirculation=\"Mat\u00e9ria - Links no Texto\">E quanto menos a gente consome ultraprocessados, mais a gente desestimula esse outro mercado. Claro que essa compara\u00e7\u00e3o n\u00e3o \u00e9 simples, nem totalmente justa. Tem gente que realmente n\u00e3o consegue ter outro tipo de alimenta\u00e7\u00e3o.<\/p>\n<\/div>\n<\/div>\n<div id=\"chunk-43bmo\">\n<div class=\"mc-column content-text active-extra-styles \" data-block-type=\"unstyled\" data-block-weight=\"17\" data-block-id=\"57\">\n<p class=\" content-text__container \" data-track-category=\"Link no Texto\" data-track-links=\"\" data-mrf-recirculation=\"Mat\u00e9ria - Links no Texto\">Aqui na Inglaterra, por exemplo, cerca de 52% das calorias v\u00eam de ultraprocessados. Ent\u00e3o \u00e9 mais complexo.<\/p>\n<\/div>\n<\/div>\n<div id=\"chunk-6p7mh\">\n<div class=\"mc-column content-text active-extra-styles \" data-block-type=\"unstyled\" data-block-weight=\"33\" data-block-id=\"58\">\n<p class=\" content-text__container \" data-track-category=\"Link no Texto\" data-track-links=\"\" data-mrf-recirculation=\"Mat\u00e9ria - Links no Texto\">A sensa\u00e7\u00e3o de que cozinhar \u00e9 um peso muda quando voc\u00ea entende que cozinhar \u00e9 a melhor ferramenta que voc\u00ea tem para ter uma vida melhor. Quanto mais voc\u00ea cozinha, mais f\u00e1cil fica.<\/p>\n<\/div>\n<\/div>\n<div id=\"chunk-977ho\">\n<div class=\"mc-column content-text active-extra-styles \" data-block-type=\"unstyled\" data-block-weight=\"45\" data-block-id=\"59\">\n<p class=\" content-text__container \" data-track-category=\"Link no Texto\" data-track-links=\"\" data-mrf-recirculation=\"Mat\u00e9ria - Links no Texto\">Tem uma coisa que me incomoda muito \u2014 mas eu sou educada, n\u00e3o saio brigando com ningu\u00e9m. Quando as pessoas dizem: &#8220;Ai, o que voc\u00ea faz \u00e9 um dom. Cozinhar \u00e9 uma arte. Eu acho lindo, mas n\u00e3o \u00e9 para mim, eu n\u00e3o tenho m\u00e3o.&#8221;<\/p>\n<\/div>\n<\/div>\n<div id=\"chunk-egdds\">\n<div class=\"mc-column content-text active-extra-styles \" data-block-type=\"unstyled\" data-block-weight=\"34\" data-block-id=\"60\">\n<p class=\" content-text__container \" data-track-category=\"Link no Texto\" data-track-links=\"\" data-mrf-recirculation=\"Mat\u00e9ria - Links no Texto\">Quando voc\u00ea diz isso, voc\u00ea est\u00e1 dizendo que ou a pessoa nasce com isso, ou nunca vai cozinhar. E n\u00e3o \u00e9 verdade. Cozinhar \u00e9 como ler e escrever: voc\u00ea n\u00e3o nasce sabendo, voc\u00ea aprende.<\/p>\n<\/div>\n<\/div>\n<div id=\"chunk-1tp0m\">\n<div class=\"mc-column content-text active-extra-styles \" data-block-type=\"unstyled\" data-block-weight=\"26\" data-block-id=\"61\">\n<p class=\" content-text__container \" data-track-category=\"Link no Texto\" data-track-links=\"\" data-mrf-recirculation=\"Mat\u00e9ria - Links no Texto\">Todo mundo aprende a ler e escrever. Uns viram grandes escritores, outros n\u00e3o conseguem escrever uma mensagem direito, mas aprenderam. Cozinhar \u00e9 a mesma coisa.<\/p>\n<\/div>\n<\/div>\n<div id=\"chunk-2b12p\">\n<div class=\"mc-column content-text active-extra-styles \" data-block-type=\"unstyled\" data-block-weight=\"24\" data-block-id=\"62\">\n<p class=\" content-text__container \" data-track-category=\"Link no Texto\" data-track-links=\"\" data-mrf-recirculation=\"Mat\u00e9ria - Links no Texto\">N\u00e3o estou dizendo para ningu\u00e9m virar chef, mas aquele b\u00e1sico para garantir uma alimenta\u00e7\u00e3o saud\u00e1vel, saborosa e dentro do or\u00e7amento, todo mundo pode aprender.<\/p>\n<\/div>\n<\/div>\n<div id=\"chunk-8urvd\">\n<div class=\"mc-column content-text active-extra-styles \" data-block-type=\"unstyled\" data-block-weight=\"77\" data-block-id=\"64\">\n<p class=\" content-text__container \" data-track-category=\"Link no Texto\" data-track-links=\"\" data-mrf-recirculation=\"Mat\u00e9ria - Links no Texto\"><strong>BBC News Brasil\u00a0<\/strong>&#8211; Voc\u00ea viaja bastante. Est\u00e1 em Londres essa semana. O que v\u00ea nos supermercados em compara\u00e7\u00e3o com o Brasil, com os Estados Unidos, outros pa\u00edses?<br \/>\n<strong>Rita Lobo &#8211;<\/strong>\u00a0Caro. Esse \u00e9 o primeiro ponto. Muito caro. No Brasil, hoje, comer comida de verdade custa mais ou menos o mesmo que basear a alimenta\u00e7\u00e3o em ultraprocessados. Aqui, comer comida de verdade \u00e9 mais caro, e isso voc\u00ea sente no supermercado. Os ultraprocessados s\u00e3o muito mais baratos.<\/p>\n<\/div>\n<\/div>\n<div id=\"chunk-9bdr2\">\n<div class=\"mc-column content-text active-extra-styles \" data-block-type=\"unstyled\" data-block-weight=\"19\" data-block-id=\"65\">\n<p class=\" content-text__container \" data-track-category=\"Link no Texto\" data-track-links=\"\" data-mrf-recirculation=\"Mat\u00e9ria - Links no Texto\">Parte disso \u00e9 porque no Brasil ainda se come muita comida de verdade, ainda existe mercado para isso.<\/p>\n<\/div>\n<\/div>\n<div id=\"chunk-cau51\">\n<div class=\"mc-column content-text active-extra-styles \" data-block-type=\"unstyled\" data-block-weight=\"23\" data-block-id=\"66\">\n<p class=\" content-text__container \" data-track-category=\"Link no Texto\" data-track-links=\"\" data-mrf-recirculation=\"Mat\u00e9ria - Links no Texto\">Quanto menos a gente comer comida de verdade, mais baratos v\u00e3o ficar os ultraprocessados e mais caras v\u00e3o ficar as op\u00e7\u00f5es realmente saud\u00e1veis.<\/p>\n<\/div>\n<\/div>\n<div id=\"chunk-ej7a5\">\n<div class=\"mc-column content-text active-extra-styles \" data-block-type=\"unstyled\" data-block-weight=\"41\" data-block-id=\"67\">\n<p class=\" content-text__container \" data-track-category=\"Link no Texto\" data-track-links=\"\" data-mrf-recirculation=\"Mat\u00e9ria - Links no Texto\">Outra coisa que me chama aten\u00e7\u00e3o em qualquer lugar que eu vou \u00e9 que, quando estamos no Brasil, o melhor jeito de se alimentar \u00e9 seguindo a dieta brasileira. Quando estamos na It\u00e1lia, o melhor jeito \u00e9 comer como os italianos.<\/p>\n<\/div>\n<\/div>\n<div id=\"chunk-bmtpp\">\n<div class=\"mc-column content-text active-extra-styles \" data-block-type=\"unstyled\" data-block-weight=\"35\" data-block-id=\"68\">\n<p class=\" content-text__container \" data-track-category=\"Link no Texto\" data-track-links=\"\" data-mrf-recirculation=\"Mat\u00e9ria - Links no Texto\">Isso acontece porque essas culin\u00e1rias foram sendo constru\u00eddas a partir dos alimentos abundantes daquela regi\u00e3o. Aqui na Inglaterra, nos Estados Unidos, no Canad\u00e1, na Austr\u00e1lia, n\u00e3o existe um padr\u00e3o alimentar tradicional t\u00e3o claro, t\u00e3o equilibrado.<\/p>\n<\/div>\n<\/div>\n<div id=\"chunk-cb6kk\">\n<div class=\"mc-column content-text active-extra-styles \" data-block-type=\"unstyled\" data-block-weight=\"31\" data-block-id=\"69\">\n<p class=\" content-text__container \" data-track-category=\"Link no Texto\" data-track-links=\"\" data-mrf-recirculation=\"Mat\u00e9ria - Links no Texto\">Quando eu chego nesses lugares, eu tento buscar coisas mais frescas, que viajaram menos. Eu adoro cozinhar onde eu vou. Vou ao mercado, compro comida e tento entender os ingredientes locais.<\/p>\n<\/div>\n<\/div>\n<div id=\"chunk-bm9v5\">\n<div class=\"mc-column content-text active-extra-styles \" data-block-type=\"unstyled\" data-block-weight=\"46\" data-block-id=\"71\">\n<p class=\" content-text__container \" data-track-category=\"Link no Texto\" data-track-links=\"\" data-mrf-recirculation=\"Mat\u00e9ria - Links no Texto\">No Brasil, por exemplo, a gente nem imagina que cheddar pode ser um queijo maravilhoso, porque a nossa refer\u00eancia \u00e9 aquele &#8220;pl\u00e1stico&#8221; amarelo. Aqui voc\u00ea encontra queijos cheddar incr\u00edveis, com diferentes tempos de matura\u00e7\u00e3o. Ent\u00e3o \u00e9 isso: buscar comida local, comer o que \u00e9 da regi\u00e3o.<\/p>\n<\/div>\n<\/div>\n<div id=\"chunk-5r1jp\">\n<div class=\"mc-column content-text active-extra-styles \" data-block-type=\"unstyled\" data-block-weight=\"48\" data-block-id=\"72\">\n<p class=\" content-text__container \" data-track-category=\"Link no Texto\" data-track-links=\"\" data-mrf-recirculation=\"Mat\u00e9ria - Links no Texto\"><strong>BBC News Brasil<\/strong>\u00a0&#8211; Falando em comida local, o nosso PF brasileiro\u2026 Ele \u00e9 tudo isso mesmo? O que os outros pa\u00edses podem aprender com ele?<br \/>\n<strong>Rita Lobo<\/strong>\u00a0&#8211; Ele \u00e9 tudo isso e muito mais. Pensa o seguinte: h\u00e1 cinco grupos de alimentos que a gente precisa comer.<\/p>\n<\/div>\n<\/div>\n<div id=\"chunk-a7one\">\n<div class=\"mc-column content-text active-extra-styles \" data-block-type=\"unstyled\" data-block-weight=\"41\" data-block-id=\"73\">\n<p class=\" content-text__container \" data-track-category=\"Link no Texto\" data-track-links=\"\" data-mrf-recirculation=\"Mat\u00e9ria - Links no Texto\">Um grupo \u00e9 o dos cereais, ra\u00edzes ou tub\u00e9rculos. Esses tr\u00eas alimentos \u2014 um cereal como o arroz, como a aveia, raiz ou tub\u00e9rculo como a mandioca, como a batata \u2014 formam um grupo, porque eles t\u00eam um papel nutricional parecido.<\/p>\n<\/div>\n<\/div>\n<div id=\"chunk-3s6cu\">\n<div class=\"mc-column content-text active-extra-styles \" data-block-type=\"unstyled\" data-block-weight=\"15\" data-block-id=\"74\">\n<p class=\" content-text__container \" data-track-category=\"Link no Texto\" data-track-links=\"\" data-mrf-recirculation=\"Mat\u00e9ria - Links no Texto\">A\u00ed a gente precisa comer uma leguminosa, que s\u00e3o os feij\u00f5es, o gr\u00e3o-de-bico, a lentilha.<\/p>\n<\/div>\n<\/div>\n<div id=\"chunk-aibpl\">\n<div class=\"mc-column content-text active-extra-styles \" data-block-type=\"unstyled\" data-block-weight=\"18\" data-block-id=\"75\">\n<p class=\" content-text__container \" data-track-category=\"Link no Texto\" data-track-links=\"\" data-mrf-recirculation=\"Mat\u00e9ria - Links no Texto\">A\u00ed a gente precisa comer hortali\u00e7as, que \u00e9 tudo que vem da horta: os legumes e as verduras.<\/p>\n<\/div>\n<\/div>\n<div id=\"chunk-f45mh\">\n<div class=\"mc-column content-text active-extra-styles \" data-block-type=\"unstyled\" data-block-weight=\"16\" data-block-id=\"76\">\n<p class=\" content-text__container \" data-track-category=\"Link no Texto\" data-track-links=\"\" data-mrf-recirculation=\"Mat\u00e9ria - Links no Texto\">A gente precisa \u2014 quer dizer, n\u00e3o precisa obrigatoriamente, mas pode \u2014 comer carnes e ovos.<\/p>\n<\/div>\n<\/div>\n<div id=\"chunk-44ujo\">\n<div class=\"mc-column content-text active-extra-styles \" data-block-type=\"unstyled\" data-block-weight=\"6\" data-block-id=\"77\">\n<p class=\" content-text__container \" data-track-category=\"Link no Texto\" data-track-links=\"\" data-mrf-recirculation=\"Mat\u00e9ria - Links no Texto\">E a gente precisa comer frutas.<\/p>\n<\/div>\n<\/div>\n<div id=\"chunk-dg4o2\">\n<div class=\"mc-column content-text active-extra-styles \" data-block-type=\"unstyled\" data-block-weight=\"37\" data-block-id=\"78\">\n<p class=\" content-text__container \" data-track-category=\"Link no Texto\" data-track-links=\"\" data-mrf-recirculation=\"Mat\u00e9ria - Links no Texto\">Ent\u00e3o, o PF j\u00e1 tem quatro desses grupos, porque ele tem o arroz, que \u00e9 o cereal; o feij\u00e3o, que \u00e9 uma leguminosa; o bife, o frango, o ovo ou o peixe, que entram como a carne.<\/p>\n<\/div>\n<\/div>\n<div id=\"chunk-2mua1\">\n<div class=\"mc-column content-text active-extra-styles \" data-block-type=\"unstyled\" data-block-weight=\"20\" data-block-id=\"80\">\n<p class=\" content-text__container \" data-track-category=\"Link no Texto\" data-track-links=\"\" data-mrf-recirculation=\"Mat\u00e9ria - Links no Texto\">E a\u00ed, nas hortali\u00e7as, ora \u00e9 um chuchu refogadinho, uma saladinha com tomate, a cenoura ralada\u2026 e assim por diante.<\/p>\n<\/div>\n<\/div>\n<div id=\"chunk-auhd0\">\n<div class=\"mc-column content-text active-extra-styles \" data-block-type=\"unstyled\" data-block-weight=\"15\" data-block-id=\"81\">\n<p class=\" content-text__container \" data-track-category=\"Link no Texto\" data-track-links=\"\" data-mrf-recirculation=\"Mat\u00e9ria - Links no Texto\">Ent\u00e3o, o PF \u00e9 uma f\u00f3rmula de alimenta\u00e7\u00e3o saud\u00e1vel. Ele j\u00e1 traz tudo isso.<\/p>\n<\/div>\n<\/div>\n<div id=\"chunk-2q35f\">\n<div class=\"mc-column content-text active-extra-styles \" data-block-type=\"unstyled\" data-block-weight=\"43\" data-block-id=\"82\">\n<p class=\" content-text__container \" data-track-category=\"Link no Texto\" data-track-links=\"\" data-mrf-recirculation=\"Mat\u00e9ria - Links no Texto\">E um outro ponto: o feij\u00e3o tem 19 amino\u00e1cidos. Para virar uma prote\u00edna, precisava de mais um. E o arroz tem esse essa prote\u00edna essa esse amino\u00e1cido que faltava. Ent\u00e3o, \u00e9 por isso que juntos o arroz com feij\u00e3o formam uma pot\u00eancia nutricional.<\/p>\n<\/div>\n<\/div>\n<div id=\"chunk-2vqvj\">\n<div class=\"mc-column content-text active-extra-styles \" data-block-type=\"unstyled\" data-block-weight=\"22\" data-block-id=\"83\">\n<p class=\" content-text__container \" data-track-category=\"Link no Texto\" data-track-links=\"\" data-mrf-recirculation=\"Mat\u00e9ria - Links no Texto\">S\u00f3 fica faltando a fruta, que a gente pode \u2014 e deve \u2014 comer como sobremesa, mesmo que v\u00e1 comer um doce.<\/p>\n<\/div>\n<p data-track-category=\"Link no Texto\" data-track-links=\"\" data-mrf-recirculation=\"Mat\u00e9ria - Links no Texto\">\n<p data-track-category=\"Link no Texto\" data-track-links=\"\" data-mrf-recirculation=\"Mat\u00e9ria - Links no Texto\">Fonte: Portal G1.<br \/>\nConfira esta e outras mat\u00e9rias na \u00edntegra pelo link: https:\/\/g1.globo.com\/saude\/noticia\/2025\/11\/28\/rita-lobo-se-pensar-so-em-proteina-e-carboidrato-o-pao-vira-inimigo.ghtml<\/p>\n<\/div>\n<\/div>\n","protected":false},"excerpt":{"rendered":"<p>Chef fala \u00e0 BBC News Brasil sobre o avan\u00e7o dos ultraprocessados, o papel de cozinhar em casa e o risco de uma alimenta\u00e7\u00e3o cada vez mais distante da &#8216;comida de verdade&#8217;. &nbsp; H\u00e1 25 anos, a chef de cozinha Rita Lobo lan\u00e7ava o site Panelinha com um intuito simples: ensinar qualquer pessoa a cozinhar em [&hellip;]<\/p>\n","protected":false},"author":3,"featured_media":13494,"comment_status":"open","ping_status":"open","sticky":false,"template":"","format":"standard","meta":{"om_disable_all_campaigns":false,"_monsterinsights_skip_tracking":false,"_monsterinsights_sitenote_active":false,"_monsterinsights_sitenote_note":"","_monsterinsights_sitenote_category":0,"footnotes":""},"categories":[42],"tags":[],"class_list":["post-13493","post","type-post","status-publish","format-standard","has-post-thumbnail","hentry","category-saude"],"jetpack_featured_media_url":"https:\/\/fatoelado.com\/wp-content\/uploads\/2025\/11\/rita-lobo-fala-sobre-ultraprocessados.avif","_links":{"self":[{"href":"https:\/\/fatoelado.com\/index.php?rest_route=\/wp\/v2\/posts\/13493","targetHints":{"allow":["GET"]}}],"collection":[{"href":"https:\/\/fatoelado.com\/index.php?rest_route=\/wp\/v2\/posts"}],"about":[{"href":"https:\/\/fatoelado.com\/index.php?rest_route=\/wp\/v2\/types\/post"}],"author":[{"embeddable":true,"href":"https:\/\/fatoelado.com\/index.php?rest_route=\/wp\/v2\/users\/3"}],"replies":[{"embeddable":true,"href":"https:\/\/fatoelado.com\/index.php?rest_route=%2Fwp%2Fv2%2Fcomments&post=13493"}],"version-history":[{"count":1,"href":"https:\/\/fatoelado.com\/index.php?rest_route=\/wp\/v2\/posts\/13493\/revisions"}],"predecessor-version":[{"id":13495,"href":"https:\/\/fatoelado.com\/index.php?rest_route=\/wp\/v2\/posts\/13493\/revisions\/13495"}],"wp:featuredmedia":[{"embeddable":true,"href":"https:\/\/fatoelado.com\/index.php?rest_route=\/wp\/v2\/media\/13494"}],"wp:attachment":[{"href":"https:\/\/fatoelado.com\/index.php?rest_route=%2Fwp%2Fv2%2Fmedia&parent=13493"}],"wp:term":[{"taxonomy":"category","embeddable":true,"href":"https:\/\/fatoelado.com\/index.php?rest_route=%2Fwp%2Fv2%2Fcategories&post=13493"},{"taxonomy":"post_tag","embeddable":true,"href":"https:\/\/fatoelado.com\/index.php?rest_route=%2Fwp%2Fv2%2Ftags&post=13493"}],"curies":[{"name":"wp","href":"https:\/\/api.w.org\/{rel}","templated":true}]}}