{"id":13490,"date":"2025-11-28T10:08:38","date_gmt":"2025-11-28T13:08:38","guid":{"rendered":"https:\/\/fatoelado.com\/?p=13490"},"modified":"2025-11-28T10:08:38","modified_gmt":"2025-11-28T13:08:38","slug":"as-mudancas-nos-bastidores-que-levaram-o-brasil-ao-topo-no-taekwondo","status":"publish","type":"post","link":"https:\/\/fatoelado.com\/?p=13490","title":{"rendered":"As mudan\u00e7as nos bastidores que levaram o Brasil ao topo no Taekwondo"},"content":{"rendered":"<div class=\"flex w-full flex-col gap-2 pb-2 md:gap-4 md:mt-6 md:mb-4\">\n<h2 class=\"font-krub text-base leading-normal font-normal text-start text-[#4D5156] w-full\" style=\"text-align: center;\">Quatro brasileiros conquistaram medalhas, o que levou o Brasil ao top-3 do mundo<\/h2>\n<\/div>\n<figure class=\"relative w-full overflow-hidden tab-m:w-screen tab-m:max-w-screen-md md:-mt-4 tab-m:-mx-4 tab-m:rounded-b-none rounded-b-2xl max-h-[355px] desk-news:max-h-[501px]\">\n<div class=\"w-full rounded-[20px] h-20 -z-10 -mb-[75px] tab:w-screen mx-auto\"><\/div>\n<div class=\"relative max-h-[350px] desk-news:max-h-[496px] bg-transparent h-full max-h-[350px]\"><img loading=\"lazy\" decoding=\"async\" class=\"rounded-lg object-cover object-top tab-m:rounded-t-2xl tab-m:rounded-b-none rounded-b-2xl max-h-[350px] h-[350px] desk-news:h-full desk-news:max-h-[496px] flex-shrink-0 w-full\" src=\"https:\/\/lncimg.lance.com.br\/cdn-cgi\/image\/width=950,quality=75,fit=pad,format=webp\/uploads\/2025\/11\/Henrique-Marques-e-campeao-mundial-de-taekwondo-2025-1-aspect-ratio-512-320.jpg\" srcset=\"https:\/\/lncimg.lance.com.br\/cdn-cgi\/image\/width=950,quality=75,fit=pad,format=webp\/uploads\/2025\/11\/Henrique-Marques-e-campeao-mundial-de-taekwondo-2025-1-aspect-ratio-512-320.jpg 1x\" alt=\"Henrique Marques \u00e9 campe\u00e3o mundial de taekwondo 2025 (Foto: World Taekwondo)\" width=\"850\" height=\"350\" data-nimg=\"1\" \/><\/div>\n<\/figure>\n<div>\n<div class=\"w-full desk-news:max-w-[714px] mx-auto flex flex-col gap-6 md:gap-8\">\n<p class=\"w-full text-lg font-krub text-gray-500 leading-30\">Em time que est\u00e1 ganhando se mexe? \u00c0s vezes, sim. Conhecido mundialmente pela for\u00e7a no UFC, jud\u00f4 e jiu-j\u00edtsu, o Brasil segue conquistando seu posto como pot\u00eancia em mais uma arte marcial: o Taekwondo. A atual gera\u00e7\u00e3o de atletas chega com promessas de colocar o pa\u00eds no mais alto n\u00edvel do esporte. Essa melhora, inclusive, p\u00f4de ser acompanhada e vibrada, em outubro deste ano, no Campeonato Mundial de Wuxi.<\/p>\n<div class=\"w-full font-krub not-italic font-normal text-start\">\n<h2 class=\"font-bold text-3xl tab-m:text-xl\">Brasil conquistou melhor campanha da sua hist\u00f3ria no Mundial<\/h2>\n<\/div>\n<p class=\"w-full text-lg font-krub text-gray-500 leading-30\">O Brasil terminou a competi\u00e7\u00e3o em terceiro lugar no quadro geral de medalhas, com quatro p\u00f3dios no total. Maria Clara Pacheco e Henrique Marques conquistaram medalhas de ouro, enquanto Milena Titoneli, assim como Netinho, ficou com a prata.<\/p>\n<p class=\"w-full text-lg font-krub text-gray-500 leading-30\">A delega\u00e7\u00e3o brasileira ficou atr\u00e1s apenas da Turquia, com tr\u00eas ouros, e da Rep\u00fablica da Coreia, que somou dois ouros, duas pratas e dois bronzes. O resultado confirmou a melhor campanha do Brasil na hist\u00f3ria dos Mundiais, com quatro medalhas, sendo duas de ouro e duas de prata.<\/p>\n<p class=\"w-full text-lg font-krub text-gray-500 leading-30\">Outros tr\u00eas brasileiros chegaram \u00e0s quartas de final do Mundial: Matheus Gilliard na categoria 54kg masculina, \u00cdcaro Miguel na 87kg e Paulo Ricardo Melo na 58kg masculina. Todos ficaram a uma vit\u00f3ria de garantir medalhas para o pa\u00eds.<\/p>\n<p class=\"w-full text-lg font-krub text-gray-500 leading-30\">Na categoria 53kg feminina, Nivea Barros representou o Brasil. A atleta estreou diretamente na segunda rodada, mas foi derrotada pela uzbeque Laylo Zayniddinova por 2 a 0, com parciais de 9 a 3 e 4 a 3.<\/p>\n<p class=\"w-full text-lg font-krub text-gray-500 leading-30\">O desempenho da equipe brasileira no Mundial de Taekwondo Wuxi 2025 refor\u00e7a a posi\u00e7\u00e3o do pa\u00eds como for\u00e7a emergente na modalidade, especialmente ap\u00f3s os resultados obtidos nos Jogos Ol\u00edmpicos de Paris. Com isso, uma quest\u00e3o fica em evid\u00eancia: o que mudou de l\u00e1 para c\u00e1?<\/p>\n<div class=\"w-full font-krub not-italic font-normal text-start\">\n<h2 class=\"font-bold text-3xl tab-m:text-xl\">Os fundamentos do Taekwondo e suas melhorias<\/h2>\n<\/div>\n<p class=\"w-full text-lg font-krub text-gray-500 leading-30\">Apesar de Maria Clara n\u00e3o treinar no mesmo centro que os demais atletas da sele\u00e7\u00e3o, o per\u00edodo p\u00f3s-ciclo ol\u00edmpico trouxe transforma\u00e7\u00f5es para todos. Depois da elimina\u00e7\u00e3o nas quartas de final em Paris-2024, a jovem de 22 anos percebeu que, embora tivesse chegado aos Jogos em boa forma, ainda faltava algo para competir em n\u00edvel de p\u00f3dio.<\/p>\n<p class=\"w-full text-lg font-krub text-gray-500 leading-30\">A frustra\u00e7\u00e3o virou ponto de virada: Maria Clara decidiu reformular completamente sua prepara\u00e7\u00e3o ao trocar treinador, preparador f\u00edsico e adotar uma estrutura multidisciplinar para acompanh\u00e1-la nas competi\u00e7\u00f5es. Com isso, passou a investir mais na parte t\u00e1tica e aprimorar sua leitura de luta, assim como na chamada &#8220;malandragem&#8221; fundamental no taekwondo de alto rendimento.<\/p>\n<p class=\"w-full text-lg font-krub text-gray-500 leading-30\">As mudan\u00e7as n\u00e3o ficaram restritas \u00e0 equipe. Ap\u00f3s enfrentar dificuldades tanto nos 49kg quanto nos 53kg, arriscou subir para os 57kg no fim de 2022 \u2013 algo que, \u00e0 primeira vista, n\u00e3o era ideal por sua estatura. O que come\u00e7ou como tentativa virou encaixe imediato: logo em suas primeiras competi\u00e7\u00f5es, superou a ent\u00e3o titular da sele\u00e7\u00e3o brasileira e passou a acumular resultados expressivos em torneios internacionais.<\/p>\n<figure class=\"relative\"><img loading=\"lazy\" decoding=\"async\" class=\"w-full rounded-lg \" src=\"https:\/\/lncimg.lance.com.br\/cdn-cgi\/image\/width=850,quality=75,format=webp\/uploads\/2025\/10\/podio-maria-clara-taekwondo.jpg\" alt=\"Maria Clara Pacheco conquistou a medalha de ouro no Mundial de Taekwondo\" width=\"850\" height=\"530\" data-nimg=\"1\" \/><figcaption class=\"font-krub font-normal not-italic text-[12px] leading-5 text-[#808080] flex items-center justify-start mt-2\">Maria Clara Pacheco conquistou a medalha de ouro no Mundial de Taekwondo (Foto: World Taekwondo)<\/figcaption><\/figure>\n<p class=\"w-full text-lg font-krub text-gray-500 leading-30\">Do outro lado, as melhorias significativas se ligam a uma atualiza\u00e7\u00e3o na prepara\u00e7\u00e3o para cada atleta, individualmente. O preparador f\u00edsico Ariel, respons\u00e1vel pelo trabalho de Henrique, Netinho e Milena, explica que o ciclo foi marcado por um planejamento muito mais minucioso do que em temporadas anteriores. Segundo ele, a proposta era clara: tratar cada atleta como um projeto \u00fanico.<\/p>\n<p class=\"w-full text-lg font-krub text-gray-500 leading-30\">A equipe estruturou uma ondula\u00e7\u00e3o de cargas tanto f\u00edsicas quanto t\u00e9cnicas, monitorando cada etapa com muita precis\u00e3o. Embora o trabalho tenha sido individual, as decis\u00f5es foram tomadas em coletivo. E o resultado pr\u00e1tico apareceu na forma como os atletas chegaram ao Mundial. Ariel destaca que o equil\u00edbrio entre intensidade e recupera\u00e7\u00e3o foi fundamental. Em uma competi\u00e7\u00e3o desse porte, esse detalhe pesar tanto quanto a estrat\u00e9gia de luta.<\/p>\n<blockquote>\n<p class=\"w-full text-lg font-krub text-gray-500 leading-30\">\u2014 A modula\u00e7\u00e3o de carga durante o per\u00edodo preparat\u00f3rio deles foi muito importante para que eles chegassem descansados. E a\u00ed com certeza \u00e9 um campeonato dif\u00edcil, \u00e0s vezes at\u00e9 mais dif\u00edcil que a Olimp\u00edada por conta da quantidade de lutas que voc\u00ea tem, quantidade de advers\u00e1rios que est\u00e3o ali. Na Olimp\u00edada, voc\u00ea deve ter ali tr\u00eas, quatro lutas, mas no mundial, voc\u00ea tem sete, muitas vezes. Ent\u00e3o chegar na final do mundial e ser campe\u00e3o depende de um f\u00edsico, de um t\u00e9cnico e de uma cabe\u00e7a muito boa \u2014 disse o preparador.<\/p>\n<\/blockquote>\n<p class=\"w-full text-lg font-krub text-gray-500 leading-30\">Segundo Ariel, essa mudan\u00e7a teve influ\u00eancia direta tamb\u00e9m no processo de corte de peso, que foi enfrentado com maestria pelos atletas da Sele\u00e7\u00e3o Brasileira.<\/p>\n<\/div>\n<\/div>\n<div><\/div>\n<div class=\"mt-8 w-full flex flex-col text-[#767676] pt-4 pb-6 px-0 border-[#DFE4EA] border-y border-solid font-krub\">Fonte: Portal Lance.<br \/>\nConfira esta e outras mat\u00e9rias na \u00edntegra pelo link: https:\/\/www.lance.com.br\/lutas\/as-mudancas-nos-bastidores-que-levaram-o-brasil-ao-topo-no-taekwondo.html<\/div>\n","protected":false},"excerpt":{"rendered":"<p>Quatro brasileiros conquistaram medalhas, o que levou o Brasil ao top-3 do mundo Em time que est\u00e1 ganhando se mexe? \u00c0s vezes, sim. Conhecido mundialmente pela for\u00e7a no UFC, jud\u00f4 e jiu-j\u00edtsu, o Brasil segue conquistando seu posto como pot\u00eancia em mais uma arte marcial: o Taekwondo. A atual gera\u00e7\u00e3o de atletas chega com promessas [&hellip;]<\/p>\n","protected":false},"author":3,"featured_media":13491,"comment_status":"open","ping_status":"open","sticky":false,"template":"","format":"standard","meta":{"om_disable_all_campaigns":false,"_monsterinsights_skip_tracking":false,"_monsterinsights_sitenote_active":false,"_monsterinsights_sitenote_note":"","_monsterinsights_sitenote_category":0,"footnotes":""},"categories":[48],"tags":[],"class_list":["post-13490","post","type-post","status-publish","format-standard","has-post-thumbnail","hentry","category-esportes"],"jetpack_featured_media_url":"https:\/\/fatoelado.com\/wp-content\/uploads\/2025\/11\/Henrique-Marques-e-campeao-mundial-de-taekwondo-2025-1-aspect-ratio-512-320.webp","_links":{"self":[{"href":"https:\/\/fatoelado.com\/index.php?rest_route=\/wp\/v2\/posts\/13490","targetHints":{"allow":["GET"]}}],"collection":[{"href":"https:\/\/fatoelado.com\/index.php?rest_route=\/wp\/v2\/posts"}],"about":[{"href":"https:\/\/fatoelado.com\/index.php?rest_route=\/wp\/v2\/types\/post"}],"author":[{"embeddable":true,"href":"https:\/\/fatoelado.com\/index.php?rest_route=\/wp\/v2\/users\/3"}],"replies":[{"embeddable":true,"href":"https:\/\/fatoelado.com\/index.php?rest_route=%2Fwp%2Fv2%2Fcomments&post=13490"}],"version-history":[{"count":1,"href":"https:\/\/fatoelado.com\/index.php?rest_route=\/wp\/v2\/posts\/13490\/revisions"}],"predecessor-version":[{"id":13492,"href":"https:\/\/fatoelado.com\/index.php?rest_route=\/wp\/v2\/posts\/13490\/revisions\/13492"}],"wp:featuredmedia":[{"embeddable":true,"href":"https:\/\/fatoelado.com\/index.php?rest_route=\/wp\/v2\/media\/13491"}],"wp:attachment":[{"href":"https:\/\/fatoelado.com\/index.php?rest_route=%2Fwp%2Fv2%2Fmedia&parent=13490"}],"wp:term":[{"taxonomy":"category","embeddable":true,"href":"https:\/\/fatoelado.com\/index.php?rest_route=%2Fwp%2Fv2%2Fcategories&post=13490"},{"taxonomy":"post_tag","embeddable":true,"href":"https:\/\/fatoelado.com\/index.php?rest_route=%2Fwp%2Fv2%2Ftags&post=13490"}],"curies":[{"name":"wp","href":"https:\/\/api.w.org\/{rel}","templated":true}]}}