{"id":13285,"date":"2025-11-25T09:43:01","date_gmt":"2025-11-25T12:43:01","guid":{"rendered":"https:\/\/fatoelado.com\/?p=13285"},"modified":"2025-11-25T09:43:01","modified_gmt":"2025-11-25T12:43:01","slug":"hemocentro-de-picos-intensifica-acoes-no-dia-nacional-do-doador-de-sangue","status":"publish","type":"post","link":"https:\/\/fatoelado.com\/?p=13285","title":{"rendered":"Hemocentro de Picos intensifica a\u00e7\u00f5es no Dia Nacional do Doador de Sangue"},"content":{"rendered":"<p><img decoding=\"async\" src=\"https:\/\/cidadeverde.com\/assets\/uploads\/colecoes\/2\/2025\/11\/8f9771f180c6e861ec0ce7ffb3b797a9.jpg\" alt=\"\" \/><\/p>\n<p>Nesta segunda-feira, 25 de novembro, \u00e9 celebrado o Dia Nacional do Doador de Sangue, uma data dedicada a reconhecer e agradecer a todos que praticam esse ato de solidariedade que salva vidas. Em Picos, o Hemocentro Regional est\u00e1 com programa\u00e7\u00e3o especial ao longo de todo o dia, com o objetivo de estimular novas doa\u00e7\u00f5es e refor\u00e7ar a import\u00e2ncia da manuten\u00e7\u00e3o dos estoques sangu\u00edneos.<\/p>\n<p>Para marcar a data, a unidade intensificou a mobiliza\u00e7\u00e3o de doadores, ampliando atendimentos, refor\u00e7ando a equipe e promovendo a\u00e7\u00f5es de acolhimento ao p\u00fablico. A iniciativa busca n\u00e3o apenas celebrar os doadores habituais, mas tamb\u00e9m conscientizar novos volunt\u00e1rios sobre o impacto social da doa\u00e7\u00e3o de sangue.<\/p>\n<p>A coordenadora do Hemocentro Regional de Picos, Maria Santana, destacou a relev\u00e2ncia deste dia e o papel fundamental da participa\u00e7\u00e3o coletiva.<\/p>\n<p>\u201cQuando unimos esfor\u00e7os, ampliamos o alcance e renovamos a esperan\u00e7a de quem depende desse gesto. Venha comemorar com a gente essa data t\u00e3o especial.\u201d<\/p>\n<p>Segundo a coordena\u00e7\u00e3o, per\u00edodos festivos e mudan\u00e7as clim\u00e1ticas costumam reduzir o n\u00famero de doa\u00e7\u00f5es, tornando a\u00e7\u00f5es como a de hoje ainda mais essenciais para garantir a assist\u00eancia a pacientes que necessitam de transfus\u00f5es diariamente.<\/p>\n<p>O Hemocentro refor\u00e7a que doar sangue \u00e9 um procedimento r\u00e1pido, seguro e capaz de transformar vidas. Os interessados podem procurar a unidade durante todo o dia para participar da campanha.<\/p>\n<p>&nbsp;<\/p>\n<p>Fonte: Portal CidadeVerde.<br \/>\nConfira esta e outras mat\u00e9rias na \u00edntegra pelo link: https:\/\/cidadeverde.com\/noticias\/446198\/hemocentro-de-picos-intensifica-acoes-no-dia-nacional-do-doador-de-sangue<\/p>\n","protected":false},"excerpt":{"rendered":"<p>Nesta segunda-feira, 25 de novembro, \u00e9 celebrado o Dia Nacional do Doador de Sangue, uma data dedicada a reconhecer e agradecer a todos que praticam esse ato de solidariedade que salva vidas. Em Picos, o Hemocentro Regional est\u00e1 com programa\u00e7\u00e3o especial ao longo de todo o dia, com o objetivo de estimular novas doa\u00e7\u00f5es e [&hellip;]<\/p>\n","protected":false},"author":3,"featured_media":13286,"comment_status":"open","ping_status":"open","sticky":false,"template":"","format":"standard","meta":{"om_disable_all_campaigns":false,"_monsterinsights_skip_tracking":false,"_monsterinsights_sitenote_active":false,"_monsterinsights_sitenote_note":"","_monsterinsights_sitenote_category":0,"footnotes":""},"categories":[33,42],"tags":[],"class_list":["post-13285","post","type-post","status-publish","format-standard","has-post-thumbnail","hentry","category-piaui","category-saude"],"jetpack_featured_media_url":"https:\/\/fatoelado.com\/wp-content\/uploads\/2025\/11\/8f9771f180c6e861ec0ce7ffb3b797a9.jpg","_links":{"self":[{"href":"https:\/\/fatoelado.com\/index.php?rest_route=\/wp\/v2\/posts\/13285","targetHints":{"allow":["GET"]}}],"collection":[{"href":"https:\/\/fatoelado.com\/index.php?rest_route=\/wp\/v2\/posts"}],"about":[{"href":"https:\/\/fatoelado.com\/index.php?rest_route=\/wp\/v2\/types\/post"}],"author":[{"embeddable":true,"href":"https:\/\/fatoelado.com\/index.php?rest_route=\/wp\/v2\/users\/3"}],"replies":[{"embeddable":true,"href":"https:\/\/fatoelado.com\/index.php?rest_route=%2Fwp%2Fv2%2Fcomments&post=13285"}],"version-history":[{"count":1,"href":"https:\/\/fatoelado.com\/index.php?rest_route=\/wp\/v2\/posts\/13285\/revisions"}],"predecessor-version":[{"id":13287,"href":"https:\/\/fatoelado.com\/index.php?rest_route=\/wp\/v2\/posts\/13285\/revisions\/13287"}],"wp:featuredmedia":[{"embeddable":true,"href":"https:\/\/fatoelado.com\/index.php?rest_route=\/wp\/v2\/media\/13286"}],"wp:attachment":[{"href":"https:\/\/fatoelado.com\/index.php?rest_route=%2Fwp%2Fv2%2Fmedia&parent=13285"}],"wp:term":[{"taxonomy":"category","embeddable":true,"href":"https:\/\/fatoelado.com\/index.php?rest_route=%2Fwp%2Fv2%2Fcategories&post=13285"},{"taxonomy":"post_tag","embeddable":true,"href":"https:\/\/fatoelado.com\/index.php?rest_route=%2Fwp%2Fv2%2Ftags&post=13285"}],"curies":[{"name":"wp","href":"https:\/\/api.w.org\/{rel}","templated":true}]}}