{"id":13280,"date":"2025-11-24T09:53:23","date_gmt":"2025-11-24T12:53:23","guid":{"rendered":"https:\/\/fatoelado.com\/?p=13280"},"modified":"2025-11-24T09:53:23","modified_gmt":"2025-11-24T12:53:23","slug":"piaui-ultrapassa-marca-de-17-mil-brigadistas-formados-e-consolida-politica-estadual-de-prevencao-e-combate-a-incendios","status":"publish","type":"post","link":"https:\/\/fatoelado.com\/?p=13280","title":{"rendered":"Piau\u00ed ultrapassa marca de 1,7 mil brigadistas formados e consolida pol\u00edtica estadual de preven\u00e7\u00e3o e combate a inc\u00eandios"},"content":{"rendered":"<h2 style=\"text-align: center;\">Foram formados 72 novos agentes, oriundos dos munic\u00edpios de S\u00e3o Gon\u00e7alo do Gurgu\u00e9ia, Santa Filomena, Avelino Lopes, Barreiras do Piau\u00ed e Parnagu\u00e1.<\/h2>\n<p>&nbsp;<\/p>\n<p>O Governo do Estado do Piau\u00ed, por meio da Secretaria de Meio Ambiente e Recursos H\u00eddricos (Semarh), concluiu, neste final de semana, mais um ciclo de capacita\u00e7\u00e3o de brigadistas na regi\u00e3o da Chapada das Mangabeiras. Foram formados 72 novos agentes, oriundos dos munic\u00edpios de S\u00e3o Gon\u00e7alo do Gurgu\u00e9ia, Santa Filomena, Avelino Lopes, Barreiras do Piau\u00ed e Parnagu\u00e1.<\/p>\n<p>Com essa nova turma, o Piau\u00ed alcan\u00e7a um marco relevante: mais de 1,7 mil brigadistas capacitados para atuarem na preven\u00e7\u00e3o e no combate aos inc\u00eandios florestais, fortalecendo a rede estadual de prote\u00e7\u00e3o ambiental e ampliando a presen\u00e7a t\u00e9cnica em \u00e1reas estrat\u00e9gicas do territ\u00f3rio.<\/p>\n<p>O secret\u00e1rio de Meio Ambiente e Recursos H\u00eddricos, Feliphe Ara\u00fajo, destacou a import\u00e2ncia do trabalho cont\u00ednuo de forma\u00e7\u00e3o. \u201cCada nova capacita\u00e7\u00e3o representa um passo significativo para a seguran\u00e7a ambiental do estado. O Piau\u00ed est\u00e1 estruturando uma pol\u00edtica s\u00f3lida e permanente de preven\u00e7\u00e3o ao fogo, preparada para proteger vidas, patrim\u00f4nio e nossas \u00e1reas naturais. Ultrapassar a marca de 1,7 mil brigadistas formados demonstra o compromisso da gest\u00e3o com a\u00e7\u00f5es efetivas e estruturantes\u201d, afirmou o gestor.<\/p>\n<p><img loading=\"lazy\" decoding=\"async\" class=\"alignnone wp-image-100603 size-full\" src=\"https:\/\/www.pi.gov.br\/wp-content\/uploads\/2025\/11\/WhatsApp-Image-2025-11-24-at-09.05.30.jpeg\" sizes=\"auto, (max-width: 1280px) 100vw, 1280px\" srcset=\"https:\/\/www.pi.gov.br\/wp-content\/uploads\/2025\/11\/WhatsApp-Image-2025-11-24-at-09.05.30.jpeg 1280w, https:\/\/www.pi.gov.br\/wp-content\/uploads\/2025\/11\/WhatsApp-Image-2025-11-24-at-09.05.30-300x225.jpeg 300w, https:\/\/www.pi.gov.br\/wp-content\/uploads\/2025\/11\/WhatsApp-Image-2025-11-24-at-09.05.30-1024x768.jpeg 1024w, https:\/\/www.pi.gov.br\/wp-content\/uploads\/2025\/11\/WhatsApp-Image-2025-11-24-at-09.05.30-768x576.jpeg 768w\" alt=\"\" width=\"1280\" height=\"960\" \/><\/p>\n<p>As atividades inclu\u00edram m\u00f3dulos te\u00f3ricos e pr\u00e1ticos, com foco em manejo integrado do fogo, t\u00e9cnicas de combate, primeiros socorros e protocolos de atua\u00e7\u00e3o em campo.<\/p>\n<p>O gerente de Combate ao Fogo da Semarh, M\u00e1rio Filho, respons\u00e1vel pela forma\u00e7\u00e3o na Chapada das Mangabeiras, refor\u00e7ou a relev\u00e2ncia da iniciativa. \u201cEstamos ampliando, de forma consistente, a capacidade operacional do Estado. A forma\u00e7\u00e3o de brigadistas locais qualifica a resposta \u00e0s ocorr\u00eancias e fortalece a preven\u00e7\u00e3o, especialmente em regi\u00f5es com maior sensibilidade ambiental. Esse esfor\u00e7o cont\u00ednuo \u00e9 fundamental para a prote\u00e7\u00e3o do bioma e para a redu\u00e7\u00e3o de danos causados pelos inc\u00eandios\u201d, destacou.<\/p>\n<p><img loading=\"lazy\" decoding=\"async\" class=\"alignnone wp-image-100604 size-full\" src=\"https:\/\/www.pi.gov.br\/wp-content\/uploads\/2025\/11\/WhatsApp-Image-2025-11-24-at-09.05.31-e1763986417609.jpeg\" sizes=\"auto, (max-width: 960px) 100vw, 960px\" srcset=\"https:\/\/www.pi.gov.br\/wp-content\/uploads\/2025\/11\/WhatsApp-Image-2025-11-24-at-09.05.31-e1763986417609.jpeg 960w, https:\/\/www.pi.gov.br\/wp-content\/uploads\/2025\/11\/WhatsApp-Image-2025-11-24-at-09.05.31-e1763986417609-300x201.jpeg 300w, https:\/\/www.pi.gov.br\/wp-content\/uploads\/2025\/11\/WhatsApp-Image-2025-11-24-at-09.05.31-e1763986417609-768x515.jpeg 768w\" alt=\"\" width=\"960\" height=\"644\" \/><\/p>\n<p>&nbsp;<\/p>\n<p>Fonte: Portal pi.Gov<br \/>\nConfira esta e outras mat\u00e9rias na \u00edntegra pelo link: https:\/\/www.pi.gov.br\/piaui-ultrapassa-marca-de-17-mil-brigadistas-formados-e-consolida-politica-estadual-de-prevencao-e-combate-a-incendios\/<\/p>\n","protected":false},"excerpt":{"rendered":"<p>Foram formados 72 novos agentes, oriundos dos munic\u00edpios de S\u00e3o Gon\u00e7alo do Gurgu\u00e9ia, Santa Filomena, Avelino Lopes, Barreiras do Piau\u00ed e Parnagu\u00e1. &nbsp; O Governo do Estado do Piau\u00ed, por meio da Secretaria de Meio Ambiente e Recursos H\u00eddricos (Semarh), concluiu, neste final de semana, mais um ciclo de capacita\u00e7\u00e3o de brigadistas na regi\u00e3o da [&hellip;]<\/p>\n","protected":false},"author":3,"featured_media":13281,"comment_status":"open","ping_status":"open","sticky":false,"template":"","format":"standard","meta":{"om_disable_all_campaigns":false,"_monsterinsights_skip_tracking":false,"_monsterinsights_sitenote_active":false,"_monsterinsights_sitenote_note":"","_monsterinsights_sitenote_category":0,"footnotes":""},"categories":[33],"tags":[],"class_list":["post-13280","post","type-post","status-publish","format-standard","has-post-thumbnail","hentry","category-piaui"],"jetpack_featured_media_url":"https:\/\/fatoelado.com\/wp-content\/uploads\/2025\/11\/WhatsApp-Image-2025-11-24-at-09.05.30.jpeg","_links":{"self":[{"href":"https:\/\/fatoelado.com\/index.php?rest_route=\/wp\/v2\/posts\/13280","targetHints":{"allow":["GET"]}}],"collection":[{"href":"https:\/\/fatoelado.com\/index.php?rest_route=\/wp\/v2\/posts"}],"about":[{"href":"https:\/\/fatoelado.com\/index.php?rest_route=\/wp\/v2\/types\/post"}],"author":[{"embeddable":true,"href":"https:\/\/fatoelado.com\/index.php?rest_route=\/wp\/v2\/users\/3"}],"replies":[{"embeddable":true,"href":"https:\/\/fatoelado.com\/index.php?rest_route=%2Fwp%2Fv2%2Fcomments&post=13280"}],"version-history":[{"count":1,"href":"https:\/\/fatoelado.com\/index.php?rest_route=\/wp\/v2\/posts\/13280\/revisions"}],"predecessor-version":[{"id":13282,"href":"https:\/\/fatoelado.com\/index.php?rest_route=\/wp\/v2\/posts\/13280\/revisions\/13282"}],"wp:featuredmedia":[{"embeddable":true,"href":"https:\/\/fatoelado.com\/index.php?rest_route=\/wp\/v2\/media\/13281"}],"wp:attachment":[{"href":"https:\/\/fatoelado.com\/index.php?rest_route=%2Fwp%2Fv2%2Fmedia&parent=13280"}],"wp:term":[{"taxonomy":"category","embeddable":true,"href":"https:\/\/fatoelado.com\/index.php?rest_route=%2Fwp%2Fv2%2Fcategories&post=13280"},{"taxonomy":"post_tag","embeddable":true,"href":"https:\/\/fatoelado.com\/index.php?rest_route=%2Fwp%2Fv2%2Ftags&post=13280"}],"curies":[{"name":"wp","href":"https:\/\/api.w.org\/{rel}","templated":true}]}}