{"id":13277,"date":"2025-11-24T09:51:24","date_gmt":"2025-11-24T12:51:24","guid":{"rendered":"https:\/\/fatoelado.com\/?p=13277"},"modified":"2025-11-24T09:51:24","modified_gmt":"2025-11-24T12:51:24","slug":"policiamento-com-motocicletas-reforcara-seguranca-nos-centros-comerciais-de-teresina-no-periodo-de-fim-de-ano","status":"publish","type":"post","link":"https:\/\/fatoelado.com\/?p=13277","title":{"rendered":"Policiamento com motocicletas refor\u00e7ar\u00e1 seguran\u00e7a nos centros comerciais de Teresina no per\u00edodo de fim de ano"},"content":{"rendered":"<div class=\"elementor-element elementor-element-282adc7 elementor-widget elementor-widget-heading\" data-id=\"282adc7\" data-element_type=\"widget\" data-widget_type=\"heading.default\">\n<div class=\"elementor-widget-container\">\n<h2 class=\"elementor-heading-title elementor-size-default\" style=\"text-align: center;\">A medida busca garantir maior agilidade e presen\u00e7a policial especialmente nos hor\u00e1rios de pico do com\u00e9rcio e durante a noite<\/h2>\n<\/div>\n<\/div>\n<div class=\"elementor-element elementor-element-fe86f93 e-con-full e-flex e-con e-child\" data-id=\"fe86f93\" data-element_type=\"container\">\n<div class=\"elementor-element elementor-element-4781e67 e-con-full e-flex e-con e-child\" data-id=\"4781e67\" data-element_type=\"container\">\n<div id=\"decrease-font\" class=\"elementor-element elementor-element-b907b64 elementor-widget elementor-widget-button\" data-id=\"b907b64\" data-element_type=\"widget\" data-widget_type=\"button.default\">\n<div class=\"elementor-widget-container\">\n<div class=\"elementor-button-wrapper\"><\/div>\n<\/div>\n<\/div>\n<div id=\"increase-font\" class=\"elementor-element elementor-element-a6d49a7 elementor-widget elementor-widget-button\" data-id=\"a6d49a7\" data-element_type=\"widget\" data-widget_type=\"button.default\">\n<div class=\"elementor-widget-container\">\n<div class=\"elementor-button-wrapper\"><\/div>\n<\/div>\n<\/div>\n<\/div>\n<\/div>\n<div class=\"elementor-element elementor-element-e94e84e elementor-widget elementor-widget-html\" data-id=\"e94e84e\" data-element_type=\"widget\" data-widget_type=\"html.default\">\n<div class=\"elementor-widget-container\">\n<div id=\"div_conteudo\" class=\"elementor-element elementor-element-2b45a66 elementor-widget elementor-widget-theme-post-content\" data-id=\"2b45a66\" data-element_type=\"widget\" data-widget_type=\"theme-post-content.default\">\n<div class=\"elementor-widget-container\">\n<p>A Pol\u00edcia Militar do Piau\u00ed vai lan\u00e7ar, na primeira semana de dezembro, um refor\u00e7o especial de policiamento na regi\u00e3o central de Teresina e nos centros comerciais de maior movimenta\u00e7\u00e3o na capital, como Grande Dirceu, Santa Maria, Parque Piau\u00ed e outros polos tradicionais de compra, com destaque para um novo plano de patrulhamento realizado por equipes em motocicletas.<\/p>\n<p>A medida, idealizada pelo Comando de Policiamento Metropolitano (CPM), busca garantir maior agilidade e presen\u00e7a policial especialmente nos hor\u00e1rios de pico do com\u00e9rcio e durante a noite, per\u00edodo em que se concentram os arrombamentos a lojas.<\/p>\n<p>O comandante-geral da PMPI, coronel Scheivann Lopes, explicou que o refor\u00e7o faz parte do calend\u00e1rio operacional do fim de ano, quando o fluxo de pessoas e dinheiro aumenta devido ao pagamento do 13\u00ba sal\u00e1rio e \u00e0s compras natalinas.<\/p>\n<p>\u201cA corpora\u00e7\u00e3o recentemente formou mais de 650 novos policiais, todos mantidos na capital e regi\u00e3o metropolitana conforme as necessidades identificadas nos indicadores de criminalidade. Este refor\u00e7o vai se dar com a compra da folga dos policiais\u201d, disse o oficial.<\/p>\n<p><img loading=\"lazy\" decoding=\"async\" class=\"alignnone size-full wp-image-5956\" src=\"https:\/\/www.pi.gov.br\/wp-content\/uploads\/2024\/11\/scheiwann_lopes_22db91f60f-scaled.jpeg\" sizes=\"auto, (max-width: 2560px) 100vw, 2560px\" srcset=\"https:\/\/www.pi.gov.br\/wp-content\/uploads\/2024\/11\/scheiwann_lopes_22db91f60f-scaled.jpeg 2560w, https:\/\/www.pi.gov.br\/wp-content\/uploads\/2024\/11\/scheiwann_lopes_22db91f60f-300x200.jpeg 300w, https:\/\/www.pi.gov.br\/wp-content\/uploads\/2024\/11\/scheiwann_lopes_22db91f60f-1024x683.jpeg 1024w, https:\/\/www.pi.gov.br\/wp-content\/uploads\/2024\/11\/scheiwann_lopes_22db91f60f-768x512.jpeg 768w, https:\/\/www.pi.gov.br\/wp-content\/uploads\/2024\/11\/scheiwann_lopes_22db91f60f-1536x1024.jpeg 1536w, https:\/\/www.pi.gov.br\/wp-content\/uploads\/2024\/11\/scheiwann_lopes_22db91f60f-2048x1365.jpeg 2048w\" alt=\"\" width=\"2560\" height=\"1707\" \/><\/p>\n<p><strong>Seguran\u00e7a para a programa\u00e7\u00e3o noturna do Natal de Sonho e Luz<\/strong><\/p>\n<p>O comandante tamb\u00e9m destacou que toda a programa\u00e7\u00e3o natalina do Centro, incluindo apresenta\u00e7\u00f5es art\u00edsticas, corais, eventos infantis e atividades solid\u00e1rias, j\u00e1 est\u00e1 registrada em cronograma pr\u00f3prio de patrulhamento do batalh\u00e3o da \u00e1rea. A PMPI garantir\u00e1 policiamento di\u00e1rio, inclusive refor\u00e7o noturno, para assegurar tranquilidade ao p\u00fablico que frequenta a regi\u00e3o no per\u00edodo em que normalmente h\u00e1 menor circula\u00e7\u00e3o de pessoas.<\/p>\n<figure id=\"attachment_100182\" class=\"wp-caption alignnone\" aria-describedby=\"caption-attachment-100182\"><img loading=\"lazy\" decoding=\"async\" class=\"size-full wp-image-100182\" src=\"https:\/\/www.pi.gov.br\/wp-content\/uploads\/2025\/11\/d891d51c-d7fc-4df8-a1d7-eb50605c450b.jpeg\" sizes=\"auto, (max-width: 1280px) 100vw, 1280px\" srcset=\"https:\/\/www.pi.gov.br\/wp-content\/uploads\/2025\/11\/d891d51c-d7fc-4df8-a1d7-eb50605c450b.jpeg 1280w, https:\/\/www.pi.gov.br\/wp-content\/uploads\/2025\/11\/d891d51c-d7fc-4df8-a1d7-eb50605c450b-300x200.jpeg 300w, https:\/\/www.pi.gov.br\/wp-content\/uploads\/2025\/11\/d891d51c-d7fc-4df8-a1d7-eb50605c450b-1024x683.jpeg 1024w, https:\/\/www.pi.gov.br\/wp-content\/uploads\/2025\/11\/d891d51c-d7fc-4df8-a1d7-eb50605c450b-768x512.jpeg 768w\" alt=\"\" width=\"1280\" height=\"854\" \/><figcaption id=\"caption-attachment-100182\" class=\"wp-caption-text\">Foto: Gabriel Paulino<\/figcaption><\/figure>\n<p><strong>Combate a arrombamentos e im\u00f3veis abandonados<\/strong><\/p>\n<p>Segundo Scheivann Lopes, o maior desafio de seguran\u00e7a no Centro ocorre \u00e0 noite e na madrugada, quando lojas est\u00e3o fechadas e a \u00e1rea se torna mais vulner\u00e1vel. Ele revelou que mais de 400 im\u00f3veis abandonados j\u00e1 foram mapeados pela pol\u00edcia, explicando que os locais s\u00e3o frequentemente usados para esconder criminosos, guardar produtos roubados ou servir de acesso para arrombamentos.<\/p>\n<figure id=\"attachment_100172\" class=\"wp-caption alignnone\" aria-describedby=\"caption-attachment-100172\"><img loading=\"lazy\" decoding=\"async\" class=\"size-full wp-image-100172\" src=\"https:\/\/www.pi.gov.br\/wp-content\/uploads\/2025\/11\/2c59fe0e-f66c-491c-9c14-2271f6546c42.jpeg\" sizes=\"auto, (max-width: 1280px) 100vw, 1280px\" srcset=\"https:\/\/www.pi.gov.br\/wp-content\/uploads\/2025\/11\/2c59fe0e-f66c-491c-9c14-2271f6546c42.jpeg 1280w, https:\/\/www.pi.gov.br\/wp-content\/uploads\/2025\/11\/2c59fe0e-f66c-491c-9c14-2271f6546c42-300x200.jpeg 300w, https:\/\/www.pi.gov.br\/wp-content\/uploads\/2025\/11\/2c59fe0e-f66c-491c-9c14-2271f6546c42-1024x683.jpeg 1024w, https:\/\/www.pi.gov.br\/wp-content\/uploads\/2025\/11\/2c59fe0e-f66c-491c-9c14-2271f6546c42-768x512.jpeg 768w\" alt=\"\" width=\"1280\" height=\"854\" \/><figcaption id=\"caption-attachment-100172\" class=\"wp-caption-text\">Foto: Gabriel Paulino<\/figcaption><\/figure>\n<p>O comandante refor\u00e7ou que a seguran\u00e7a n\u00e3o depende apenas da PM e que cada cidad\u00e3o pode contribuir para um ambiente mais seguro. \u201cPropriet\u00e1rios de im\u00f3veis devem colaborar com limpeza, cercamento e vigil\u00e2ncia dos pr\u00e9dios. A Constitui\u00e7\u00e3o diz que seguran\u00e7a \u00e9 dever do Estado, mas tamb\u00e9m responsabilidade de todos\u201d, finalizou Scheivann Lopes.<\/p>\n<p><img loading=\"lazy\" decoding=\"async\" class=\"alignnone size-full wp-image-100620\" src=\"https:\/\/www.pi.gov.br\/wp-content\/uploads\/2025\/11\/motopatrulhamento-2.jpeg\" sizes=\"auto, (max-width: 1066px) 100vw, 1066px\" srcset=\"https:\/\/www.pi.gov.br\/wp-content\/uploads\/2025\/11\/motopatrulhamento-2.jpeg 1066w, https:\/\/www.pi.gov.br\/wp-content\/uploads\/2025\/11\/motopatrulhamento-2-300x169.jpeg 300w, https:\/\/www.pi.gov.br\/wp-content\/uploads\/2025\/11\/motopatrulhamento-2-1024x576.jpeg 1024w, https:\/\/www.pi.gov.br\/wp-content\/uploads\/2025\/11\/motopatrulhamento-2-768x432.jpeg 768w\" alt=\"\" width=\"1066\" height=\"600\" \/><\/p>\n<\/div>\n<\/div>\n<div class=\"elementor-element elementor-element-72acfba e-con-full e-flex e-con e-child\" data-id=\"72acfba\" data-element_type=\"container\" data-settings=\"{&quot;background_background&quot;:&quot;classic&quot;}\" data-related-wrapper=\"true\">\n<p class=\"elementor-heading-title elementor-size-default\">Fonte: Portal pi.Gov<br \/>\nConfira esta e outras mat\u00e9rias na \u00edntegra pelo link: https:\/\/www.pi.gov.br\/policiamento-com-motocicletas-reforcara-seguranca-nos-centros-comerciais-de-teresina-no-periodo-de-fim-de-ano\/<\/p>\n<\/div>\n<\/div>\n<\/div>\n","protected":false},"excerpt":{"rendered":"<p>A medida busca garantir maior agilidade e presen\u00e7a policial especialmente nos hor\u00e1rios de pico do com\u00e9rcio e durante a noite A Pol\u00edcia Militar do Piau\u00ed vai lan\u00e7ar, na primeira semana de dezembro, um refor\u00e7o especial de policiamento na regi\u00e3o central de Teresina e nos centros comerciais de maior movimenta\u00e7\u00e3o na capital, como Grande Dirceu, Santa [&hellip;]<\/p>\n","protected":false},"author":3,"featured_media":13278,"comment_status":"open","ping_status":"open","sticky":false,"template":"","format":"standard","meta":{"om_disable_all_campaigns":false,"_monsterinsights_skip_tracking":false,"_monsterinsights_sitenote_active":false,"_monsterinsights_sitenote_note":"","_monsterinsights_sitenote_category":0,"footnotes":""},"categories":[33],"tags":[],"class_list":["post-13277","post","type-post","status-publish","format-standard","has-post-thumbnail","hentry","category-piaui"],"jetpack_featured_media_url":"https:\/\/fatoelado.com\/wp-content\/uploads\/2025\/11\/motopatrulhamento-2.jpeg","_links":{"self":[{"href":"https:\/\/fatoelado.com\/index.php?rest_route=\/wp\/v2\/posts\/13277","targetHints":{"allow":["GET"]}}],"collection":[{"href":"https:\/\/fatoelado.com\/index.php?rest_route=\/wp\/v2\/posts"}],"about":[{"href":"https:\/\/fatoelado.com\/index.php?rest_route=\/wp\/v2\/types\/post"}],"author":[{"embeddable":true,"href":"https:\/\/fatoelado.com\/index.php?rest_route=\/wp\/v2\/users\/3"}],"replies":[{"embeddable":true,"href":"https:\/\/fatoelado.com\/index.php?rest_route=%2Fwp%2Fv2%2Fcomments&post=13277"}],"version-history":[{"count":1,"href":"https:\/\/fatoelado.com\/index.php?rest_route=\/wp\/v2\/posts\/13277\/revisions"}],"predecessor-version":[{"id":13279,"href":"https:\/\/fatoelado.com\/index.php?rest_route=\/wp\/v2\/posts\/13277\/revisions\/13279"}],"wp:featuredmedia":[{"embeddable":true,"href":"https:\/\/fatoelado.com\/index.php?rest_route=\/wp\/v2\/media\/13278"}],"wp:attachment":[{"href":"https:\/\/fatoelado.com\/index.php?rest_route=%2Fwp%2Fv2%2Fmedia&parent=13277"}],"wp:term":[{"taxonomy":"category","embeddable":true,"href":"https:\/\/fatoelado.com\/index.php?rest_route=%2Fwp%2Fv2%2Fcategories&post=13277"},{"taxonomy":"post_tag","embeddable":true,"href":"https:\/\/fatoelado.com\/index.php?rest_route=%2Fwp%2Fv2%2Ftags&post=13277"}],"curies":[{"name":"wp","href":"https:\/\/api.w.org\/{rel}","templated":true}]}}