{"id":13274,"date":"2025-11-24T09:48:55","date_gmt":"2025-11-24T12:48:55","guid":{"rendered":"https:\/\/fatoelado.com\/?p=13274"},"modified":"2025-11-24T09:48:55","modified_gmt":"2025-11-24T12:48:55","slug":"com-incentivos-da-pnab-e-secult-demerval-lobao-celebra-cultura-afro-brasileira-com-trofeu-zumbi-dos-palmares","status":"publish","type":"post","link":"https:\/\/fatoelado.com\/?p=13274","title":{"rendered":"Com incentivos da PNAB e Secult, Demerval Lob\u00e3o celebra cultura afro-brasileira com Trof\u00e9u Zumbi dos Palmares"},"content":{"rendered":"<h2 class=\"elementor-heading-title elementor-size-default\" style=\"text-align: center;\">Evento que integra o ciclo de atividades promovidas pela Adeccarte, por meio da PNAB e Secretaria de Estado da Cultura (Secult)<\/h2>\n<p>&nbsp;<\/p>\n<p>Dentro das a\u00e7\u00f5es alusivas ao m\u00eas da Consci\u00eancia Negra, a Associa\u00e7\u00e3o Demervalense de Fomento \u00e0 Cultura, Cidadania e Arte (Adeccarte) realizar\u00e1 nesta quinta-feira (27), \u00e0s 19h, no Complexo Esportivo Professor Genival Sousa, o projeto Balaio de Africanidades, evento que integra o ciclo de atividades contempladas pela Pol\u00edtica Nacional Aldir Blanc (PNAB), por meio da Secretaria de Estado da Cultura (Secult) e Governo do Piau\u00ed.<\/p>\n<p>A iniciativa reconhece o protagonismo negro em diferentes \u00e1reas, a riqueza e a beleza da cultura afro-brasileira em Demerval Lob\u00e3o e ter\u00e1 in\u00edcio com a entrega do Trof\u00e9u Zumbi dos Palmares, uma honraria destinada a personalidades negras do munic\u00edpio que, com dedica\u00e7\u00e3o e coragem, transformam realidades em suas \u00e1reas de atua\u00e7\u00e3o.<\/p>\n<p>Entre os homenageados est\u00e3o homens e mulheres com hist\u00f3rias inspiradoras em diferentes campos, como religi\u00e3o, sa\u00fade, educa\u00e7\u00e3o, cultura, meio ambiente, servi\u00e7o p\u00fablico, esporte e arte. De acordo com a Adeccarte, as trajet\u00f3rias dos homenageados honram o legado de Zumbi dos Palmares e contribuem para a constru\u00e7\u00e3o de uma sociedade onde mais justa e igualit\u00e1ria.<\/p>\n<p>A programa\u00e7\u00e3o contempla tamb\u00e9m a realiza\u00e7\u00e3o do desfile Balaio Afro Beauty, que enaltece a beleza negra, celebrando a for\u00e7a da ancestralidade africana. Estudantes das escolas de Demerval Lob\u00e3o participar\u00e3o do desfile, que destacar\u00e1 a diversidade e o orgulho da comunidade negra.<\/p>\n<p>Para N\u00e1dia Figuer\u00eado, gerente de projetos da Adeccarte, encerrar o Novembro Negro com o Trof\u00e9u Zumbi dos Palmares e com o desfile Balaio Afro Beauty \u00e9 uma forma de celebrar a for\u00e7a e a influ\u00eancia do povo negro. \u201cEm nossa cidade, temos tantas inspira\u00e7\u00f5es e belezas que ser\u00e3o exaltadas e reconhecidas nessa noite de homenagens, ser\u00e1 muito especial\u201d, afirma a gerente.<\/p>\n<p>Completando a noite de homenagens e celebra\u00e7\u00e3o da cultura negra, haver\u00e1 apresenta\u00e7\u00f5es do Grupo de Capoeira Malungos e do Grupo de Cultura Afro Ijex\u00e1.<\/p>\n<p><strong>Confira a lista dos homenageados do Trof\u00e9u Zumbi dos Palmares 2025<\/strong><\/p>\n<p><strong>Educa\u00e7\u00e3o<\/strong><br \/>\nProfessoras Jos\u00e9lia Ramos e Soraya Sousa<\/p>\n<p><strong>Artes<\/strong><br \/>\nCantora Neguinha<\/p>\n<p><strong>Esporte<\/strong><br \/>\nThiago Preto (Atleta da Sele\u00e7\u00e3o Demervalense)<\/p>\n<p><strong>Sa\u00fade<\/strong><br \/>\nF\u00e1tima Saraiva<\/p>\n<p><strong>Servi\u00e7o P\u00fablico<\/strong><br \/>\nSonia Silva<br \/>\nErisvan Rocha<\/p>\n<p><strong>Religioso<\/strong><br \/>\nDot\u00e9 Apollo de Xang\u00f4<\/p>\n<p><strong>Meio Ambiente<\/strong><br \/>\nGivaldo Soares<\/p>\n<p>&nbsp;<\/p>\n<p>Fonte: Portal pi.Gov<br \/>\nConfira esta e outras mat\u00e9rias na \u00edntegra pelo link: https:\/\/www.pi.gov.br\/com-incentivos-da-pnab-e-secult-demerval-lobao-celebra-cultura-afro-brasileira-com-trofeu-zumbi-dos-palmares\/<\/p>\n","protected":false},"excerpt":{"rendered":"<p>Evento que integra o ciclo de atividades promovidas pela Adeccarte, por meio da PNAB e Secretaria de Estado da Cultura (Secult) &nbsp; Dentro das a\u00e7\u00f5es alusivas ao m\u00eas da Consci\u00eancia Negra, a Associa\u00e7\u00e3o Demervalense de Fomento \u00e0 Cultura, Cidadania e Arte (Adeccarte) realizar\u00e1 nesta quinta-feira (27), \u00e0s 19h, no Complexo Esportivo Professor Genival Sousa, o [&hellip;]<\/p>\n","protected":false},"author":3,"featured_media":13275,"comment_status":"open","ping_status":"open","sticky":false,"template":"","format":"standard","meta":{"om_disable_all_campaigns":false,"_monsterinsights_skip_tracking":false,"_monsterinsights_sitenote_active":false,"_monsterinsights_sitenote_note":"","_monsterinsights_sitenote_category":0,"footnotes":""},"categories":[33],"tags":[],"class_list":["post-13274","post","type-post","status-publish","format-standard","has-post-thumbnail","hentry","category-piaui"],"jetpack_featured_media_url":"https:\/\/fatoelado.com\/wp-content\/uploads\/2025\/11\/Captura-de-tela-2025-11-24-094838.png","_links":{"self":[{"href":"https:\/\/fatoelado.com\/index.php?rest_route=\/wp\/v2\/posts\/13274","targetHints":{"allow":["GET"]}}],"collection":[{"href":"https:\/\/fatoelado.com\/index.php?rest_route=\/wp\/v2\/posts"}],"about":[{"href":"https:\/\/fatoelado.com\/index.php?rest_route=\/wp\/v2\/types\/post"}],"author":[{"embeddable":true,"href":"https:\/\/fatoelado.com\/index.php?rest_route=\/wp\/v2\/users\/3"}],"replies":[{"embeddable":true,"href":"https:\/\/fatoelado.com\/index.php?rest_route=%2Fwp%2Fv2%2Fcomments&post=13274"}],"version-history":[{"count":1,"href":"https:\/\/fatoelado.com\/index.php?rest_route=\/wp\/v2\/posts\/13274\/revisions"}],"predecessor-version":[{"id":13276,"href":"https:\/\/fatoelado.com\/index.php?rest_route=\/wp\/v2\/posts\/13274\/revisions\/13276"}],"wp:featuredmedia":[{"embeddable":true,"href":"https:\/\/fatoelado.com\/index.php?rest_route=\/wp\/v2\/media\/13275"}],"wp:attachment":[{"href":"https:\/\/fatoelado.com\/index.php?rest_route=%2Fwp%2Fv2%2Fmedia&parent=13274"}],"wp:term":[{"taxonomy":"category","embeddable":true,"href":"https:\/\/fatoelado.com\/index.php?rest_route=%2Fwp%2Fv2%2Fcategories&post=13274"},{"taxonomy":"post_tag","embeddable":true,"href":"https:\/\/fatoelado.com\/index.php?rest_route=%2Fwp%2Fv2%2Ftags&post=13274"}],"curies":[{"name":"wp","href":"https:\/\/api.w.org\/{rel}","templated":true}]}}