{"id":13265,"date":"2025-11-24T09:45:23","date_gmt":"2025-11-24T12:45:23","guid":{"rendered":"https:\/\/fatoelado.com\/?p=13265"},"modified":"2025-11-24T09:45:23","modified_gmt":"2025-11-24T12:45:23","slug":"detran-pi-retomou-emissao-impressa-de-cnhs-apos-ajuste-contratual-diz-diretora","status":"publish","type":"post","link":"https:\/\/fatoelado.com\/?p=13265","title":{"rendered":"Detran-PI retomou emiss\u00e3o impressa de CNHs ap\u00f3s ajuste contratual, diz diretora"},"content":{"rendered":"<p><iframe loading=\"lazy\" src=\"https:\/\/www.youtube.com\/embed\/Yqn5qhiR4eI?rel=0\" width=\"790\" height=\"437\" frameborder=\"0\" allowfullscreen=\"allowfullscreen\" data-mce-fragment=\"1\"><\/iframe><\/p>\n<p>A diretora-geral do Departamento Estadual de Tr\u00e2nsito do Piau\u00ed (Detran-PI), Luana Barradas, informou nesta segunda-feira (24) que a\u00a0<strong>emiss\u00e3o impressa da Carteira Nacional de Habilita\u00e7\u00e3o (CNH) foi retomada<\/strong>\u00a0ap\u00f3s a resolu\u00e7\u00e3o de um impasse contratual com a empresa respons\u00e1vel pela confec\u00e7\u00e3o do documento.<\/p>\n<p>Segundo a diretora, o servi\u00e7o ficou suspenso por aproximadamente uma semana.<\/p>\n<blockquote><p>\u201cA gente teve um impasse de ajuste contratual. \u00c9 importante destacar que a paralisa\u00e7\u00e3o foi apenas por volta de uma semana, tanto \u00e9 que no m\u00eas de outubro n\u00f3s produzimos 16 mil CNHs, e nossa m\u00e9dia mensal \u00e9 de 14 mil. Ent\u00e3o, isso mostra que n\u00e3o foram mais de 30 dias de paralisa\u00e7\u00e3o\u201d, afirmou.<\/p><\/blockquote>\n<p>Luana explicou que a produ\u00e7\u00e3o foi normalizada na \u00faltima quarta-feira (19) e que a gr\u00e1fica est\u00e1 operando de forma intensa para regularizar a demanda ainda nesta semana.<\/p>\n<blockquote><p>\u201cA gente pode dar certeza para o nosso cidad\u00e3o que a retomada aconteceu na quarta-feira. Infelizmente, a gente teve um feriado no meio, na quinta-feira. N\u00f3s estamos com a nossa produ\u00e7\u00e3o m\u00e1xima, de duas mil CNHs por dia. A gr\u00e1fica est\u00e1 trabalhando at\u00e9 20h da noite para que a gente consiga regularizar tudo at\u00e9 meados do meio desta semana\u201d, disse.<\/p><\/blockquote>\n<p>De acordo com a diretora, a entrega segue a ordem cronol\u00f3gica de solicita\u00e7\u00e3o.<\/p>\n<p>\u201cA ordem est\u00e1 sendo: quem primeiro demandou est\u00e1 recebendo sua CNH. \u00c9 importante destacar que aquele cidad\u00e3o que j\u00e1 tinha a sua CNH no aplicativo, quando \u00e9 lan\u00e7ada a impress\u00e3o, automaticamente j\u00e1 aparece a CNH no aplicativo.\u00a0A nossa expectativa \u00e9 de que at\u00e9 o meio desta semana tudo esteja regularizado e transcorra de forma normal a partir de quarta-feira. Acredito que n\u00e3o tenha mais essa intercorr\u00eancia. Est\u00e1 tudo estabilizado, ajustado\u201d, finalizou.<\/p>\n<p>&nbsp;<\/p>\n<p>Fonte: Portal CidadeVerde.<br \/>\nConfira esta e outras mat\u00e9rias na \u00edntegra pelo link: https:\/\/cidadeverde.com\/noticias\/446113\/detran-pi-retomou-emissao-impressa-de-cnhs-apos-ajuste-contratual-diz-diretora<\/p>\n","protected":false},"excerpt":{"rendered":"<p>A diretora-geral do Departamento Estadual de Tr\u00e2nsito do Piau\u00ed (Detran-PI), Luana Barradas, informou nesta segunda-feira (24) que a\u00a0emiss\u00e3o impressa da Carteira Nacional de Habilita\u00e7\u00e3o (CNH) foi retomada\u00a0ap\u00f3s a resolu\u00e7\u00e3o de um impasse contratual com a empresa respons\u00e1vel pela confec\u00e7\u00e3o do documento. Segundo a diretora, o servi\u00e7o ficou suspenso por aproximadamente uma semana. \u201cA gente teve [&hellip;]<\/p>\n","protected":false},"author":3,"featured_media":13266,"comment_status":"open","ping_status":"open","sticky":false,"template":"","format":"standard","meta":{"om_disable_all_campaigns":false,"_monsterinsights_skip_tracking":false,"_monsterinsights_sitenote_active":false,"_monsterinsights_sitenote_note":"","_monsterinsights_sitenote_category":0,"footnotes":""},"categories":[33],"tags":[],"class_list":["post-13265","post","type-post","status-publish","format-standard","has-post-thumbnail","hentry","category-piaui"],"jetpack_featured_media_url":"https:\/\/fatoelado.com\/wp-content\/uploads\/2025\/11\/Captura-de-tela-2025-11-24-094438.png","_links":{"self":[{"href":"https:\/\/fatoelado.com\/index.php?rest_route=\/wp\/v2\/posts\/13265","targetHints":{"allow":["GET"]}}],"collection":[{"href":"https:\/\/fatoelado.com\/index.php?rest_route=\/wp\/v2\/posts"}],"about":[{"href":"https:\/\/fatoelado.com\/index.php?rest_route=\/wp\/v2\/types\/post"}],"author":[{"embeddable":true,"href":"https:\/\/fatoelado.com\/index.php?rest_route=\/wp\/v2\/users\/3"}],"replies":[{"embeddable":true,"href":"https:\/\/fatoelado.com\/index.php?rest_route=%2Fwp%2Fv2%2Fcomments&post=13265"}],"version-history":[{"count":1,"href":"https:\/\/fatoelado.com\/index.php?rest_route=\/wp\/v2\/posts\/13265\/revisions"}],"predecessor-version":[{"id":13267,"href":"https:\/\/fatoelado.com\/index.php?rest_route=\/wp\/v2\/posts\/13265\/revisions\/13267"}],"wp:featuredmedia":[{"embeddable":true,"href":"https:\/\/fatoelado.com\/index.php?rest_route=\/wp\/v2\/media\/13266"}],"wp:attachment":[{"href":"https:\/\/fatoelado.com\/index.php?rest_route=%2Fwp%2Fv2%2Fmedia&parent=13265"}],"wp:term":[{"taxonomy":"category","embeddable":true,"href":"https:\/\/fatoelado.com\/index.php?rest_route=%2Fwp%2Fv2%2Fcategories&post=13265"},{"taxonomy":"post_tag","embeddable":true,"href":"https:\/\/fatoelado.com\/index.php?rest_route=%2Fwp%2Fv2%2Ftags&post=13265"}],"curies":[{"name":"wp","href":"https:\/\/api.w.org\/{rel}","templated":true}]}}