{"id":13259,"date":"2025-11-24T09:41:32","date_gmt":"2025-11-24T12:41:32","guid":{"rendered":"https:\/\/fatoelado.com\/?p=13259"},"modified":"2025-11-24T09:41:32","modified_gmt":"2025-11-24T12:41:32","slug":"dificuldade-em-emagrecer-confira-erros-no-cafe-da-manha-que-desaceleram-o-metabolismo","status":"publish","type":"post","link":"https:\/\/fatoelado.com\/?p=13259","title":{"rendered":"Dificuldade em emagrecer? Confira erros no caf\u00e9 da manh\u00e3 que desaceleram o metabolismo"},"content":{"rendered":"<h2 class=\"article-subtitle\" style=\"text-align: center;\">Especialistas explicam que alguns erros podem minar seu processo de emagrecimento<\/h2>\n<p>&nbsp;<\/p>\n<div class=\"article-image-featured\"><img decoding=\"async\" class=\"i-amphtml-fill-content i-amphtml-replaced-content\" src=\"https:\/\/www.meionews.com\/uploads\/imagens\/2025\/11\/23\/especialistas-alertam-quais-erros-comuns-no-cafe-da-manha-sao-prejudiciais-no-emagrecimento--98338accd110153b.jpg\" alt=\"Especialistas alertam quais erros comuns no caf\u00e9 da manh\u00e3 s\u00e3o prejudiciais no emagrecimento  | Reprodu\u00e7\u00e3o \" data-amp-loading=\"lazy\" \/><small>Especialistas alertam quais erros comuns no caf\u00e9 da manh\u00e3 s\u00e3o prejudiciais no emagrecimento | Foto: Reprodu\u00e7\u00e3o<\/small><\/div>\n<div class=\"g-news\"><\/div>\n<div class=\"article-html\">\n<div class=\"article-html-more\">\n<p>Alguns erros aparentemente inofensivos podem sabotar o seu processo de emagrecimento e voc\u00ea sequer nota.<\/p>\n<p>Especialistas alertam que a ades\u00e3o de algumas\u00a0<strong>pr\u00e1ticas n\u00e3o saud\u00e1veis podem desacelerar o metabolismo e favorecem o ganho de peso.<\/strong><\/p>\n<p>O problema pode estar em escolhas aparentemente inofensivas logo ao acordar no caf\u00e9 da manh\u00e3. Em entrevista ao\u00a0<strong>portal Eat This, Not That a nutricionista, Sarah Garone,\u00a0<\/strong>explicou que com o passar dos anos<strong>\u00a0\u00e9 necess\u00e1rio uma aten\u00e7\u00e3o redobrada na escolha de alimentos<\/strong>\u00a0para a primeira refei\u00e7\u00e3o do dia.<\/p>\n<blockquote><p>\u201c\u00c0 medida que envelhecemos, o corpo gasta menos energia em repouso. Depois dos 40, um caf\u00e9 da manh\u00e3 muito cal\u00f3rico pode facilmente contribuir para o aumento de peso\u201d, alertou.<\/p>\n<p>&nbsp;<\/p><\/blockquote>\n<p><strong>PRINCIPAIS ERROS COMETIDOS<\/strong><\/p>\n<p>N\u00e3o se atentar a\u00a0<strong>quantidade de por\u00e7\u00f5es ingeridas no caf\u00e9 da manh\u00e3 \u00e9 um desses principais erros<\/strong>. O recomend\u00e1vel \u00e9 usar por\u00e7\u00f5es indicadas na embalagem como refer\u00eancia e, se poss\u00edvel, medir os alimentos com x\u00edcaras ou colheres. Isso evita exageros e ajuda a manter o equil\u00edbrio cal\u00f3rico.<\/p>\n<p>Al\u00e9m disso,\u00a0<strong>consumir muito a\u00e7\u00facar no caf\u00e9 da manh\u00e3 provoca picos de energia seguidos de queda brusca<\/strong>, o que gera fome antes do almo\u00e7o. Por outro lado, \u00e9 essencial adicionar fontes de prote\u00ednas magras para manter a saciedade por mais tempo evitando beliscar durante a manh\u00e3.<\/p>\n<p>Boas op\u00e7\u00f5es\u00a0<strong>incluem ovos, manteiga de amendoim, iogurte natural e feij\u00e3o.<\/strong><\/p>\n<p>A\u00a0<strong>fibra \u00e9 essencial para o funcionamento do intestino e prolonga a sensa\u00e7\u00e3o de saciedade<\/strong>. Alimentos integrais, frutas, aveia e sementes s\u00e3o \u00f3timas escolhas. Estudos indicam que quem\u00a0<strong>consome fibras no caf\u00e9 da manh\u00e3 tende a manter h\u00e1bitos alimentares mais equilibrados<\/strong>\u00a0durante o dia.<\/p>\n<p>O principal vil\u00e3o do emagrecimento\u00a0<strong>\u00e9 pular o caf\u00e9 da manh\u00e3<\/strong>. Isso porque a\u00a0<strong>pr\u00e1tica pode desregular o metabolismo e afetar a microbiota intestinal<\/strong>, al\u00e9m de aumentar o risco de compuls\u00e3o alimentar e ganho de peso.\u00a0<strong>A primeira refei\u00e7\u00e3o do dia deve ser completa, com fontes de prote\u00ednas, fibras e gorduras boas.<\/strong><\/p>\n<div class=\"article-share_buttons2 article-share\">\n<div class=\"share_buttons\">\n<p>&nbsp;<\/p>\n<p>Fonte: Portal MeioNews.<br \/>\nConfira esta e outras mat\u00e9rias na \u00edntegra pelo link: https:\/\/www.meionews.com\/bem-estar\/dificuldade-em-emagrecer-confira-erros-no-cafe-da-manha-que-desaceleram-o-metabolismo-547773<\/p>\n<\/div>\n<\/div>\n<\/div>\n<\/div>\n","protected":false},"excerpt":{"rendered":"<p>Especialistas explicam que alguns erros podem minar seu processo de emagrecimento &nbsp; Especialistas alertam quais erros comuns no caf\u00e9 da manh\u00e3 s\u00e3o prejudiciais no emagrecimento | Foto: Reprodu\u00e7\u00e3o Alguns erros aparentemente inofensivos podem sabotar o seu processo de emagrecimento e voc\u00ea sequer nota. Especialistas alertam que a ades\u00e3o de algumas\u00a0pr\u00e1ticas n\u00e3o saud\u00e1veis podem desacelerar o [&hellip;]<\/p>\n","protected":false},"author":3,"featured_media":13260,"comment_status":"open","ping_status":"open","sticky":false,"template":"","format":"standard","meta":{"om_disable_all_campaigns":false,"_monsterinsights_skip_tracking":false,"_monsterinsights_sitenote_active":false,"_monsterinsights_sitenote_note":"","_monsterinsights_sitenote_category":0,"footnotes":""},"categories":[42],"tags":[],"class_list":["post-13259","post","type-post","status-publish","format-standard","has-post-thumbnail","hentry","category-saude"],"jetpack_featured_media_url":"https:\/\/fatoelado.com\/wp-content\/uploads\/2025\/11\/especialistas-alertam-quais-erros-comuns-no-cafe-da-manha-sao-prejudiciais-no-emagrecimento-98338accd110153b.jpg","_links":{"self":[{"href":"https:\/\/fatoelado.com\/index.php?rest_route=\/wp\/v2\/posts\/13259","targetHints":{"allow":["GET"]}}],"collection":[{"href":"https:\/\/fatoelado.com\/index.php?rest_route=\/wp\/v2\/posts"}],"about":[{"href":"https:\/\/fatoelado.com\/index.php?rest_route=\/wp\/v2\/types\/post"}],"author":[{"embeddable":true,"href":"https:\/\/fatoelado.com\/index.php?rest_route=\/wp\/v2\/users\/3"}],"replies":[{"embeddable":true,"href":"https:\/\/fatoelado.com\/index.php?rest_route=%2Fwp%2Fv2%2Fcomments&post=13259"}],"version-history":[{"count":1,"href":"https:\/\/fatoelado.com\/index.php?rest_route=\/wp\/v2\/posts\/13259\/revisions"}],"predecessor-version":[{"id":13261,"href":"https:\/\/fatoelado.com\/index.php?rest_route=\/wp\/v2\/posts\/13259\/revisions\/13261"}],"wp:featuredmedia":[{"embeddable":true,"href":"https:\/\/fatoelado.com\/index.php?rest_route=\/wp\/v2\/media\/13260"}],"wp:attachment":[{"href":"https:\/\/fatoelado.com\/index.php?rest_route=%2Fwp%2Fv2%2Fmedia&parent=13259"}],"wp:term":[{"taxonomy":"category","embeddable":true,"href":"https:\/\/fatoelado.com\/index.php?rest_route=%2Fwp%2Fv2%2Fcategories&post=13259"},{"taxonomy":"post_tag","embeddable":true,"href":"https:\/\/fatoelado.com\/index.php?rest_route=%2Fwp%2Fv2%2Ftags&post=13259"}],"curies":[{"name":"wp","href":"https:\/\/api.w.org\/{rel}","templated":true}]}}