{"id":13211,"date":"2025-11-23T11:58:52","date_gmt":"2025-11-23T14:58:52","guid":{"rendered":"https:\/\/fatoelado.com\/?p=13211"},"modified":"2025-11-23T11:58:52","modified_gmt":"2025-11-23T14:58:52","slug":"sempi-lanca-campanha-21-dias-de-ativismo-com-vasta-programacao-na-terca-feira-25","status":"publish","type":"post","link":"https:\/\/fatoelado.com\/?p=13211","title":{"rendered":"Sempi lan\u00e7a campanha \u201c21 Dias de Ativismo\u201d com vasta programa\u00e7\u00e3o na ter\u00e7a-feira (25)"},"content":{"rendered":"<h2 class=\"elementor-heading-title elementor-size-default\" style=\"text-align: center;\">A abertura oficial ser\u00e1 realizada na Escola do Mar, em Lu\u00eds Correia, a partir das 8h.<\/h2>\n<p>&nbsp;<\/p>\n<p>A Secretaria das Mulheres do Piau\u00ed (Sempi) lan\u00e7a, na ter\u00e7a-feira (25), a campanha\u00a0 \u201c21 Dias de Ativismo\u201d pelo fim da viol\u00eancia contra as Mulheres, em parceria com as Secretarias de Estado da Educa\u00e7\u00e3o (Seduc), de Turismo (Setur) e da Seguran\u00e7a P\u00fablica (SSP). A abertura oficial ser\u00e1 realizada na Escola do Mar, em Lu\u00eds Correia, a partir das 8h, com a participa\u00e7\u00e3o de representantes da Prefeitura Municipal e da Universidade Federal do Delta do Parna\u00edba (UFDPar).<\/p>\n<p>O lan\u00e7amento marca o Dia Internacional do Enfrentamento \u00e0 Viol\u00eancia contra as Mulheres Latino-Americanas e Caribenhas, e d\u00e1 in\u00edcio a\u00a0 programa\u00e7\u00e3o que ser\u00e1 desenvolvida em diferentes regi\u00f5es do estado, envolvendo a\u00e7\u00f5es educativas, formativas, institucionais e de mobiliza\u00e7\u00e3o social.<\/p>\n<p>\u201cEssa \u00e9 uma data simb\u00f3lica e de luta, que nos convida a refor\u00e7ar o enfrentamento \u00e0 viol\u00eancia contra as mulheres em v\u00e1rios setores da sociedade. Teremos uma programa\u00e7\u00e3o ampla e integrada, dialogando com escolas, empresas, gestores p\u00fablicos e a popula\u00e7\u00e3o em geral\u201d, destacou a secret\u00e1ria das Mulheres do Piau\u00ed, Zenaide Lustosa.<\/p>\n<p>Durante a abertura, ser\u00e1 apresentada a 2\u00aa edi\u00e7\u00e3o do Selo Mais Mulheres, que reconhece empresas, \u00f3rg\u00e3os p\u00fablicos e institui\u00e7\u00f5es que desenvolvem a\u00e7\u00f5es de forma\u00e7\u00e3o, qualifica\u00e7\u00e3o e inser\u00e7\u00e3o de mulheres em situa\u00e7\u00e3o de viol\u00eancia no mercado de trabalho, fortalecendo sua autonomia econ\u00f4mica.<\/p>\n<p>Na ocasi\u00e3o, a Sempi, em parceria com a Setur, lan\u00e7a o selo \u201cAqui Tem Mulher Segura\u201d, direcionado a bares, restaurantes e hot\u00e9is que adotem medidas efetivas de preven\u00e7\u00e3o e combate \u00e0 viol\u00eancia contra a mulher. O selo integra a\u00e7\u00f5es de acolhimento, capacita\u00e7\u00e3o e fortalecimento da rede de prote\u00e7\u00e3o nos ambientes tur\u00edsticos.<\/p>\n<p>A programa\u00e7\u00e3o conta ainda, com a apresenta\u00e7\u00e3o do projeto \u201cMaria da Penha nas Escolas\u201d, que ser\u00e1 realizado na Plan\u00edcie Litor\u00e2nea no primeiro semestre de 2026. O projeto qualifica educadores para prevenir e denunciar a viol\u00eancia contra mulheres e meninas no ambiente escolar.<\/p>\n<p>No dia 26 de novembro, a Sempi realiza, na UFDPar, oficinas da Campanha do La\u00e7o Branco, que busca mobilizar homens como aliados no enfrentamento \u00e0 viol\u00eancia de g\u00eanero, incentivando pr\u00e1ticas de respeito, preven\u00e7\u00e3o e corresponsabilidade.<\/p>\n<p><strong>Programa\u00e7\u00e3o dos 21 Dias de Ativismo<\/strong><\/p>\n<p>Lan\u00e7amento da Campanha<br \/>\nLocal: Escola do Mar, em Lu\u00eds Correia<br \/>\nData: 25 de novembro<\/p>\n<p>Blitz informativa<br \/>\nLocal: Parque da Cidadania, Av. Frei Serafim, 110 \u2013 Cabral, Teresina \u2013 PI<br \/>\nData: 25 de novembro<\/p>\n<p>Oficinas \u2013 Campanha La\u00e7o Branco<br \/>\nLocal: Universidade Federal do Delta do Parna\u00edba<br \/>\nData: 26 de novembro<\/p>\n<p>Marcha das Mulheres Negras<br \/>\nLocal: Bras\u00edlia\/DF<br \/>\nData: 23 a 26 de novembro<\/p>\n<p>Ocupa Esta\u00e7\u00e3o, em parceria com o IPHAN<br \/>\nLocal: Esta\u00e7\u00e3o Ferrovi\u00e1ria de Teresina, bairro Cabral<br \/>\nData: 26 de novembro<\/p>\n<p>\u00d4nibus Lil\u00e1s \u2013 Rodas de conversa nas comunidades<br \/>\nLocal: A definir<br \/>\nData: 25 de novembro a 5 de dezembro<\/p>\n<p>Workshop da Lei do 5%<br \/>\nLocal: Audit\u00f3rio da Escola Fazend\u00e1ria<br \/>\nData: 27 de novembro<\/p>\n<p>Di\u00e1logos para a Igualdade Racial na Gest\u00e3o P\u00fablica<br \/>\nLocal: Audit\u00f3rio Deputada Francisca Trindade \u2013 Escola Fazend\u00e1ria<br \/>\nData: 28 de novembro<\/p>\n<p>Dia M \u2013 Di\u00e1logos na Casa da Mulher Brasileira, em comemora\u00e7\u00e3o ao 2 anos de funcionamento e 20 anos do Ligue 180<br \/>\nLocal: Casa da Mulher Brasileira de Teresina<br \/>\nData: 02 de dezembro<\/p>\n<p>Campanha Sem Ass\u00e9dio Moral e Sexual<br \/>\nLocal: Novo Alphaville\/Teresina<br \/>\nData: 03 de dezembro<\/p>\n<p>Campanha Sem Ass\u00e9dio Moral e Sexual \u2013 Ciclo de debates para Gestores e Lan\u00e7amento da Cartilha Estadual<br \/>\nLocal: Audit\u00f3rio da ETIPI<br \/>\nData: 05 de dezembro<\/p>\n<p>3\u00ba Encontro de Comit\u00eas Internos \u2013 Programa Estadual Pr\u00f3-Equidade de G\u00eanero, Ra\u00e7a e Diversidade<br \/>\nLocal: A definir<br \/>\nData: 04 de dezembro<\/p>\n<p>Rodas de conversa com homens servidores p\u00fablicos (Campanha do La\u00e7o Branco)<br \/>\nLocal: A definir<br \/>\nData: 06 a 10 dezembro<\/p>\n<p>Campanha Sem Ass\u00e9dio Moral e Sexual \u2013 Oficina Formativa<br \/>\nLocal: Sead<br \/>\nData: 09 de dezembro<\/p>\n<p>II Semin\u00e1rio \u201cMulheres na Pol\u00edtica\u201d<br \/>\nLocal: Audit\u00f3rio da Defensoria P\u00fablica do Estado do Piau\u00ed<br \/>\nData: 11 de dezembro<\/p>\n<p><img loading=\"lazy\" decoding=\"async\" class=\"wp-image-100383 size-full aligncenter\" src=\"https:\/\/www.pi.gov.br\/wp-content\/uploads\/2025\/11\/Copia-de-PROGRAMACAO-21-dias-2025-1.png\" alt=\"\" width=\"851\" height=\"315\" \/><\/p>\n<p>&nbsp;<\/p>\n<p>Fonte: Portal pi.Gov<br \/>\nConfira esta e outras mat\u00e9rias na \u00edntegra pelo link: https:\/\/www.pi.gov.br\/sempi-lanca-campanha-21-dias-de-ativismo-com-vasta-programacao-na-terca-feira-25\/<\/p>\n","protected":false},"excerpt":{"rendered":"<p>A abertura oficial ser\u00e1 realizada na Escola do Mar, em Lu\u00eds Correia, a partir das 8h. &nbsp; A Secretaria das Mulheres do Piau\u00ed (Sempi) lan\u00e7a, na ter\u00e7a-feira (25), a campanha\u00a0 \u201c21 Dias de Ativismo\u201d pelo fim da viol\u00eancia contra as Mulheres, em parceria com as Secretarias de Estado da Educa\u00e7\u00e3o (Seduc), de Turismo (Setur) e [&hellip;]<\/p>\n","protected":false},"author":3,"featured_media":13212,"comment_status":"open","ping_status":"open","sticky":false,"template":"","format":"standard","meta":{"om_disable_all_campaigns":false,"_monsterinsights_skip_tracking":false,"_monsterinsights_sitenote_active":false,"_monsterinsights_sitenote_note":"","_monsterinsights_sitenote_category":0,"footnotes":""},"categories":[33],"tags":[],"class_list":["post-13211","post","type-post","status-publish","format-standard","has-post-thumbnail","hentry","category-piaui"],"jetpack_featured_media_url":"https:\/\/fatoelado.com\/wp-content\/uploads\/2025\/11\/Copia-de-PROGRAMACAO-21-dias-2025-1.png","_links":{"self":[{"href":"https:\/\/fatoelado.com\/index.php?rest_route=\/wp\/v2\/posts\/13211","targetHints":{"allow":["GET"]}}],"collection":[{"href":"https:\/\/fatoelado.com\/index.php?rest_route=\/wp\/v2\/posts"}],"about":[{"href":"https:\/\/fatoelado.com\/index.php?rest_route=\/wp\/v2\/types\/post"}],"author":[{"embeddable":true,"href":"https:\/\/fatoelado.com\/index.php?rest_route=\/wp\/v2\/users\/3"}],"replies":[{"embeddable":true,"href":"https:\/\/fatoelado.com\/index.php?rest_route=%2Fwp%2Fv2%2Fcomments&post=13211"}],"version-history":[{"count":1,"href":"https:\/\/fatoelado.com\/index.php?rest_route=\/wp\/v2\/posts\/13211\/revisions"}],"predecessor-version":[{"id":13213,"href":"https:\/\/fatoelado.com\/index.php?rest_route=\/wp\/v2\/posts\/13211\/revisions\/13213"}],"wp:featuredmedia":[{"embeddable":true,"href":"https:\/\/fatoelado.com\/index.php?rest_route=\/wp\/v2\/media\/13212"}],"wp:attachment":[{"href":"https:\/\/fatoelado.com\/index.php?rest_route=%2Fwp%2Fv2%2Fmedia&parent=13211"}],"wp:term":[{"taxonomy":"category","embeddable":true,"href":"https:\/\/fatoelado.com\/index.php?rest_route=%2Fwp%2Fv2%2Fcategories&post=13211"},{"taxonomy":"post_tag","embeddable":true,"href":"https:\/\/fatoelado.com\/index.php?rest_route=%2Fwp%2Fv2%2Ftags&post=13211"}],"curies":[{"name":"wp","href":"https:\/\/api.w.org\/{rel}","templated":true}]}}